{"id":150000,"date":"2025-10-01T05:16:13","date_gmt":"2025-10-01T05:16:13","guid":{"rendered":"https:\/\/www.europesays.com\/es\/150000\/"},"modified":"2025-10-01T05:16:13","modified_gmt":"2025-10-01T05:16:13","slug":"bruselas-insta-a-los-paises-de-la-ue-que-apliquen-incentivos-fiscales-a-las-cuentas-de-ahorro","status":"publish","type":"post","link":"https:\/\/www.europesays.com\/es\/150000\/","title":{"rendered":"Bruselas insta a los pa\u00edses de la UE que apliquen incentivos fiscales a las cuentas de ahorro"},"content":{"rendered":"<p>La Comisi\u00f3n Europea se propuso, en este segundo mandato de Ursula von der Leyen, avanzar en la integraci\u00f3n del mercado \u00fanico. Debe hacerlo creando una Uni\u00f3n de Ahorro e Inversiones para impulsar la competitividad del bloque, siguiendo las recomendaciones del exprimer ministro italiano, Enrico Letta. Por ello, el Ejecutivo comunitario <b>ha abogado este martes por aplicar incentivos fiscales a las cuentas de ahorro.<\/b><\/p>\n<p>En un intento por profundizar en la uni\u00f3n de mercados de capitales, Bruselas ha propuesto a los Gobiernos comunitarios que impulsen las cuentas de ahorro e inversi\u00f3n para que <b>los inversores minoristas puedan invertir en varios productos financieros, activos, bonos o fondos de inversi\u00f3n.<\/b><\/p>\n<p>Es una de las propuestas que hac\u00eda Letta para impulsar la competitividad comunitaria y <b>no perder la carrera frente a grandes potencias como Estados Unidos o China<\/b>. El bloque comunitario cuenta con grandes niveles de ahorro pero la movilizaci\u00f3n de este capital es escasa, lo que propicia que la financiaci\u00f3n se quede estancada y se pierdan oportunidades que se podr\u00edan canalizar en proyectos de emprendimiento e innovaci\u00f3n.<\/p>\n<p>Las cifras son reflejo de dos din\u00e1micas opuestas con resultados muy divergentes. En Europa el nivel de ahorro ascendi\u00f3 a 33,5 billones de euros en 2022 y <b>mientras el 34% estaba en cuentas corrientes en Estados Unidos la cifra desciende al 14%.<\/b> Por lo que queda evidenciada la necesidad de incentivar el movimiento de capital en la UE de manera que genere rendimientos a los clientes y permita que las empresas puedan acceder a m\u00e1s financiaci\u00f3n, en lugar de recurrir a los habituales cr\u00e9ditos bancarios.<\/p>\n<p>Para tal fin, la Comisi\u00f3n Europea ha recomendado a los pa\u00edses europeos que adopten incentivos fiscales que incentiven la adopci\u00f3n de cuentas de ahorro a trav\u00e9s de un tratamiento fiscal favorable. Bruselas es consciente de que las competencias en fiscalidad corresponden a cada Estado miembro y por eso <b>articula esta idea a modo de sugerencia o recomendaci\u00f3n<\/b>, si bien la adopci\u00f3n de m\u00e1s cuentas de ahorro es un paso clave en la hoja de ruta trazada por Letta.<\/p>\n<p>Entre las sugerencias del Ejecutivo comunitario se cuentan las deducciones de la base imponible, exenciones fiscales, aplazamientos de los impuestos o aplicar una<b> tasa uniforme a los ingresos generados por todos los activos en la cuenta.<\/b> Como a\u00f1adido propone que la transferencia de la catera est\u00e9 exenta de grav\u00e1menes.<\/p>\n<p>Al mismo tiempo, la Comisi\u00f3n Europea recomienda aliviar las obligaciones tributarias de los inversores, para que<b> los proveedores puedan recaudar el impuesto en nombre del inversor o informen a Hacienda <\/b>en la declaraci\u00f3n de la renta.<\/p>\n<p>WhatsApp<a href=\"https:\/\/api.whatsapp.com\/send?text=https:\/\/www.eleconomista.es\/economia\/noticias\/13570337\/09\/25\/bruselas-insta-a-los-paises-de-la-ue-que-apliquen-incentivos-fiscales-a-las-cuentas-de-ahorro.html?utm_source%3Dwhatsapp%26utm_medium%3Dshare_button&amp;id=1648118629957_whatsapp\" target=\"_blank\" data-action=\"share\/whatsapp\/share\" aria-label=\"Compartir en Whatsapp\" rel=\"nofollow noopener\"><\/a>Facebook<a id=\"fb-share\" href=\"#\" target=\"_blank\" rel=\"noopener noreferrer\" aria-label=\"Compartir en Facebook\"><\/a>Twitter<a href=\"https:\/\/twitter.com\/share?text=Bruselas+insta+a+los+pa%C3%ADses+de+la+UE+que+apliquen+incentivos+fiscales+a+las+cuentas+de+ahorro&amp;url=https:\/\/www.eleconomista.es\/economia\/noticias\/13570337\/09\/25\/bruselas-insta-a-los-paises-de-la-ue-que-apliquen-incentivos-fiscales-a-las-cuentas-de-ahorro.html&amp;via=elEconomistaes&amp;id=1648118839245_twitter\" target=\"_blank\" aria-label=\"Compartir en Twitter\" rel=\"nofollow noopener\"><\/a>Linkedin<a href=\"https:\/\/linkedin.com\/share?text=https:\/\/www.eleconomista.es\/economia\/noticias\/13570337\/09\/25\/bruselas-insta-a-los-paises-de-la-ue-que-apliquen-incentivos-fiscales-a-las-cuentas-de-ahorro.html&amp;via=elEconomistaes\" target=\"_blank\" aria-label=\"Compartir en linkedin\" rel=\"nofollow noopener\"><\/a>Beloud<a href=\"https:\/\/beloud.com\/share?text=Bruselas+insta+a+los+pa%C3%ADses+de+la+UE+que+apliquen+incentivos+fiscales+a+las+cuentas+de+ahorro&amp;url=https:\/\/www.eleconomista.es\/economia\/noticias\/13570337\/09\/25\/bruselas-insta-a-los-paises-de-la-ue-que-apliquen-incentivos-fiscales-a-las-cuentas-de-ahorro.html&amp;via=elEconomistaes&amp;id=1648118839245_beloud\" target=\"_blank\" aria-label=\"Compartir en beloud\" rel=\"nofollow noopener\"><\/a>Bluesky<a href=\"https:\/\/bsky.app\/intent\/compose?text=https:\/\/bsky.app\/intent\/compose?text=https:\/\/www.eleconomista.es\/economia\/noticias\/13570337\/09\/25\/bruselas-insta-a-los-paises-de-la-ue-que-apliquen-incentivos-fiscales-a-las-cuentas-de-ahorro.html&amp;url=https:\/\/www.eleconomista.es\/economia\/noticias\/13570337\/09\/25\/bruselas-insta-a-los-paises-de-la-ue-que-apliquen-incentivos-fiscales-a-las-cuentas-de-ahorro.html&amp;via=elEconomistaes&amp;id=1648118839245_bluesky\" target=\"_blank\" aria-label=\"Compartir en bluesky\" rel=\"nofollow noopener\"><\/a><\/p>\n<p><script async src=\"https:\/\/platform.twitter.com\/widgets.js\" charset=\"utf-8\"><\/script><\/p>\n","protected":false},"excerpt":{"rendered":"La Comisi\u00f3n Europea se propuso, en este segundo mandato de Ursula von der Leyen, avanzar en la integraci\u00f3n&hellip;\n","protected":false},"author":2,"featured_media":150001,"comment_status":"","ping_status":"","sticky":false,"template":"","format":"standard","meta":{"footnotes":""},"categories":[80],"tags":[82,5385,95,94,25,24,23],"class_list":{"0":"post-150000","1":"post","2":"type-post","3":"status-publish","4":"format-standard","5":"has-post-thumbnail","7":"category-economia","8":"tag-business","9":"tag-economaa","10":"tag-economia","11":"tag-economy","12":"tag-es","13":"tag-espana","14":"tag-spain"},"share_on_mastodon":{"url":"","error":""},"_links":{"self":[{"href":"https:\/\/www.europesays.com\/es\/wp-json\/wp\/v2\/posts\/150000","targetHints":{"allow":["GET"]}}],"collection":[{"href":"https:\/\/www.europesays.com\/es\/wp-json\/wp\/v2\/posts"}],"about":[{"href":"https:\/\/www.europesays.com\/es\/wp-json\/wp\/v2\/types\/post"}],"author":[{"embeddable":true,"href":"https:\/\/www.europesays.com\/es\/wp-json\/wp\/v2\/users\/2"}],"replies":[{"embeddable":true,"href":"https:\/\/www.europesays.com\/es\/wp-json\/wp\/v2\/comments?post=150000"}],"version-history":[{"count":0,"href":"https:\/\/www.europesays.com\/es\/wp-json\/wp\/v2\/posts\/150000\/revisions"}],"wp:featuredmedia":[{"embeddable":true,"href":"https:\/\/www.europesays.com\/es\/wp-json\/wp\/v2\/media\/150001"}],"wp:attachment":[{"href":"https:\/\/www.europesays.com\/es\/wp-json\/wp\/v2\/media?parent=150000"}],"wp:term":[{"taxonomy":"category","embeddable":true,"href":"https:\/\/www.europesays.com\/es\/wp-json\/wp\/v2\/categories?post=150000"},{"taxonomy":"post_tag","embeddable":true,"href":"https:\/\/www.europesays.com\/es\/wp-json\/wp\/v2\/tags?post=150000"}],"curies":[{"name":"wp","href":"https:\/\/api.w.org\/{rel}","templated":true}]}}