{"id":150002,"date":"2025-10-01T05:17:08","date_gmt":"2025-10-01T05:17:08","guid":{"rendered":"https:\/\/www.europesays.com\/es\/150002\/"},"modified":"2025-10-01T05:17:08","modified_gmt":"2025-10-01T05:17:08","slug":"comunidad-internacional-apoya-fuerza-antipandillas-en-haiti-dw-01-10-2025","status":"publish","type":"post","link":"https:\/\/www.europesays.com\/es\/150002\/","title":{"rendered":"Comunidad internacional apoya fuerza antipandillas en Hait\u00ed \u2013 DW \u2013 01\/10\/2025"},"content":{"rendered":"<p>La comunidad internacional est\u00e1 apoyando la resoluci\u00f3n del Consejo de Seguridad de la <a class=\"internal-link\" href=\"https:\/\/www.dw.com\/es\/onu\/t-17409613\" rel=\"nofollow noopener\" target=\"_blank\">ONU<\/a> que\u00a0 aprob\u00f3 este martes (30.09.2025) una resoluci\u00f3n que transforma la Misi\u00f3n Multinacional de Seguridad (MMAS) en <a class=\"internal-link\" href=\"https:\/\/www.dw.com\/es\/hait\u00ed\/t-17412519\" rel=\"nofollow noopener\" target=\"_blank\">Hait\u00ed<\/a> en una <a class=\"internal-link\" href=\"https:\/\/www.dw.com\/es\/la-onu-aprueba-fuerza-antipandillas-para-hait\u00ed\/a-74193635\" rel=\"nofollow noopener\" target=\"_blank\">fuerza mayor para combatir las pandillas<\/a>, con el objetivo de frenar la violencia en el empobrecido pa\u00eds.<\/p>\n<p>La resoluci\u00f3n presentada por Estados Unidos y Panam\u00e1, que cont\u00f3 con 12 votos a favor y tres abstenciones, prev\u00e9 convertir la Misi\u00f3n en una \u00abnueva fuerza de represi\u00f3n de las bandas\u00bb criminales que tendr\u00e1 un m\u00e1ximo de 5.500 uniformados, es decir cinco veces m\u00e1s que el personal que ten\u00eda la MMAS.\u00a0<\/p>\n<p>\u00abLa comunidad internacional est\u00e1 compartiendo la carga\u00bb, afirm\u00f3 uno de los promotores de la resoluci\u00f3n, Mike Waltz, enviado de Washington ante la ONU.<\/p>\n<p>La MMAS, liderada por Kenia, fue creada en 2023 para reforzar las operaciones de la Polic\u00eda contra las pandillas, que controlan casi la totalidad de la capital del pa\u00eds, Puerto Pr\u00edncipe, y a principios de 2024 obligaron a dimitir al entonces primer ministro, Ariel Henry.<\/p>\n<p>Con poco financiamiento, poco equipamiento y apenas un millar de uniformados de los 2.500 que se esperaban, la MMAS ha tenido escasos resultados en Hait\u00ed.<\/p>\n<p>\u00abEste es un punto de inflexi\u00f3n decisivo en la lucha de mi pa\u00eds contra uno de los desaf\u00edos m\u00e1s graves de su ya turbulenta historia\u00bb, declar\u00f3 el embajador de Hait\u00ed ante la ONU, Pierre Ericq Pierre.<\/p>\n<p>Ante la Asamblea General de la ONU la semana pasada, el presidente del Consejo Presidencial de Transici\u00f3n de Hait\u00ed, Laurent Saint-Cyr, reclam\u00f3 un mayor apoyo internacional para frenar la \u00abguerra\u00bb que padece su pa\u00eds.<\/p>\n<p>\u00abCada d\u00eda, vidas inocentes se extinguen por las balas, el fuego y el miedo. Barrios enteros desaparecen, obligando a m\u00e1s de un mill\u00f3n de personas al exilio interior y destruyendo recuerdos, inversiones e infraestructuras\u00bb, describi\u00f3 Saint-Cyr.<\/p>\n<p>\u00abEste es el rostro de Hait\u00ed hoy: un pa\u00eds en guerra, un Guernica moderno, una tragedia humana a las puertas de Estados Unidos, \u00a1a solo cuatro horas de vuelo de aqu\u00ed!\u00bb, exclam\u00f3 ante la tribuna de la ONU en Nueva York.<\/p>\n<p>Saint-Cyr hab\u00eda expresado su apoyo a la propuesta de Estados Unidos y Panam\u00e1 de convertir la MMAS en una fuerza m\u00e1s s\u00f3lida durante un per\u00edodo inicial de un a\u00f1o.<\/p>\n<p>\u00abRestaurar la paz\u00bb<\/p>\n<p>\u00abEl Consejo puede ayudar a restaurar la paz en una naci\u00f3n ahora asfixiada por pandillas despiadadas\u00bb, declar\u00f3 el embajador de Panam\u00e1 ante la ONU, Eloy Alfaro de Alba, antes de la votaci\u00f3n.<\/p>\n<p>El presidente de Kenia, William Ruto, declar\u00f3 la semana pasada que \u00abcon el personal adecuado, los recursos adecuados, el equipo apropiado y la log\u00edstica necesaria, se puede restablecer la seguridad de Hait\u00ed\u00bb.<\/p>\n<p>La nueva fuerza ir\u00e1 acompa\u00f1ada de la creaci\u00f3n de una \u00aboficina de apoyo de la ONU\u00bb, sugerida hace varios meses por el secretario general, Antonio Guterres, para proporcionar el apoyo log\u00edstico y financiero necesario.<\/p>\n<p>El subsecretario de Estado estadounidense, Christopher Landau, declar\u00f3 la semana pasada: \u00abEste mandato facultar\u00e1 a la fuerza para combatir proactivamente a las pandillas y restablecer la seguridad en Hait\u00ed, garantizando al mismo tiempo que cuente con las herramientas adecuadas para lograr los objetivos previstos de la misi\u00f3n\u00bb.<\/p>\n<p>China hab\u00eda expresado su escepticismo sobre el papel de la MMAS sin una transici\u00f3n pol\u00edtica en Hait\u00ed, pero se abstuvo en la votaci\u00f3n para su creaci\u00f3n en 2023, al igual que Rusia.<\/p>\n<p>Este martes China y Rusia se abstuvieron nuevamente en la votaci\u00f3n.<\/p>\n<p>\u00abEs improbable que recurrir a la fuerza militar para combatir la violencia con violencia en este momento tenga \u00e9xito; incluso podr\u00eda complicar la ya insoluble situaci\u00f3n\u00bb, insisti\u00f3 el embajador chino Fu Cong.<\/p>\n<p>Hait\u00ed, el pa\u00eds m\u00e1s pobre de Am\u00e9rica, sufre desde hace a\u00f1os la <a class=\"internal-link\" href=\"https:\/\/www.dw.com\/es\/m\u00e1s-de-40-civiles-asesinados-en-una-nueva-masacre-en-hait\u00ed\/a-73982336\" rel=\"nofollow noopener\" target=\"_blank\">violencia de las pandillas criminales<\/a>, que cometen asesinatos, violaciones, saqueos y secuestros, en un contexto de inestabilidad pol\u00edtica cr\u00f3nica.<\/p>\n<p>La situaci\u00f3n se ha deteriorado a\u00fan m\u00e1s desde principios de 2024, cuando las bandas obligaron a dimitir al entonces primer ministro, Ariel Henry.<\/p>\n<p>El pa\u00eds, que no ha celebrado elecciones desde 2016, ha sido dirigido desde entonces por un Consejo Presidencial de Transici\u00f3n.<\/p>\n<p>mg (afp, efe)<\/p>\n<p>\u00a0<\/p>\n","protected":false},"excerpt":{"rendered":"La comunidad internacional est\u00e1 apoyando la resoluci\u00f3n del Consejo de Seguridad de la ONU que\u00a0 aprob\u00f3 este martes&hellip;\n","protected":false},"author":2,"featured_media":150003,"comment_status":"","ping_status":"","sticky":false,"template":"","format":"standard","meta":{"footnotes":""},"categories":[42],"tags":[17,18,13,14,11,61,62,63,64,19,20,9,10,15,16,12,21,22,65,66,67],"class_list":{"0":"post-150002","1":"post","2":"type-post","3":"status-publish","4":"format-standard","5":"has-post-thumbnail","7":"category-internacional","8":"tag-breaking-news","9":"tag-breakingnews","10":"tag-featured-news","11":"tag-featurednews","12":"tag-headlines","13":"tag-internacional","14":"tag-international","15":"tag-international-news","16":"tag-internationalnews","17":"tag-latest-news","18":"tag-latestnews","19":"tag-news","20":"tag-noticias","21":"tag-noticias-destacadas","22":"tag-noticiasdestacadas","23":"tag-titulares","24":"tag-ultimas-noticias","25":"tag-ultimasnoticias","26":"tag-world","27":"tag-world-news","28":"tag-worldnews"},"share_on_mastodon":{"url":"","error":""},"_links":{"self":[{"href":"https:\/\/www.europesays.com\/es\/wp-json\/wp\/v2\/posts\/150002","targetHints":{"allow":["GET"]}}],"collection":[{"href":"https:\/\/www.europesays.com\/es\/wp-json\/wp\/v2\/posts"}],"about":[{"href":"https:\/\/www.europesays.com\/es\/wp-json\/wp\/v2\/types\/post"}],"author":[{"embeddable":true,"href":"https:\/\/www.europesays.com\/es\/wp-json\/wp\/v2\/users\/2"}],"replies":[{"embeddable":true,"href":"https:\/\/www.europesays.com\/es\/wp-json\/wp\/v2\/comments?post=150002"}],"version-history":[{"count":0,"href":"https:\/\/www.europesays.com\/es\/wp-json\/wp\/v2\/posts\/150002\/revisions"}],"wp:featuredmedia":[{"embeddable":true,"href":"https:\/\/www.europesays.com\/es\/wp-json\/wp\/v2\/media\/150003"}],"wp:attachment":[{"href":"https:\/\/www.europesays.com\/es\/wp-json\/wp\/v2\/media?parent=150002"}],"wp:term":[{"taxonomy":"category","embeddable":true,"href":"https:\/\/www.europesays.com\/es\/wp-json\/wp\/v2\/categories?post=150002"},{"taxonomy":"post_tag","embeddable":true,"href":"https:\/\/www.europesays.com\/es\/wp-json\/wp\/v2\/tags?post=150002"}],"curies":[{"name":"wp","href":"https:\/\/api.w.org\/{rel}","templated":true}]}}