{"id":150006,"date":"2025-10-01T05:19:18","date_gmt":"2025-10-01T05:19:18","guid":{"rendered":"https:\/\/www.europesays.com\/es\/150006\/"},"modified":"2025-10-01T05:19:18","modified_gmt":"2025-10-01T05:19:18","slug":"la-avivada-de-franco-mastantuono-que-termino-en-penal-y-le-dio-el-primer-gol-al-real-madrid-en-kazajistan-por-la-champions-league","status":"publish","type":"post","link":"https:\/\/www.europesays.com\/es\/150006\/","title":{"rendered":"La avivada de Franco Mastantuono que termin\u00f3 en penal y le dio el primer gol al Real Madrid en Kazajist\u00e1n por la Champions League"},"content":{"rendered":"<p class=\"paragraph\"><b>Franco Mastantuono<\/b> volvi\u00f3 a recibir el respaldo de Xabi Alonso para estar desde el inicio en un partido del <b>Real Madrid<\/b> y devolvi\u00f3 la confianza con una maniobra clave: le hicieron el penal para abrir el marcador <a rel=\"noopener noreferrer nofollow\" href=\"https:\/\/www.infobae.com\/deportes\/2025\/09\/30\/tras-la-derrota-en-el-clasico-el-real-madrid-de-franco-mastantuono-jugara-ante-kairat-almaty-por-champions-league-hora-tv-y-formaciones\/\" target=\"_blank\" title=\"https:\/\/www.infobae.com\/deportes\/2025\/09\/30\/tras-la-derrota-en-el-clasico-el-real-madrid-de-franco-mastantuono-jugara-ante-kairat-almaty-por-champions-league-hora-tv-y-formaciones\/\">ante el <b>Kairat Almaty<\/b><\/a> en el Ortalyq stadion de <b>Kazajist\u00e1n <\/b>por la segunda fecha de la <b>Champions League<\/b>.<\/p>\n<p class=\"paragraph\">El argentino, que inici\u00f3 el partido bien recostado por la banda derecha en una ofensiva que tuvo a <b>Arda G\u00fcler<\/b>, <b>Vinicius Jr.<\/b> y <b>Kylian Mbapp\u00e9<\/b>, fue el protagonista central para que su equipo se vaya al entretiempo 1-0 arriba en el tanteador. <\/p>\n<p class=\"paragraph\">A los 23 minutos del primer tiempo, G\u00fcler quiso meter un pase en profundidad pero <b>Erkin Tapalov<\/b> se interpuso en la trayectoria del bal\u00f3n. Su despeje, que realiz\u00f3 mal parado, termin\u00f3 con el efecto inverso al esperado: el zurdazo defectuoso sali\u00f3 con destino a su propia \u00e1rea pero por caer en la cabeza de su compa\u00f1ero <b>Egor Sorokin<\/b>. El ruso se tom\u00f3 su tiempo y busc\u00f3 darle la posesi\u00f3n a su arquero, pero Mastantuono adivin\u00f3 las intenciones.<\/p>\n<p class=\"paragraph\">El mediocampista de 18 a\u00f1os, que firm\u00f3 su contrato como merengue el pasado 14 de agosto, sali\u00f3 corriendo rumbo al arco del equipo kazajo, agarr\u00f3 la pelota antes que el arquero <b>Sherkhan Kalmurza<\/b> y la punte\u00f3: el guardameta rival, tambi\u00e9n de 18 a\u00f1os, se lo llev\u00f3 puesto. El \u00e1rbitro italiano Marco Guida no dud\u00f3: sancion\u00f3 el penal y <b>Kylian Mbapp\u00e9<\/b> lo cambi\u00f3 por gol.<\/p>\n<p class=\"paragraph\">Otra de las maniobras destacadas de Mastan estuvo con un intento a los 34 minutos de la primera etapa cuando recibi\u00f3 dentro del \u00e1rea tras un buen pase de Mbapp\u00e9. Se movi\u00f3 para un lado, sali\u00f3 para el otro y su disparo con destino de arco se desvi\u00f3 en un rival antes para terminar en el c\u00f3rner.<\/p>\n<p class=\"paragraph\">Minutos antes de abandonar la cancha, a los 62, Vini encabez\u00f3 una contra y sac\u00f3 un env\u00edo largo de lado a lado para conectar con Kiki Mbapp\u00e9. El franc\u00e9s la control\u00f3 en la puerta del \u00e1rea, le dej\u00f3 el espacio al argentino y la jug\u00f3 profunda: Franc\u00f3 sac\u00f3 un remate de derecha cruzado que logr\u00f3 despejar Kalmurza.<\/p>\n<p class=\"paragraph\">En total, complet\u00f3 <b>70 minutos<\/b> de acci\u00f3n hasta que Xabi Alonso decidi\u00f3 reemplazarlo para darle rodaje al atacante brasile\u00f1o <b>Rodrygo <\/b>ya con el partido 2-0. Minutos m\u00e1s tarde, Kylian Mbapp\u00e9 redonde\u00f3 su hat trick con un potente disparo desde afuera del \u00e1rea tras una destacada jugada colectiva del equipo.<\/p>\n<p class=\"paragraph\">El ex River ven\u00eda de disputar un pu\u00f1ado de minutos el \u00faltimo fin de semana en la <a rel=\"noopener noreferrer nofollow\" href=\"https:\/\/www.infobae.com\/deportes\/2025\/09\/27\/en-un-prometedor-derbi-el-atletico-de-julian-alvarez-se-medira-contra-el-real-madrid-de-franco-mastantuono-hora-tv-y-formaciones\/\" target=\"_blank\" title=\"https:\/\/www.infobae.com\/deportes\/2025\/09\/27\/en-un-prometedor-derbi-el-atletico-de-julian-alvarez-se-medira-contra-el-real-madrid-de-franco-mastantuono-hora-tv-y-formaciones\/\"><b>derrota 5-2 del Real ante Atl\u00e9tico<\/b><\/a> en el cl\u00e1sico por la 7\u00aa fecha de La Liga. <b>Mastantuono <\/b>ingres\u00f3 por <b>Arda G\u00fcler<\/b> con media hora de partido por delante, pero tras el <a rel=\"noopener noreferrer nofollow\" href=\"https:\/\/www.infobae.com\/deportes\/2025\/09\/27\/el-golazo-de-tiro-libre-de-julian-alvarez-para-el-triunfo-del-atletico-sobre-real-en-el-clasico-de-madrid-la-reaccion-del-cholo-simeone\/\" target=\"_blank\" title=\"https:\/\/www.infobae.com\/deportes\/2025\/09\/27\/el-golazo-de-tiro-libre-de-julian-alvarez-para-el-triunfo-del-atletico-sobre-real-en-el-clasico-de-madrid-la-reaccion-del-cholo-simeone\/\">golazo de Juli\u00e1n \u00c1lvarez que signific\u00f3 el 4-2<\/a> por lo que no tuvo demasiadas opciones para revertir el destino del partido.<\/p>\n<p class=\"paragraph\">En esta jornada de Champions League, <b>Franco sum\u00f3 la sexta titularidad en ocho presentaciones<\/b> con el Merengue. El argentino ven\u00eda de estar desde el inicio y acumular 62 minutos en el <a rel=\"noopener noreferrer nofollow\" href=\"https:\/\/www.infobae.com\/deportes\/2025\/09\/16\/con-el-posible-debut-de-mastantuono-en-champions-league-real-madrid-recibe-al-olympique-de-marsella-hora-tv-y-probables-formaciones\/\" target=\"_blank\" title=\"https:\/\/www.infobae.com\/deportes\/2025\/09\/16\/con-el-posible-debut-de-mastantuono-en-champions-league-real-madrid-recibe-al-olympique-de-marsella-hora-tv-y-probables-formaciones\/\">triunfo 2-1 sobre Olympique de Marsella<\/a> en el Estadio Santiago Bernab\u00e9u por la primera fecha de la m\u00e1xima cita europea de clubes.<\/p>\n<p class=\"paragraph\">La semana pasada sum\u00f3 su <a rel=\"noopener noreferrer nofollow\" href=\"https:\/\/www.infobae.com\/deportes\/2025\/09\/23\/control-en-velocidad-y-derechazo-al-angulo-el-golazo-de-franco-mastantuono-en-la-visita-del-real-madrid-a-levante\/\" target=\"_blank\" title=\"https:\/\/www.infobae.com\/deportes\/2025\/09\/23\/control-en-velocidad-y-derechazo-al-angulo-el-golazo-de-franco-mastantuono-en-la-visita-del-real-madrid-a-levante\/\">primer grito en la Casa Blanca<\/a> durante la <b>goleada 4-1 del equipo de Xabi Alonso sobre Levante<\/b> y hasta el momento solamente <b>se qued\u00f3 en el banco de suplentes<\/b> sin sumar minutos en la <a rel=\"noopener noreferrer nofollow\" href=\"https:\/\/www.infobae.com\/deportes\/2025\/09\/13\/con-mastantuono-real-madrid-pondra-en-juego-su-liderazgo-en-la-liga-de-espana-ante-real-sociedad-hora-tv-y-probables-formaciones\/\" target=\"_blank\" title=\"https:\/\/www.infobae.com\/deportes\/2025\/09\/13\/con-mastantuono-real-madrid-pondra-en-juego-su-liderazgo-en-la-liga-de-espana-ante-real-sociedad-hora-tv-y-probables-formaciones\/\">victoria 2-1 contra Real Sociedad<\/a> por La Liga, dejando en claro que es una pieza importante para el DT.<\/p>\n<p class=\"paragraph\">Tras la goleada 5-0 en Kazajist\u00e1n, la siguiente actuaci\u00f3n del <b>Real Madrid<\/b> por <b>Champions <\/b>ser\u00e1 el mi\u00e9rcoles 22 de octubre como local ante <b>Juventus de Italia<\/b>. En cuanto al sendero por La Liga, el Merengue \u2013que hab\u00eda ganado los seis partidos previos que disput\u00f3\u2013 ser\u00e1 anfitri\u00f3n del Villarreal por la jornada 8 del certamen el siguiente s\u00e1bado 4 de octubre desde las 16.00 (hora de Argentina).<\/p>\n","protected":false},"excerpt":{"rendered":"Franco Mastantuono volvi\u00f3 a recibir el respaldo de Xabi Alonso para estar desde el inicio en un partido&hellip;\n","protected":false},"author":2,"featured_media":150007,"comment_status":"","ping_status":"","sticky":false,"template":"","format":"standard","meta":{"footnotes":""},"categories":[5],"tags":[17,18,25,24,13,14,11,19,20,9,10,15,16,23,12,21,22],"class_list":{"0":"post-150006","1":"post","2":"type-post","3":"status-publish","4":"format-standard","5":"has-post-thumbnail","7":"category-titulares","8":"tag-breaking-news","9":"tag-breakingnews","10":"tag-es","11":"tag-espana","12":"tag-featured-news","13":"tag-featurednews","14":"tag-headlines","15":"tag-latest-news","16":"tag-latestnews","17":"tag-news","18":"tag-noticias","19":"tag-noticias-destacadas","20":"tag-noticiasdestacadas","21":"tag-spain","22":"tag-titulares","23":"tag-ultimas-noticias","24":"tag-ultimasnoticias"},"share_on_mastodon":{"url":"","error":""},"_links":{"self":[{"href":"https:\/\/www.europesays.com\/es\/wp-json\/wp\/v2\/posts\/150006","targetHints":{"allow":["GET"]}}],"collection":[{"href":"https:\/\/www.europesays.com\/es\/wp-json\/wp\/v2\/posts"}],"about":[{"href":"https:\/\/www.europesays.com\/es\/wp-json\/wp\/v2\/types\/post"}],"author":[{"embeddable":true,"href":"https:\/\/www.europesays.com\/es\/wp-json\/wp\/v2\/users\/2"}],"replies":[{"embeddable":true,"href":"https:\/\/www.europesays.com\/es\/wp-json\/wp\/v2\/comments?post=150006"}],"version-history":[{"count":0,"href":"https:\/\/www.europesays.com\/es\/wp-json\/wp\/v2\/posts\/150006\/revisions"}],"wp:featuredmedia":[{"embeddable":true,"href":"https:\/\/www.europesays.com\/es\/wp-json\/wp\/v2\/media\/150007"}],"wp:attachment":[{"href":"https:\/\/www.europesays.com\/es\/wp-json\/wp\/v2\/media?parent=150006"}],"wp:term":[{"taxonomy":"category","embeddable":true,"href":"https:\/\/www.europesays.com\/es\/wp-json\/wp\/v2\/categories?post=150006"},{"taxonomy":"post_tag","embeddable":true,"href":"https:\/\/www.europesays.com\/es\/wp-json\/wp\/v2\/tags?post=150006"}],"curies":[{"name":"wp","href":"https:\/\/api.w.org\/{rel}","templated":true}]}}