{"id":150009,"date":"2025-10-01T05:22:11","date_gmt":"2025-10-01T05:22:11","guid":{"rendered":"https:\/\/www.europesays.com\/es\/150009\/"},"modified":"2025-10-01T05:22:11","modified_gmt":"2025-10-01T05:22:11","slug":"las-4-mejores-peleas-de-alex-pereira-en-ufc","status":"publish","type":"post","link":"https:\/\/www.europesays.com\/es\/150009\/","title":{"rendered":"Las 4 mejores peleas de Alex Pereira en UFC"},"content":{"rendered":"<p>                        Poatan regresa al ruedo para volver a retar a Magomed Ankalaev por el cintur\u00f3n del peso semipesado\n<\/p>\n<p><img src=\"https:\/\/www.mundodeportivo.com\/files\/image_449_220\/files\/fp\/uploads\/2024\/10\/08\/6704d2c1ea587.r_d.990-536.jpeg\" data-full-src=\"https:\/\/www.europesays.com\/es\/wp-content\/uploads\/2025\/10\/6704d2c1ea587.jpeg\" alt=\"Alex Pereira, candidato al mejor peleador de 2025 con sus tres defensas del cintur\u00f3n en menos de un a\u00f1o\" width=\"449\" height=\"220\" class=\"nolazy\" decoding=\"async\" fetchpriority=\"high\"\/><\/p>\n<p class=\"caption-title \">Alex Pereira, ensangrentado, en su victoria ante Khalil Rountree J\u00fanior en UFC<\/p>\n<p>UFC<\/p>\n<ul>\n<li style=\"vertical-align:top\">\n<\/li>\n<\/ul>\n<p>\n                        Actualizado a  01\/10\/2025 07:00 CEST\n                    <\/p>\n<p data-gtm-element-container=\"modulo-texto-link\" class=\"paragraph\">Doble campe\u00f3n de UFC en dos a\u00f1os, leyenda en el kickboxing a nivel hist\u00f3rico y un reinado de miedo. Resumir a Alex Pereira en tres caracter\u00edsticas es tan sencillo como aterrador: desde su llegada a la compa\u00f1\u00eda de Dana White, el brasile\u00f1o ha destruido todo aquello que ha tocado, y ha cimentado un legado que, al igual que aquel que ya construy\u00f3 en GLORY, perdurar\u00e1 en el recorrido vital del deporte para siempre. V\u00edctima a v\u00edctima, el incontestable r\u00e9cord del ex campe\u00f3n de la corporaci\u00f3n ha dejado noches de ensue\u00f1o, que explican su leyenda a la perfecci\u00f3n.<\/p>\n<p>            <img loading=\"lazy\" decoding=\"async\" data-full-src=\"https:\/\/www.mundodeportivo.com\/uploads\/2024\/05\/07\/6639eda9c5096.png\" alt=\"Adesanya vs Pereira 1\" width=\"449\" height=\"220\" src=\"https:\/\/www.europesays.com\/es\/wp-content\/uploads\/2025\/10\/6639eda9c5096.png\" class=\"lazy\"\/><\/p>\n<p>            1<\/p>\n<p>    Israel Adesanya vs Alex Pereira 1\u00a0<br \/>\nUFC 281 | 12 de noviembre del 2022<\/p>\n<p class=\"module-text\">Israel Adesanya dijo en una entrevista que Pereira estaba destinado a vivir borracho de bar en bar en Brasil, mientras ve\u00eda sus combates y dec\u00eda a sus compa\u00f1eros de bebida: \u00abUna vez llegu\u00e9 a vencer a este tipo\u00bb. The Last Stylebender supo, a\u00f1os m\u00e1s tarde, que hab\u00eda cometido un error garrafal. Poatan transicion\u00f3 hacia las MMA, fich\u00f3 por la UFC en el a\u00f1o 2021 y entr\u00f3 con una misi\u00f3n clara: acabar con el reinado del nigeriano y hacer pagar sus palabras.<br \/>\u200b<br \/>\u200bV\u00edctima a v\u00edctima, el brasile\u00f1o alcanz\u00f3 su sue\u00f1o y consigui\u00f3 competir contra un tipo al que ya arruin\u00f3 sus d\u00edas de gloria en el kickboxing. Aquella noche de noviembre, puso el primer clavo de su declive deportivo: Alex Pereira noque\u00f3 a Israel Adesanya en el quinto asalto despu\u00e9s de un combate donde supo sufrir y descifrar la t\u00e1ctica de su oponente. La peor pesadilla de The Last Stylebender acababa de suceder.<\/p>\n<p>            <img loading=\"lazy\" decoding=\"async\" data-full-src=\"https:\/\/www.mundodeportivo.com\/uploads\/2025\/10\/01\/68dc703d6aae5.png\" alt=\"Alex Pereira, mientras noquea a Sean Strickland\" width=\"449\" height=\"220\" src=\"https:\/\/www.europesays.com\/es\/wp-content\/uploads\/2025\/10\/68dc703d6aae5.png\" class=\"lazy\"\/><\/p>\n<p>            2<\/p>\n<p>    Alex Pereira vs Sean Strickland<br \/>\nUFC 276 | 2 de julio del 2022<\/p>\n<p class=\"module-text\">El golpe definitivo de Alex Pereira sobre la mesa. Nadie dudaba de las posibilidades de Poatan como striker pero, despu\u00e9s de dejar GLORY con un recorrido hist\u00f3rico, hab\u00eda llegado a un nuevo h\u00e1bitat. Esto era MMA y, la liga, era la propia UFC, el conglomerado de artes marciales mixtas m\u00e1s grande del planeta. El brasile\u00f1o enfrent\u00f3 su primera gran prueba de fuego en Sean Strickland, competidor que hab\u00eda crecido en los rankings y que, m\u00e1s tarde, ser\u00eda monarca del peso medio tras vencer a Israel Adesanya en una de las sorpresas m\u00e1s grandes del deporte.<br \/>\u200b<br \/>\u200bAlex Pereira sac\u00f3 a relucir su ya cl\u00e1sico cruzado de izquierdas y apag\u00f3 las luces del americano. Strickland, m\u00e1s tarde, compartir\u00eda gimnasio con Poatan, construir\u00edan una buena relaci\u00f3n y, a d\u00eda de hoy, son compa\u00f1eros de entrenamiento y amigos que ayudan a cada uno en sus preparaciones. Poatan ha estado, incluso, en la esquina del ex campe\u00f3n en varios de sus combates.<\/p>\n<p>            <img loading=\"lazy\" decoding=\"async\" data-full-src=\"https:\/\/www.mundodeportivo.com\/uploads\/2024\/04\/14\/661b6f4ac7468.jpeg\" alt=\"Horizontal\" width=\"449\" height=\"220\" src=\"https:\/\/www.europesays.com\/es\/wp-content\/uploads\/2025\/10\/661b6f4ac7468.r_d.2131-1181-1040.jpeg\" class=\"lazy\"\/><\/p>\n<p>            3<\/p>\n<p>    Alex Pereira vs Jamahal Hill<br \/>\nUFC 300 | 13 de abril del 2024<\/p>\n<p class=\"module-text\">Cuestionado por su \u00faltimo desempe\u00f1o en el oct\u00e1gono ante Jan B\u0142achowicz, Alex Pereira hab\u00eda recibido la oportunidad de competir por el doble campeonato en la velada m\u00e1s importante de la historia de la compa\u00f1\u00eda. Muchos pusieron en entredicho su capacidad noqueadora, poder de venta en cuanto a PPV y estrategia dentro del oct\u00e1gono ante un Jamahal Hill que, pese a regresar a por el cintur\u00f3n tras una larga lesi\u00f3n, hab\u00eda dominado a Glover Teixeira en su \u00faltimo combate como profesional.<br \/>\u200b<br \/>\u200bLa semana estuvo caracterizada por las fuertes ofensivas lanzadas por Hill en forma de &#8216;trash-talk&#8217;. Poatan, m\u00e1s reservado, guard\u00f3 para aquella madrugada de domingo un crochet de izquierda que dio la vuelta al mundo y que vali\u00f3 para sus intereses una haza\u00f1a her\u00f3ica: el brasile\u00f1o hab\u00eda conseguido, en algo m\u00e1s de dos a\u00f1os con la compa\u00f1\u00eda, ser doble campe\u00f3n de la UFC en dos de las m\u00e1s temibles categor\u00edas de su historia.<\/p>\n<p>            <img loading=\"lazy\" decoding=\"async\" data-full-src=\"https:\/\/www.mundodeportivo.com\/uploads\/2024\/06\/30\/6680f4df2b156.jpeg\" alt=\"LAS VEGAS, NEVADA - JUNE 29: (R-L) Alex Pereira of Brazil kicks Jiri Prochazka of the Czech Republic in the UFC light heavyweight championship fight during the UFC 303 event at T-Mobile Arena on June 29, 2024 in Las Vegas, Nevada. (Photo by Chris Unger\/Zuffa LLC via Getty Images)\" width=\"449\" height=\"220\" src=\"https:\/\/www.europesays.com\/es\/wp-content\/uploads\/2025\/10\/6680f4df2b156.r_d.1000-489.jpeg\" class=\"lazy\"\/><\/p>\n<p>            4<\/p>\n<p>    Alex Pereira vs\u00a0Ji\u0159\u00ed Proch\u00e1zka 2<br \/>\nUFC 303 | 29 de junio del 2024<\/p>\n<p class=\"module-text\">Dos dedos rotos y una pelea en corto aviso que culmin\u00f3 con un fat\u00eddico KO para\u00a0Ji\u0159\u00ed Proch\u00e1zka. La semana loca de la UFC del pasado mes de junio del 2024 tuvo el protagonismo innegable de Alex Pereira y del competidor checo. Conor McGregor hab\u00eda sufrido una rotura en uno de sus dedos del pie y, decididos, tanto Poatan como el ex campe\u00f3n decidieron salvar el evento n\u00famero 303 del conglomerado en una revancha por el t\u00edtulo del peso semipesado que ostentaba el brasile\u00f1o.<br \/>\u200b<br \/>\u200bLa inteligencia y perspicacia son tambi\u00e9n factores de vital importancia para las artes marciales mixtas. Alex Pereira prest\u00f3 atenci\u00f3n al televisor de su vestuario, y comprob\u00f3 que\u00a0Ji\u0159\u00ed Proch\u00e1zka s\u00f3lo hab\u00eda trabajado la defensa en su pateo a las piernas, ese que cost\u00f3 su primera derrota ante Poatan en el pasado. El brasile\u00f1o sali\u00f3 decidido y, en un cambio de planes total y absoluto, pate\u00f3 por primera vez la cabeza del checo al inicio del segundo asalto para mandar de nuevo a dormir al ex monarca y defender por primera vez su corona de las 205 libras. Y este s\u00ed que hab\u00eda decidido pelear con un dedo del pie roto. Punto anotado para la realizaci\u00f3n de la UFC.<\/p>\n<p>    Lee tambi\u00e9n<\/p>\n<p>\u00bfC\u00f3mo, d\u00f3nde y cu\u00e1ndo ver el UFC 320?<\/p>\n<p data-gtm-element-container=\"modulo-texto-link\" class=\"paragraph\">La velada se podr\u00e1 ver a trav\u00e9s de la aplicaci\u00f3n de HBO MAX, en el paquete de deportes que oferta Eurosport.\u00a0La cartelera preliminar comenzar\u00e1 a las 02:00 horas de la madrugada del s\u00e1bado 4 al domingo 5 de octubre, a partir de las 02:00 en HBO Max y la principal a partir de las 04:00 horas.<\/p>\n<p>\n        Mostrar comentarios\n    <\/p>\n<p>{\u00aballowComment\u00bb:\u00bballowed\u00bb,\u00bbarticleId\u00bb:\u00bbarticle-1002542505&#8243;,\u00bburl\u00bb:\u00bbhttps:\\\/\\\/www.mundodeportivo.com\\\/ufc\\\/20251001\\\/1002542505\\\/vuelve-hombre-mas-temido-ultimos-anos-5-peleas-mas-historicas-alex-pereira-ufc.html\u00bb,\u00bblivefyre-url\u00bb:\u00bbarticle-1002542505&#8243;}<\/p>\n<p>Cargando siguiente contenido&#8230;\n                <\/p>\n","protected":false},"excerpt":{"rendered":"Poatan regresa al ruedo para volver a retar a Magomed Ankalaev por el cintur\u00f3n del peso semipesado Alex&hellip;\n","protected":false},"author":2,"featured_media":150010,"comment_status":"","ping_status":"","sticky":false,"template":"","format":"standard","meta":{"footnotes":""},"categories":[276],"tags":[168,25,24,23,167,343],"class_list":{"0":"post-150009","1":"post","2":"type-post","3":"status-publish","4":"format-standard","5":"has-post-thumbnail","7":"category-ufc","8":"tag-deportes","9":"tag-es","10":"tag-espana","11":"tag-spain","12":"tag-sports","13":"tag-ufc"},"share_on_mastodon":{"url":"","error":""},"_links":{"self":[{"href":"https:\/\/www.europesays.com\/es\/wp-json\/wp\/v2\/posts\/150009","targetHints":{"allow":["GET"]}}],"collection":[{"href":"https:\/\/www.europesays.com\/es\/wp-json\/wp\/v2\/posts"}],"about":[{"href":"https:\/\/www.europesays.com\/es\/wp-json\/wp\/v2\/types\/post"}],"author":[{"embeddable":true,"href":"https:\/\/www.europesays.com\/es\/wp-json\/wp\/v2\/users\/2"}],"replies":[{"embeddable":true,"href":"https:\/\/www.europesays.com\/es\/wp-json\/wp\/v2\/comments?post=150009"}],"version-history":[{"count":0,"href":"https:\/\/www.europesays.com\/es\/wp-json\/wp\/v2\/posts\/150009\/revisions"}],"wp:featuredmedia":[{"embeddable":true,"href":"https:\/\/www.europesays.com\/es\/wp-json\/wp\/v2\/media\/150010"}],"wp:attachment":[{"href":"https:\/\/www.europesays.com\/es\/wp-json\/wp\/v2\/media?parent=150009"}],"wp:term":[{"taxonomy":"category","embeddable":true,"href":"https:\/\/www.europesays.com\/es\/wp-json\/wp\/v2\/categories?post=150009"},{"taxonomy":"post_tag","embeddable":true,"href":"https:\/\/www.europesays.com\/es\/wp-json\/wp\/v2\/tags?post=150009"}],"curies":[{"name":"wp","href":"https:\/\/api.w.org\/{rel}","templated":true}]}}