{"id":150017,"date":"2025-10-01T05:29:10","date_gmt":"2025-10-01T05:29:10","guid":{"rendered":"https:\/\/www.europesays.com\/es\/150017\/"},"modified":"2025-10-01T05:29:10","modified_gmt":"2025-10-01T05:29:10","slug":"kerem-bursin-y-hadise-aparecen-juntos-en-la-milan-fashion-week-entre-rumores-de-una-posible-relacion","status":"publish","type":"post","link":"https:\/\/www.europesays.com\/es\/150017\/","title":{"rendered":"Kerem B\u00fcrsin y Hadise aparecen juntos en la Milan Fashion Week entre rumores de una posible relaci\u00f3n"},"content":{"rendered":"<p data-journey-content=\"true\" data-node-id=\"3\" class=\"css-6wxqfj emevuu60\">Aunque hace solo unos d\u00edas os habl\u00e1bamos de la<a href=\"https:\/\/www.diezminutos.es\/telenovela\/turcas\/a68001370\/melisa-sabanci-novia-kerem-bursin-prima-novio-hande-ercel\/\" target=\"_blank\" data-vars-ga-outbound-link=\"https:\/\/www.diezminutos.es\/telenovela\/turcas\/a68001370\/melisa-sabanci-novia-kerem-bursin-prima-novio-hande-ercel\/\" data-vars-ga-ux-element=\"Hyperlink\" data-vars-ga-call-to-action=\" nueva relaci\u00f3n sentimental\" data-node-id=\"3.1\" class=\"body-link css-177bzfx emevuu60\" rel=\"nofollow noopener\"> nueva relaci\u00f3n sentimental<\/a> de nuestro querido <strong data-node-id=\"3.3\">actor turco <\/strong><a href=\"https:\/\/www.diezminutos.es\/telenovela\/turcas\/a61896880\/kerem-bursin-divinity-serie-turca-quiereme-siempre\/\" target=\"_blank\" data-vars-ga-outbound-link=\"https:\/\/www.diezminutos.es\/telenovela\/turcas\/a61896880\/kerem-bursin-divinity-serie-turca-quiereme-siempre\/\" data-vars-ga-ux-element=\"Hyperlink\" data-vars-ga-call-to-action=\"Kerem B\u00fcrsin\" data-node-id=\"3.4\" data-mrf-link=\"https:\/\/www.diezminutos.es\/telenovela\/turcas\/a61896880\/kerem-bursin-divinity-serie-turca-quiereme-siempre\/\" class=\"body-link css-177bzfx emevuu60\" rel=\"nofollow noopener\"><strong data-node-id=\"3.4.0\">Kerem B\u00fcrsin<\/strong><\/a> con la empresaria <strong data-node-id=\"3.6\">Melisa Sabanci Tapan &#8211;<\/strong>romance que ambos han confirmado-, ahora han vuelto a saltar a la palestra rumores de un idilio entre el <strong data-node-id=\"3.8\">actor turco y la cantante Hadise<\/strong>, del que ya se habl\u00f3 el a\u00f1o pasado, cuando ambos <a href=\"https:\/\/www.diezminutos.es\/telenovela\/turcas\/a62149916\/kerem-bursin-cantante-hadise-rumores-noviazgo-festival-de-cine-de-venecia\/\" target=\"_blank\" data-vars-ga-outbound-link=\"https:\/\/www.diezminutos.es\/telenovela\/turcas\/a62149916\/kerem-bursin-cantante-hadise-rumores-noviazgo-festival-de-cine-de-venecia\/\" data-vars-ga-ux-element=\"Hyperlink\" data-vars-ga-call-to-action=\"acudieron juntos al Festival de Cine de Venecia\" data-node-id=\"3.10\" class=\"body-link css-177bzfx emevuu60\" rel=\"nofollow noopener\">acudieron juntos al Festival de Cine de Venecia<\/a>. Y es que han vuelto a aparecer muy compenetrados -y sobre todo tremendamente elegantes- en otro gran evento p\u00fablico, la <strong data-node-id=\"3.12\">Fashion Week de Mil\u00e1n<\/strong>.<\/p>\n<p><img draggable=\"true\" alt=\"kerem bursin y hadise\" title=\"kerem bursin y hadise\" loading=\"lazy\" width=\"1440\" height=\"1918\" decoding=\"async\" data-nimg=\"1\" style=\"color:transparent;width:100%;height:auto;\"   src=\"https:\/\/www.europesays.com\/es\/wp-content\/uploads\/2025\/10\/hadise-1759072671-3731694500197236590-26352342-68dbc1649d03d.jpg\" class=\"css-0 e1g79fud0\"\/><\/p>\n<p>instagram<\/p>\n<p data-journey-content=\"true\" data-node-id=\"7\" class=\"css-6wxqfj emevuu60\">Como ya sucedi\u00f3 en el Festival de Cine de Venecia, el actor y la cantante estuvieron juntos pr\u00e1cticamente todo el tiempo, se desplazaron en el mismo veh\u00edculo y llegaron a la par al evento. Por eso, <strong data-node-id=\"7.1\">se ha vuelto a hablar de una posible relaci\u00f3n<\/strong>, pese a que el protagonista de &#8216;<strong data-node-id=\"7.3\">Love is in the air&#8217; <\/strong>y del reciente \u00e9xito<strong data-node-id=\"7.5\"> <a href=\"https:\/\/www.diezminutos.es\/telenovela\/turcas\/a68108849\/platonik-ask-recomendacion-experta-series-turcas-netflix\/\" target=\"_blank\" data-vars-ga-outbound-link=\"https:\/\/www.diezminutos.es\/telenovela\/turcas\/a68108849\/platonik-ask-recomendacion-experta-series-turcas-netflix\/\" data-vars-ga-ux-element=\"Hyperlink\" data-vars-ga-call-to-action=\"&#039;Platonik ask&#039;\" data-node-id=\"7.5.1\" class=\"body-link css-177bzfx emevuu60\" rel=\"nofollow noopener\">&#8216;Platonik ask&#8217;<\/a> <\/strong>ya desminti\u00f3 en su momento que hubiera entre ellos algo m\u00e1s que una amistad: \u00abAmo a Hadise y la respeto mucho. Desafortunadamente, no hay nada entre nosotros\u00bb. <strong data-node-id=\"7.7\">Entonces, \u00bfqu\u00e9 les une realmente?<\/strong><\/p>\n<p>\u00bfQu\u00e9 hay entre Kerem B\u00fcrsin y Hadise?<\/p>\n<p data-journey-content=\"true\" data-node-id=\"15\" class=\"css-6wxqfj emevuu60\">Pues parece ser que Kerem y Hadise tienen una <strong data-node-id=\"15.1\">relaci\u00f3n profesional<\/strong> y ambos son imagen de <strong data-node-id=\"15.3\">Dolce &amp; Gabbana;<\/strong> al menos eso se intuye viendo las fotograf\u00edas que los dos han compartido en sus cuentas de Instagram. En ellas, el actor publica un repertorio de im\u00e1genes donde se le puede ver <strong data-node-id=\"15.5\">posando con ella<\/strong>, en el coche, llegando a uno de los emblem\u00e1ticos lugares de Mil\u00e1n donde se exhiben los desfiles, y tambi\u00e9n otras de \u00e9l solo. Por su parte, Hadise hace lo propio: muchas instant\u00e1neas de ella posando sola y, adem\u00e1s, las mismas que comparte Kerem de los dos.<\/p>\n<p data-journey-content=\"true\" data-node-id=\"18\" class=\"css-6wxqfj emevuu60\">La particularidad es que en todas ellas mencionan a Dolce &amp; Gabbana, incluso en algunas Hadise posa bajo un cartel de la marca y en otras, B\u00fcrsin, lo hace con un bolso de esos dise\u00f1adores. As\u00ed que, <strong data-node-id=\"18.1\">Melisa, la novia del actor, no tiene de qu\u00e9 preocuparse<\/strong>, porque parece que la relaci\u00f3n entre el artista y la empresaria no est\u00e1 amenazada, por muchos rumores que surjan, ya que el v\u00ednculo entre Kerem B\u00fcrsin y Hadise es meramente profesional. <\/p>\n<p><img src=\"https:\/\/www.europesays.com\/es\/wp-content\/uploads\/2025\/10\/ded5e1ed-0131-401e-b7e8-7a68de80543b_1684752816.file\" alt=\"Headshot of Vilma Degorgue Alegre\" title=\"Headshot of Vilma Degorgue Alegre\" width=\"100%\" height=\"100%\" decoding=\"async\" loading=\"lazy\" class=\"css-o0wq4v ev8dhu53\"\/><\/p>\n<p>Vilma Degorgue es una experimentada periodista, con 30 a\u00f1os de recorrido profesional. Entre otras cosas, est\u00e1 especializada en contenidos de televisi\u00f3n, principalmente ficci\u00f3n y, m\u00e1s concretamente, en series turcas y latinoamericanas. Lleva desde el a\u00f1o 2000 entrevistando a actores y actrices mexicanos, colombianos, argentinos, chilenos, etc, y hasta 2020 estuvo viajando a diversos pa\u00edses de Am\u00e9rica Latina y Estados Unidos (Miami, Venezuela, M\u00e9xico, Colombia, Chile, Argentina, Per\u00fa) para cubrir grabaciones de series\/telenovelas que despu\u00e9s se emit\u00edan en Espa\u00f1a, y para entrevistar a los actores que formaban parte de ellas. \u00a0\u00a0\u00a0<\/p>\n<p>Desde que irrumpieron las telenovelas turcas, se ha especializado en estos productos, entrevistando a los actores que trabajan en ellas y estando al tanto de cualquier novedad en relaci\u00f3n a las ficciones y los int\u00e9rpretes de ese pa\u00eds. \u00a0\u00a0<\/p>\n<p>Nacida en Barcelona, se licenci\u00f3 en Periodismo, en 1993, en la Universidad Aut\u00f3noma de la ciudad condal, cursando dos Erasmus, uno en Francia (Grenoble) y otro en Gran Breta\u00f1a (Cardiff). Comenz\u00f3 su carrera en su ciudad natal, trabajando en Europa Press Catalunya, pero al a\u00f1o se traslad\u00f3 a Madrid, y desde 1995 trabaja en la capital de Espa\u00f1a. Ha pasado por agencias (Europa Press, Euroimagen), televisi\u00f3n (Antena3, Telecinco, RTVE y Telemadrid), revistas (Teleindiscreta, Telenovela, colaboraciones en Lecturas y Semana) y ha sido coordinadora del Portal del Consumidor de la Comunidad de Madrid. Estos a\u00f1os de experiencia, y gracias a tres idiomas que habla (franc\u00e9s, ingl\u00e9s y alem\u00e1n, adem\u00e1s de su catal\u00e1n natal) le han permitido viajar por todo el mundo para entrevistar a personajes de la vida p\u00fablica y realizar reportajes casi todos relacionados con el mundo art\u00edstico y social. \u00a0\u00a0\u00a0<\/p>\n<p>Desde el a\u00f1o 2000 est\u00e1 vinculada, entre otras empresas, a la revista Telenovela (que ahora forma parte de Diez Minutos) y, desde su paso por el Portal del Consumidor de la Comunidad de Madrid (2006-2016), se ha especializado en prensa e informaci\u00f3n digital, gracias a cursos y experiencia en webs y portales de informaci\u00f3n en internet. En los \u00faltimos a\u00f1os, ha creado dos peri\u00f3dicos digitales, <a href=\"https:\/\/elmiradordemadrid.es\/\" target=\"_blank\" rel=\"nofollow noopener\">www.elmiradordemadrid.es<\/a> y <a href=\"https:\/\/elmiradordebenidorm.es\/\" target=\"_blank\" rel=\"nofollow noopener\">www.elmiradordebenidorm.es<\/a>, que son de su propiedad y gestiona junto con otros colaboradores. \u00a0\u00a0<\/p>\n","protected":false},"excerpt":{"rendered":"Aunque hace solo unos d\u00edas os habl\u00e1bamos de la nueva relaci\u00f3n sentimental de nuestro querido actor turco Kerem&hellip;\n","protected":false},"author":2,"featured_media":150018,"comment_status":"","ping_status":"","sticky":false,"template":"","format":"standard","meta":{"footnotes":""},"categories":[174],"tags":[255,253,146,147,25,24,256,23],"class_list":{"0":"post-150017","1":"post","2":"type-post","3":"status-publish","4":"format-standard","5":"has-post-thumbnail","7":"category-famosos","8":"tag-celebrities","9":"tag-discover","10":"tag-entertainment","11":"tag-entretenimiento","12":"tag-es","13":"tag-espana","14":"tag-famosos","15":"tag-spain"},"share_on_mastodon":{"url":"","error":""},"_links":{"self":[{"href":"https:\/\/www.europesays.com\/es\/wp-json\/wp\/v2\/posts\/150017","targetHints":{"allow":["GET"]}}],"collection":[{"href":"https:\/\/www.europesays.com\/es\/wp-json\/wp\/v2\/posts"}],"about":[{"href":"https:\/\/www.europesays.com\/es\/wp-json\/wp\/v2\/types\/post"}],"author":[{"embeddable":true,"href":"https:\/\/www.europesays.com\/es\/wp-json\/wp\/v2\/users\/2"}],"replies":[{"embeddable":true,"href":"https:\/\/www.europesays.com\/es\/wp-json\/wp\/v2\/comments?post=150017"}],"version-history":[{"count":0,"href":"https:\/\/www.europesays.com\/es\/wp-json\/wp\/v2\/posts\/150017\/revisions"}],"wp:featuredmedia":[{"embeddable":true,"href":"https:\/\/www.europesays.com\/es\/wp-json\/wp\/v2\/media\/150018"}],"wp:attachment":[{"href":"https:\/\/www.europesays.com\/es\/wp-json\/wp\/v2\/media?parent=150017"}],"wp:term":[{"taxonomy":"category","embeddable":true,"href":"https:\/\/www.europesays.com\/es\/wp-json\/wp\/v2\/categories?post=150017"},{"taxonomy":"post_tag","embeddable":true,"href":"https:\/\/www.europesays.com\/es\/wp-json\/wp\/v2\/tags?post=150017"}],"curies":[{"name":"wp","href":"https:\/\/api.w.org\/{rel}","templated":true}]}}