{"id":150019,"date":"2025-10-01T05:31:09","date_gmt":"2025-10-01T05:31:09","guid":{"rendered":"https:\/\/www.europesays.com\/es\/150019\/"},"modified":"2025-10-01T05:31:09","modified_gmt":"2025-10-01T05:31:09","slug":"javier-castillo-presenta-el-susurro-del-fuego-en-el-aula-de-cultura-de-sur","status":"publish","type":"post","link":"https:\/\/www.europesays.com\/es\/150019\/","title":{"rendered":"Javier Castillo presenta &#8216;El susurro del fuego&#8217; en el Aula de Cultura de SUR"},"content":{"rendered":"<p>\u00abTodos ardemos por dentro deseando despertar\u00bb, escrib\u00eda hace unas horas Javier Castillo en sus redes sociales. Una frase potente y enigm\u00e1tica que cobrar\u00e1 sentido  &#8230; hoy, cuando muchos empiecen a devorar las p\u00e1ginas de &#8216;El susurro del fuego&#8217; (Suma). Javier Castillo vuelve a las librer\u00edas este mi\u00e9rcoles con su octava novela de suspense, pero la primera ambientada en Espa\u00f1a, en Canarias. Un regreso que, como ya es tradici\u00f3n, celebrar\u00e1 tambi\u00e9n en casa. El escritor malague\u00f1o presentar\u00e1 y firmar\u00e1 ejemplares de su nuevo libro el 8 de octubre en el Aula de Cultura de SUR, en un encuentro con el periodista Paco Gri\u00f1\u00e1n en el Cine Alb\u00e9niz. El evento, con el patrocinio de Fundaci\u00f3n Unicaja y Cervezas Victoria, comenzar\u00e1 a las 18.30 horas, con entrada libre hasta completar aforo.<\/p>\n<p><a href=\"http:\/\/www.diariosur.es\/culturas\/paloma-san-basilio-javier-goma-nativel-preciado-20250905002806-nt.html#vtm_modulosEngag=mod-rel:culturas:noticia:1:cmp:1-not\" class=\"v-a-link\" aria-label=\"Imagen\" rel=\"nofollow noopener\" target=\"_blank\"><\/p>\n<p><img decoding=\"async\" loading=\"lazy\" src=\"https:\/\/www.europesays.com\/es\/wp-content\/uploads\/2025\/10\/newspaint-1757065266483-1200x840-U230149587506425E--366x256@Diario Sur.jpg\" class=\"v-a-img\" width=\"258\" height=\"180\" alt=\"\" data-voc-vtm-id=\"in-text-traffic\"\/><\/p>\n<p><\/a><\/p>\n<p class=\"v-p\">El fen\u00f3meno del &#8216;thriller&#8217; en espa\u00f1ol, con 2,5 millones de libros vendidos, asegura que este es su libro \u00abm\u00e1s emocional y trascendental\u00bb. Trata de la vida, la muerte, el amor, el dolor, la p\u00e9rdida, la familia\u2026 \u00abY, sobre todo, hay un mensaje escondido de fondo: esa llama interior que todos tenemos\u00bb, a\u00f1ade. Un fuego \u00abque ruge por debajo\u00bb de nosotros y que justifica la localizaci\u00f3n de la trama en las volc\u00e1nicas Canarias. Mario y Laura Ardoz, hermanos mellizos, visitan las islas: \u00e9l acaba de recibir su \u00faltima sesi\u00f3n de quimioterapia; ella cree que ese viaje es la mejor manera de volver a empezar tras el c\u00e1ncer. Pero Mario sufre una reca\u00edda que lo mantiene ingresado en el hospital un par de d\u00edas. A su salida descubre que su hermana ha desaparecido y su m\u00f3vil la ubica en un paraje desolado por la lava. Se inicia as\u00ed una b\u00fasqueda contrarreloj y una lucha con el fuego que parece abrirse bajo sus pies.<\/p>\n<p>\nAmbienta la trama en las volc\u00e1nicas islas Canarias, como s\u00edmil de esa \u00abllama interior que todos tenemos\u00bb\n<\/p>\n<p class=\"v-p\">\u00abLa novela busca convertirse en esa peque\u00f1a llama que avive la vida de la gente\u00bb, declara el escritor superventas. Porque, m\u00e1s all\u00e1 de contener un gran misterio, con los giros cl\u00e1sicos del &#8216;thriller&#8217;, en este libro \u00ablo importante no es tanto resolver lo que ocurre, sino lo que ocurre dentro de ti conforme lo vas leyendo\u00bb. <\/p>\n<p class=\"v-p\">Acostumbrado a hacer de Nueva York el escenario de sus historias, Castillo cambia ahora por completo de plat\u00f3. Reconoce que llevaba tiempo queriendo acercar la trama a Espa\u00f1a, pero necesitaba encontrar algo que le diera un sentido global a todo. Y un suceso que vivi\u00f3 en Canarias encendi\u00f3 la chispa. En un viaje familiar, durante una visita a la ermita de San Telmo en Tenerife, un chico sufri\u00f3 un desmayo por una bajada de az\u00facar y su pareja, y todos los que estaban alrededor, se volcaron en ayudarle. Aquella an\u00e9cdota le hizo pensar en c\u00f3mo alguien puede tener un sue\u00f1o y muchos planes para un viaje \u00aby de repente se trastoca y te das cuenta de que todo es mucho m\u00e1s ef\u00edmero de lo que parece\u00bb.<\/p>\n<p class=\"v-p\">&#8216;El susurro del fuego&#8217; llega a las librer\u00edas poco antes de que otra de sus historias se estrene en la peque\u00f1a pantalla. Tras el enorme \u00e9xito de la adaptaci\u00f3n de &#8216;La chica de nieve&#8217; -rodada en M\u00e1laga-, el 14 de noviembre llega a Netflix &#8216;El cuco de cristal&#8217;, la serie de su sexta novela que traslada la acci\u00f3n original de Nueva York a Madrid y de Steelville (Misuri) a la villa cacere\u00f1a de Herv\u00e1s. De todo esto y m\u00e1s, charlar\u00e1 en un encuentro cercano con el periodista Paco Gri\u00f1\u00e1n, que ha seguido de cerca su trayectoria desde sus inicios en la literatura. La cita: el 8 de octubre, a las 18.30 horas, en el Cine Alb\u00e9niz.<\/p>\n","protected":false},"excerpt":{"rendered":"\u00abTodos ardemos por dentro deseando despertar\u00bb, escrib\u00eda hace unas horas Javier Castillo en sus redes sociales. Una frase&hellip;\n","protected":false},"author":2,"featured_media":150020,"comment_status":"","ping_status":"","sticky":false,"template":"","format":"standard","meta":{"footnotes":""},"categories":[172],"tags":[17429,224,3101,209,146,147,25,24,4513,5264,225,2782,23,14132,45657],"class_list":{"0":"post-150019","1":"post","2":"type-post","3":"status-publish","4":"format-standard","5":"has-post-thumbnail","7":"category-libros","8":"tag-aula","9":"tag-books","10":"tag-castillo","11":"tag-cultura","12":"tag-entertainment","13":"tag-entretenimiento","14":"tag-es","15":"tag-espana","16":"tag-fuego","17":"tag-javier","18":"tag-libros","19":"tag-presenta","20":"tag-spain","21":"tag-sur","22":"tag-susurro"},"share_on_mastodon":{"url":"","error":""},"_links":{"self":[{"href":"https:\/\/www.europesays.com\/es\/wp-json\/wp\/v2\/posts\/150019","targetHints":{"allow":["GET"]}}],"collection":[{"href":"https:\/\/www.europesays.com\/es\/wp-json\/wp\/v2\/posts"}],"about":[{"href":"https:\/\/www.europesays.com\/es\/wp-json\/wp\/v2\/types\/post"}],"author":[{"embeddable":true,"href":"https:\/\/www.europesays.com\/es\/wp-json\/wp\/v2\/users\/2"}],"replies":[{"embeddable":true,"href":"https:\/\/www.europesays.com\/es\/wp-json\/wp\/v2\/comments?post=150019"}],"version-history":[{"count":0,"href":"https:\/\/www.europesays.com\/es\/wp-json\/wp\/v2\/posts\/150019\/revisions"}],"wp:featuredmedia":[{"embeddable":true,"href":"https:\/\/www.europesays.com\/es\/wp-json\/wp\/v2\/media\/150020"}],"wp:attachment":[{"href":"https:\/\/www.europesays.com\/es\/wp-json\/wp\/v2\/media?parent=150019"}],"wp:term":[{"taxonomy":"category","embeddable":true,"href":"https:\/\/www.europesays.com\/es\/wp-json\/wp\/v2\/categories?post=150019"},{"taxonomy":"post_tag","embeddable":true,"href":"https:\/\/www.europesays.com\/es\/wp-json\/wp\/v2\/tags?post=150019"}],"curies":[{"name":"wp","href":"https:\/\/api.w.org\/{rel}","templated":true}]}}