{"id":150021,"date":"2025-10-01T05:32:17","date_gmt":"2025-10-01T05:32:17","guid":{"rendered":"https:\/\/www.europesays.com\/es\/150021\/"},"modified":"2025-10-01T05:32:17","modified_gmt":"2025-10-01T05:32:17","slug":"la-diplomatica-it-bienvenidos-a-derry-y-otras-series-recomendadas-para-octubre-television","status":"publish","type":"post","link":"https:\/\/www.europesays.com\/es\/150021\/","title":{"rendered":"\u2018La diplom\u00e1tica\u2019, \u2018It: Bienvenidos a Derry\u2019 y otras series recomendadas para octubre | Televisi\u00f3n"},"content":{"rendered":"<p class=\"\">Asesinos en serie, mafia, romance, comedia y terror. Las propuestas que traen las plataformas en octubre son numerosas y variadas. Diez series espa\u00f1olas, entre estrenos y nuevas temporadas, ver\u00e1n la luz antes de que termine el mes. Tambi\u00e9n, la serie italiana de Giuseppe Tornatore que llevaba 40 a\u00f1os in\u00e9dita, la precuela de It o nuevas entregas de varios \u00e9xitos de Netflix. <\/p>\n<p class=\"\">Adem\u00e1s, <a href=\"https:\/\/elpais.com\/especiales\/calendario-series\/reclutas\/3334\/#se_3334\" target=\"_self\" rel=\"nofollow noopener\" title=\"https:\/\/elpais.com\/especiales\/calendario-series\/reclutas\/3334\/#se_3334\">Reclutas <\/a>(d\u00eda 9 en Netflix) se adentra en el Cuerpo de Marines de Estados Unidos en los noventa a trav\u00e9s de un joven que no ha salido del armario. El humor absurdo de Tom Robinson est\u00e1 presente en la comedia <a href=\"https:\/\/elpais.com\/especiales\/calendario-series\/la_empresa_de_las_sillas\/3372\/#se_3372\" target=\"_self\" rel=\"nofollow noopener\" title=\"https:\/\/elpais.com\/especiales\/calendario-series\/la_empresa_de_las_sillas\/3372\/#se_3372\">La empresa de las sillas<\/a> (d\u00eda 13 en HBO Max). Sam Caflin y Bill Nighy protagonizan la nueva serie de Harlan Coben, <a href=\"https:\/\/elpais.com\/especiales\/calendario-series\/lazarus\/3374\/#se_3374\" target=\"_self\" rel=\"nofollow noopener\" title=\"https:\/\/elpais.com\/especiales\/calendario-series\/lazarus\/3374\/#se_3374\">Lazarus <\/a>(d\u00eda 22 en Amazon Prime Video). El drama <a href=\"https:\/\/elpais.com\/especiales\/calendario-series\/pequenos_desastres\/3373\/#se_3373\" target=\"_self\" rel=\"nofollow noopener\" title=\"https:\/\/elpais.com\/especiales\/calendario-series\/pequenos_desastres\/3373\/#se_3373\">Peque\u00f1os desastres<\/a> (d\u00eda 23 en HBO Max) sigue la amistad de cuatro mujeres que tienen la maternidad como v\u00ednculo y el desmoronamiento de la vida de una de ellas. El thriller <a href=\"https:\/\/elpais.com\/especiales\/calendario-series\/el_misterio_de_cemetery_road\/3290\/#se_3290\" target=\"_self\" rel=\"nofollow noopener\" title=\"https:\/\/elpais.com\/especiales\/calendario-series\/el_misterio_de_cemetery_road\/3290\/#se_3290\">El misterio de Cemetery Road<\/a> (d\u00eda 29 en Apple TV+) re\u00fane a las actrices Emma Thompson y Ruth Wilson, y la cuarta temporada de <a href=\"https:\/\/elpais.com\/especiales\/calendario-series\/mayor_of_kingstown\/2315\/#se_2315\" target=\"_self\" rel=\"nofollow noopener\" title=\"https:\/\/elpais.com\/especiales\/calendario-series\/mayor_of_kingstown\/2315\/#se_2315\">Mayor of Kingstown<\/a> (d\u00eda 30 en SkyShowtime) eleva la tensi\u00f3n dentro y fuera de la c\u00e1rcel. <\/p>\n<p class=\"\">La producci\u00f3n espa\u00f1ola aportar\u00e1, adem\u00e1s de los t\u00edtulos que destacamos abajo, estrenos como <a href=\"https:\/\/elpais.com\/especiales\/calendario-series\/zoomers\/3300\/#se_3300\" target=\"_self\" rel=\"nofollow noopener\" title=\"https:\/\/elpais.com\/especiales\/calendario-series\/zoomers\/3300\/#se_3300\">Zoomers <\/a>(d\u00eda 3 en Amazon Prime Video), que combina el drama juvenil con el reflejo generacional. En <a href=\"https:\/\/elpais.com\/especiales\/calendario-series\/animal\/3308\/#se_3308\" target=\"_self\" rel=\"nofollow noopener\" title=\"https:\/\/elpais.com\/especiales\/calendario-series\/animal\/3308\/#se_3308\">Animal <\/a>(d\u00eda 3 en Netflix), Luis Zahera interpreta a un veterinario rural que pasa a trabajar en una tienda boutique para mascotas. Las cuatro mujeres protagonistas de <a href=\"https:\/\/elpais.com\/especiales\/calendario-series\/nails\/3293\/#se_3293\" target=\"_self\" rel=\"nofollow noopener\" title=\"https:\/\/elpais.com\/especiales\/calendario-series\/nails\/3293\/#se_3293\">Nails <\/a>(d\u00eda 6 en SkyShowtime) forjan una amistad que las llevar\u00e1 a rebelarse contra su realidad. La comedia <a href=\"https:\/\/elpais.com\/especiales\/calendario-series\/sin_gluten\/3384\/#se_3384\" target=\"_self\" rel=\"nofollow noopener\" title=\"https:\/\/elpais.com\/especiales\/calendario-series\/sin_gluten\/3384\/#se_3384\">Sin gluten<\/a> (d\u00eda 10 en Amazon Prime Video) ya tiene fecha de estreno en plataforma antes de que TVE haya anunciado su lanzamiento. Y el mes terminar\u00e1 con la segunda temporada del drama m\u00e9dico <a href=\"https:\/\/elpais.com\/especiales\/calendario-series\/respira\/2867\/#se_2867\" target=\"_self\" rel=\"nofollow noopener\" title=\"https:\/\/elpais.com\/especiales\/calendario-series\/respira\/2867\/#se_2867\">Respira <\/a>(d\u00eda 31 en Netflix) y con la serie de terror protagonizada por Michelle Jenner <a href=\"https:\/\/elpais.com\/especiales\/calendario-series\/dime_tu_nombre\/3379\/#se_3379\" target=\"_self\" rel=\"nofollow noopener\" title=\"https:\/\/elpais.com\/especiales\/calendario-series\/dime_tu_nombre\/3379\/#se_3379\">Dime tu nombre<\/a> (d\u00eda 31 en Amazon Prime Video). <\/p>\n<p class=\"\">De los estrenos y regresos de este mes (<a href=\"https:\/\/elpais.com\/especiales\/calendario-series\/\" rel=\"nofollow noopener\" target=\"_blank\">que puede consultar en nuestro calendario<\/a>), recomendamos dar una oportunidad a esta selecci\u00f3n.<\/p>\n<p>El camorrista Una imagen de la serie &#8216;El camorrista&#8217;. <\/p>\n<p class=\"\">En 1985, el cineasta Giuseppe Tornatore, que cuatro a\u00f1os despu\u00e9s ganar\u00eda un Oscar por Cinema Paradiso, se embarc\u00f3 en un ambicioso proyecto basado en la figura de <a href=\"https:\/\/elpais.com\/internacional\/2021-02-17\/muere-raffaele-cutolo-el-gran-capo-de-la-mafia-napolitana.html\" target=\"_blank\" rel=\"nofollow noopener\" title=\"https:\/\/elpais.com\/internacional\/2021-02-17\/muere-raffaele-cutolo-el-gran-capo-de-la-mafia-napolitana.html\">Raffaele Cutolo<\/a>, uno de los capos de la mafia m\u00e1s influyentes de la historia y fundador de la Nuova Camorra Organizzata. El plan era estrenar una pel\u00edcula y una serie con el material rodado. El filme tuvo un breve paso por los cines de Italia, pero la serie no lleg\u00f3 a estrenarse por la presi\u00f3n de los abogados de Cutolo. Restaurada en 4K, ha visto la luz recientemente en festivales y ahora se estrena en televisi\u00f3n. Ben Gazzara interpreta al protagonista y la espa\u00f1ola Laura del Sol encarna un personaje inspirado en la hermana del jefe mafioso. <\/p>\n<p class=\"\"><b>\u00bfCu\u00e1ndo y d\u00f3nde verla?<\/b> El jueves 2, en AMC+.<\/p>\n<p>Monstruo: La historia de Ed Gein Charlie Hunnam y Suzanna Son, en el segundo episodio de &#8216;Monstruo: La historia de Ed Gein&#8217;. <\/p>\n<p class=\"\">Despu\u00e9s de <a href=\"https:\/\/elpais.com\/television\/2022-10-07\/me-pueden-mandar-a-la-silla-electrica-de-como-el-ultimo-milagro-de-ryan-murphy-resuelve-el-misterio-jeffrey-dahmer.html\" target=\"_self\" rel=\"nofollow noopener\" title=\"https:\/\/elpais.com\/television\/2022-10-07\/me-pueden-mandar-a-la-silla-electrica-de-como-el-ultimo-milagro-de-ryan-murphy-resuelve-el-misterio-jeffrey-dahmer.html\">Jeffrey Dahmer<\/a> y los <a href=\"https:\/\/elpais.com\/television\/2024-10-04\/monstruos-la-historia-de-lyle-y-erik-menendez-cria-cuervos-en-mansiones-y-te-reventaran-a-balazos.html\" target=\"_blank\" rel=\"nofollow noopener\" title=\"https:\/\/elpais.com\/television\/2024-10-04\/monstruos-la-historia-de-lyle-y-erik-menendez-cria-cuervos-en-mansiones-y-te-reventaran-a-balazos.html\">hermanos Men\u00e9ndez<\/a>, la serie creada por Ryan Murphy y Ian Brennan pone el foco en <a href=\"https:\/\/elpais.com\/diario\/2006\/02\/26\/eps\/1140938821_850215.html\" target=\"_blank\" rel=\"nofollow noopener\" title=\"https:\/\/elpais.com\/diario\/2006\/02\/26\/eps\/1140938821_850215.html\">otro conocido asesino estadounidense, Ed Gein<\/a>. La investigaci\u00f3n tras la desaparici\u00f3n de una mujer llev\u00f3 a la polic\u00eda a la casa de Gein, una granja en una zona aislada. All\u00ed encontraron no solo su cuerpo colgado y decapitado, sino tambi\u00e9n objetos variopintos hechos con piel y huesos humanos, entre otros trofeos procedentes de sus v\u00edctimas y de las tumbas que hab\u00eda profanado. Su caso sirvi\u00f3 de inspiraci\u00f3n a c\u00e9lebres asesinos de ficci\u00f3n como Leatherface de La matanza de Texas, Norman Bates de Psicosis o Buffalo Bill de El silencio de los corderos. En la serie, Charlie Hunnam (Hijos de la anarqu\u00eda) es el encargado de interpretar al criminal.<\/p>\n<p class=\"\"><b>\u00bfCu\u00e1ndo y d\u00f3nde verla?<\/b> El viernes 3, en Netflix. <\/p>\n<p>La suerte Ricardo G\u00f3mez y \u00d3scar Jaenada, en &#8216;La suerte&#8217;. <\/p>\n<p class=\"\">Ricardo G\u00f3mez interpreta a un opositor que por las noches trabaja como taxista con la licencia de su padre. Su vida cambia la noche en la que salva la vida al ch\u00f3fer de la cuadrilla de un reconocido torero, conocido como Maestro (e interpretado por \u00d3scar Jaenada). El \u00e9xito que obtiene en su siguiente corrida les lleva a pensar que el nuevo conductor ha dado suerte al torero, por lo que se convertir\u00e1 en su ch\u00f3fer privado y as\u00ed se adentrar\u00e1 en un mundo lleno de supersticiones y momentos surrealistas. El choque de puntos de vista (el conductor sostiene que el toreo es tortura animal) no impedir\u00e1 que se forje una relaci\u00f3n de amistad entre los dos. Paco Plaza y Pablo Guerrero son los creadores de esta comedia de seis cap\u00edtulos de 30 minutos de duraci\u00f3n. <\/p>\n<p class=\"\"><b>\u00bfCu\u00e1ndo y d\u00f3nde verla?<\/b> El mi\u00e9rcoles 8, en Disney+.<\/p>\n<p>El Centro Juan Diego Botto y Elena Mart\u00edn, en &#8216;El Centro&#8217;. <\/p>\n<p class=\"\">Cuando una misi\u00f3n del Centro Nacional de Inteligencia sale mal queda al descubierto una operaci\u00f3n internacional de los servicios de Inteligencia rusos que los espa\u00f1oles tratar\u00e1n de desmantelar. Al mismo tiempo ponen en marcha una investigaci\u00f3n para intentar dar con un topo en sus filas. <a href=\"https:\/\/elpais.com\/television\/2025-09-29\/el-centro-los-entresijos-de-una-excelente-serie-con-acceso-a-las-tripas-de-cni.html\" target=\"_self\" rel=\"nofollow noopener\" title=\"https:\/\/elpais.com\/television\/2025-09-29\/el-centro-los-entresijos-de-una-excelente-serie-con-acceso-a-las-tripas-de-cni.html\">El thriller de espionaje creado por David Moreno<\/a> y protagonizado por Juan Diego Botto se adentra en el d\u00eda a d\u00eda de los trabajadores del CNI para mostrarlo de la forma m\u00e1s fidedigna posible. La trama se despliega en seis episodios que muestran tanto la vertiente personal como la profesional de los esp\u00edas de verdad. <\/p>\n<p class=\"\"><b>\u00bfCu\u00e1ndo y d\u00f3nde verla?<\/b> El jueves 9, en Movistar Plus+.<\/p>\n<p>La diplom\u00e1tica<img decoding=\"auto\" class=\"_re lazyload a_m-h\" height=\"276\"  width=\"414\"  src=\"https:\/\/www.europesays.com\/es\/wp-content\/uploads\/2025\/10\/F5HCMMOBAFAPRKGNMA6KHD5PSI.jpg\" loading=\"lazy\"\/>Keri Russell, en la tercera temporada de &#8216;La diplom\u00e1tica&#8217;.Cortes\u00eda de Netflix<\/p>\n<p class=\"\">El thriller pol\u00edtico que protagoniza Keri Russell estrena una tercera temporada de ocho episodios que retoma la historia en el punto en el que se qued\u00f3 la segunda, cuando la embajadora de Estados Unidos en Reino Unido acaba de enterarse de que el presidente de EE UU ha muerto y, por tanto, la vicepresidenta a la que acaba de acusar de estar detr\u00e1s de un ataque terrorista contra un barco brit\u00e1nico es ahora la nueva presidenta. La situaci\u00f3n, l\u00f3gicamente, eleva las tensiones entre Estados Unidos y Reino Unido. Allison Janney y Bradley Whitford ganan protagonismo en los nuevos episodios de esta adictiva serie. <\/p>\n<p class=\"\"><b>\u00bfCu\u00e1ndo y d\u00f3nde verla? <\/b>El jueves 16, en Netflix. <\/p>\n<p>Bookish<img decoding=\"auto\" class=\"_re lazyload a_m-h\" height=\"276\"  width=\"414\"  src=\"https:\/\/www.europesays.com\/es\/wp-content\/uploads\/2025\/10\/D7O2BHQE75CWBH4FV2IVYM26OI.jpg\" loading=\"lazy\"\/>Mark Gatiss y Elliot Levey, en &#8216;Bookish&#8217;.Toon Aerts<\/p>\n<p class=\"\">El actor y guionista Mark Gatiss (cocreador de Sherlock y guionista durante varias temporadas de Doctor Who) es el creador y protagonista de esta serie de misterio con un detective exc\u00e9ntrico e ingenioso en el Londres de 1946. Book es un antiguo esp\u00eda militar que ahora es el propietario de una librer\u00eda. Una carta del mism\u00edsimo Churchill le permite tener acceso a las escenas del crimen para poder ayudar a la polic\u00eda en sus casos m\u00e1s complejos. La historia arranca cuando un joven exconvicto llega a la librer\u00eda para trabajar como ayudante. Los seis episodios (que se agrupan de dos en dos y en los que se desarrollan en paralelo varios casos) van mostrando las circunstancias de la vida pasada del protagonista en una historia bien ambientada e interpretada y cargada de tramas. <\/p>\n<p class=\"\"><b>\u00bfCu\u00e1ndo y d\u00f3nde verla? <\/b>El martes 21, en Filmin. <\/p>\n<p>Entrepreneurs Rober Bodegas y Alberto Casado, en &#8216;Entrepreneurs&#8217;. <\/p>\n<p class=\"\">Tras a\u00f1os retratando a <a href=\"https:\/\/elpais.com\/icon\/actualidad\/2023-03-29\/por-que-conformista-lo-nuevo-de-pantomima-full-ha-causado-tanto-revuelo-se-ceban-con-la-falta-generalizada-de-ilusiones.html\" target=\"_blank\" rel=\"nofollow noopener\" title=\"https:\/\/elpais.com\/icon\/actualidad\/2023-03-29\/por-que-conformista-lo-nuevo-de-pantomima-full-ha-causado-tanto-revuelo-se-ceban-con-la-falta-generalizada-de-ilusiones.html\">la sociedad contempor\u00e1nea<\/a> con sus v\u00eddeos en internet, <a href=\"https:\/\/elpais.com\/television\/2024-12-10\/entrepeneurs-la-serie-que-une-a-los-mejores-personajes-de-pantomima-full-en-un-disparatado-coworking.html\" target=\"_blank\" rel=\"nofollow noopener\" title=\"https:\/\/elpais.com\/television\/2024-12-10\/entrepeneurs-la-serie-que-une-a-los-mejores-personajes-de-pantomima-full-en-un-disparatado-coworking.html\">Pantomima Full se lanza a la creaci\u00f3n de una serie de ficci\u00f3n<\/a> de formato tradicional. Los 10 episodios de la comedia creada y protagonizada por Rober Bodegas y Alberto Casado siguen a un grupo de emprendedores que buscan salir de su zona de confort con la intenci\u00f3n de convertirse en los CEO del futuro. Cada d\u00eda acuden a un espacio de trabajo creado por un millonario ocioso y un gur\u00fa del emprendimiento que tratar\u00e1n de sacar adelante los proyectos de quienes acuden ah\u00ed. Una propuesta que, a juzgar por los avances, ahondar\u00e1 en ese \u00e1cido retrato generacional en el que se han especializado sus responsables. <\/p>\n<p class=\"\"><b>\u00bfCu\u00e1ndo y d\u00f3nde verla? <\/b>El jueves 23, en Disney+.<\/p>\n<p>Nadie quiere esto Adam Brody, Timothy Simons, Kristen Bell y Jackie Tohn, en la segunda temporada de &#8216;Nadie quiere esto&#8217;. <\/p>\n<p class=\"\">Ahora que Joanne y Noah han afianzado su relaci\u00f3n, llega el momento de hacer frente a los problemas del d\u00eda a d\u00eda y de mirar a medio y largo plazo. La religi\u00f3n sigue siendo un problema en la relaci\u00f3n de una agn\u00f3stica y un rabino, una cuesti\u00f3n que han ido dejando de lado pero que cada vez es m\u00e1s acuciante afrontar. La comedia rom\u00e1ntica que protagonizan Kristen Bell y <a href=\"https:\/\/elpais.com\/opinion\/2024-10-08\/todas-mis-amigas-hetero-estan-colgadas-del-mismo-tio.html\" target=\"_blank\" rel=\"nofollow noopener\" title=\"https:\/\/elpais.com\/opinion\/2024-10-08\/todas-mis-amigas-hetero-estan-colgadas-del-mismo-tio.html\">Adam Brody<\/a> fue un \u00e9xito en su primera temporada gracias al carisma de sus protagonistas y un potente grupo de personajes secundarios. Ofrec\u00eda justo lo que promet\u00eda, la cl\u00e1sica comedia rom\u00e1ntica de atracci\u00f3n de polos opuestos, y le daba un aire fresco y renovado mientras pon\u00eda sobre la mesa los conflictos que podr\u00edan dar para seguir alargando la historia. Y ah\u00ed estamos. <\/p>\n<p class=\"\"><b>\u00bfCu\u00e1ndo y d\u00f3nde verla?<\/b> El jueves 23, en Netflix. <\/p>\n<p>La ruta. Vol 2: Ibiza \u00c0lex Monner, en una imagen de &#8216;La ruta. Vol 2: Ibiza&#8217;. <\/p>\n<p class=\"\"><a href=\"https:\/\/elpais.com\/television\/2022-09-23\/la-ruta-desanda-los-pasos-de-la-movida-valenciana-en-busca-de-su-lado-mas-luminoso-y-desconocido.html\" target=\"_self\" rel=\"nofollow noopener\" title=\"https:\/\/elpais.com\/television\/2022-09-23\/la-ruta-desanda-los-pasos-de-la-movida-valenciana-en-busca-de-su-lado-mas-luminoso-y-desconocido.html\">La primera temporada de La ruta sorprendi\u00f3<\/a> por su propuesta narrativa: la historia se contaba empezando por el final. La evoluci\u00f3n de un grupo de amigos en los a\u00f1os de la Ruta del Bakalao se convert\u00eda en un puzle del que el espectador conoc\u00eda primero el final para terminar viendo c\u00f3mo empez\u00f3 todo. Una f\u00f3rmula arriesgada que funcionaba mejor seg\u00fan iba avanzando. <a href=\"https:\/\/elpais.com\/television\/2024-10-18\/la-ruta-pone-rumbo-a-ibiza-asi-sera-el-argumento-los-actores-y-el-rodaje-de-la-segunda-parte-de-la-serie-de-atresplayer.html\" target=\"_blank\" rel=\"nofollow noopener\" title=\"https:\/\/elpais.com\/television\/2024-10-18\/la-ruta-pone-rumbo-a-ibiza-asi-sera-el-argumento-los-actores-y-el-rodaje-de-la-segunda-parte-de-la-serie-de-atresplayer.html\">La nueva temporada<\/a> apuesta por una doble l\u00ednea temporal y un juego de espejos entre personajes. Una de esas l\u00edneas recupera al protagonista, Marc Rib\u00f3 (interpretado por \u00c0lex Monner). Es 1996 y ahora es el DJ residente de la discoteca Amnesia en Ibiza cuando la isla est\u00e1 a punto de convertirse en capital del ocio mundial. En los a\u00f1os setenta, la isla era un oasis de libertad en pleno franquismo, y all\u00ed viv\u00edan los padres de Marc antes de morir en un accidente a\u00e9reo. <\/p>\n<p class=\"\"><b>\u00bfCu\u00e1ndo y d\u00f3nde verla? <\/b>El domingo 26, en Atresplayer. <\/p>\n<p>It: Bienvenidos a Derry Una imagen de &#8216;It: Bienvenidos a Derry&#8217;. <\/p>\n<p class=\"\">En su novela It, <a href=\"https:\/\/elpais.com\/television\/2025-07-22\/como-adaptar-a-stephen-king-a-la-television.html\" target=\"_blank\" rel=\"nofollow noopener\" title=\"https:\/\/elpais.com\/television\/2025-07-22\/como-adaptar-a-stephen-king-a-la-television.html\">Stephen King<\/a> explicaba c\u00f3mo el mal, que se manifestaba en forma del payaso Pennywise y que tra\u00eda una ola de violencia antes de volver a hibernar, despertaba en el pueblo de Derry cada 27 a\u00f1os. <a href=\"https:\/\/elpais.com\/cultura\/2017\/08\/30\/actualidad\/1504120008_235630.html\" target=\"_self\" rel=\"nofollow noopener\" title=\"https:\/\/elpais.com\/cultura\/2017\/08\/30\/actualidad\/1504120008_235630.html\">La primera pel\u00edcula<\/a> que dirigi\u00f3 Andy Muschietti basada en el libro se situaba en 1989. Esta serie, que se plantea como una precuela de aquel filme, viaja a 1962 (el plan es que haya tres temporadas y las otras se sit\u00faen en 1935 y 1908). Un grupo de adolescentes tendr\u00e1 un papel fundamental cuando el mal despierte en el pueblo. Bill Skarsg\u00e5rd vuelve a interpretar al payaso en una serie en la que Andy Muschietti dirige varios episodios. <\/p>\n<p class=\"\"><b>\u00bfCu\u00e1ndo y d\u00f3nde verla?<\/b> El lunes 27, en HBO Max.<\/p>\n<p>Otras series destacadas de octubre<a href=\"https:\/\/elpais.com\/especiales\/calendario-series\/lazarus\/3374\/#se_3374\" class=\"_db _pr\" rel=\"nofollow noopener\" target=\"_blank\"><img decoding=\"auto\" class=\"_re lazyload a_m-h\" height=\"276\"  width=\"414\" src=\"https:\/\/www.europesays.com\/es\/wp-content\/uploads\/2025\/10\/NALZQTQOIJFNRH7YTO6PQD5O7A.png\" loading=\"lazy\"\/><\/a><\/p>\n<p>Estreno. D\u00eda 22 en Amazon Prime Video.<\/p>\n<p><a href=\"https:\/\/elpais.com\/especiales\/calendario-series\/el_monstruo_de_florencia\/3359\/#se_3359\" class=\"_db _pr\" rel=\"nofollow noopener\" target=\"_blank\"><img decoding=\"auto\" class=\"_re lazyload a_m-h\" height=\"276\"  width=\"414\" src=\"https:\/\/www.europesays.com\/es\/wp-content\/uploads\/2025\/10\/2XKBOKBEQ5DMTLRD3RMW2OD3CM.png\" loading=\"lazy\"\/><\/a><\/p>\n<p>Estreno. D\u00eda 22 en Netflix. <\/p>\n<p><a href=\"https:\/\/elpais.com\/especiales\/calendario-series\/pequenos_desastres\/3373\/#se_3373\" class=\"_db _pr\" rel=\"nofollow noopener\" target=\"_blank\"><img decoding=\"auto\" class=\"_re lazyload a_m-h\" height=\"276\"  width=\"414\" src=\"https:\/\/www.europesays.com\/es\/wp-content\/uploads\/2025\/10\/ZK73LIWHRFCIXABURVQCL27C64.png\" loading=\"lazy\"\/><\/a><\/p>\n<p>Estreno. D\u00eda 23 en HBO Max. <\/p>\n<p><a href=\"https:\/\/elpais.com\/especiales\/calendario-series\/mix_tape\/3370\/#se_3370\" class=\"_db _pr\" rel=\"nofollow noopener\" target=\"_blank\"><img decoding=\"auto\" class=\"_re lazyload a_m-h\" height=\"276\"  width=\"414\" src=\"https:\/\/www.europesays.com\/es\/wp-content\/uploads\/2025\/10\/Y7QUVGAB4ZFBVMTYFKUBG6CAGQ.png\" loading=\"lazy\"\/><\/a><\/p>\n<p>Estreno. D\u00eda 25 en Movistar Plus+.<\/p>\n<p><a href=\"https:\/\/elpais.com\/especiales\/calendario-series\/talamasca_la_orden_secreta_de_anne_rice\/3380\/#se_3380\" class=\"_db _pr\" rel=\"nofollow noopener\" target=\"_blank\"><img decoding=\"auto\" class=\"_re lazyload a_m-h\" height=\"276\"  width=\"414\" src=\"https:\/\/www.europesays.com\/es\/wp-content\/uploads\/2025\/10\/WSWHGW43MVE3XIJSX3FRVRPIEA.png\" loading=\"lazy\"\/><\/a><\/p>\n<p>Estreno. D\u00eda 27 en AMC+.<\/p>\n<p><a href=\"https:\/\/elpais.com\/especiales\/calendario-series\/el_misterio_de_cemetery_road\/3290\/#se_3290\" class=\"_db _pr\" rel=\"nofollow noopener\" target=\"_blank\"><img decoding=\"auto\" class=\"_re lazyload a_m-h\" height=\"276\"  width=\"414\" src=\"https:\/\/www.europesays.com\/es\/wp-content\/uploads\/2025\/10\/IT7A5Y6CC5C6PHXKM2A3MKLL7A.png\" loading=\"lazy\"\/><\/a><\/p>\n<p>Estreno. D\u00eda 29 en Apple TV+.<\/p>\n<p><a href=\"https:\/\/elpais.com\/especiales\/calendario-series\/mayor_of_kingstown\/2315\/#se_2315\" class=\"_db _pr\" rel=\"nofollow noopener\" target=\"_blank\"><img decoding=\"auto\" class=\"_re lazyload a_m-h\" height=\"276\"  width=\"414\" src=\"https:\/\/www.europesays.com\/es\/wp-content\/uploads\/2025\/10\/6ENRJKXMVZHGRK756XTR54D2QU.png\" loading=\"lazy\"\/><\/a><\/p>\n<p>Cuarta temporada. D\u00eda 30 en SkyShowtime.<\/p>\n<p><a href=\"https:\/\/elpais.com\/especiales\/calendario-series\/navy_investigacion_criminal\/535\/#se_535\" class=\"_db _pr\" rel=\"nofollow noopener\" target=\"_blank\"><img decoding=\"auto\" class=\"_re lazyload a_m-h\" height=\"276\"  width=\"414\" src=\"https:\/\/www.europesays.com\/es\/wp-content\/uploads\/2025\/10\/UGU2PQBFD5HHLEBFPRJ4ZNQTYY.png\" loading=\"lazy\"\/><\/a><\/p>\n<p>23\u00aa temporada. D\u00eda 30 en AXN.<\/p>\n<p><a href=\"https:\/\/elpais.com\/especiales\/calendario-series\/respira\/2867\/#se_2867\" class=\"_db _pr\" rel=\"nofollow noopener\" target=\"_blank\"><img decoding=\"auto\" class=\"_re lazyload a_m-h\" height=\"276\"  width=\"414\" src=\"https:\/\/www.europesays.com\/es\/wp-content\/uploads\/2025\/10\/HK3OFZMZT5EWJJX6ZLC2RW3FJE.png\" loading=\"lazy\"\/><\/a><\/p>\n<p>Segunda temporada. D\u00eda 31 en Netflix. <\/p>\n<p><a href=\"https:\/\/elpais.com\/especiales\/calendario-series\/dime_tu_nombre\/3379\/#se_3379\" class=\"_db _pr\" rel=\"nofollow noopener\" target=\"_blank\"><img decoding=\"auto\" class=\"_re lazyload a_m-h\" height=\"276\"  width=\"414\" src=\"https:\/\/www.europesays.com\/es\/wp-content\/uploads\/2025\/10\/XNYVHSIXTZFR7FMBLPHUBQDQTQ.png\" loading=\"lazy\"\/><\/a><\/p>\n<p>Estreno. D\u00eda 31 en Amazon Prime Video.<\/p>\n<p><a href=\"https:\/\/elpais.com\/especiales\/calendario-series\/\" class=\"_db _pr\" rel=\"nofollow noopener\" target=\"_blank\"><img decoding=\"auto\" class=\"_re lazyload a_m-h\" height=\"296\"  width=\"414\" src=\"https:\/\/www.europesays.com\/es\/wp-content\/uploads\/2025\/10\/D4YCTZ7T5VB3DNMOOAVGIXJOUI.jpg\" loading=\"lazy\"\/><\/a><\/p>\n","protected":false},"excerpt":{"rendered":"Asesinos en serie, mafia, romance, comedia y terror. Las propuestas que traen las plataformas en octubre son numerosas&hellip;\n","protected":false},"author":2,"featured_media":150022,"comment_status":"","ping_status":"","sticky":false,"template":"","format":"standard","meta":{"footnotes":""},"categories":[171],"tags":[6826,1060,146,147,25,24,13824,6827,11943,303,152,8190,8189,23,19732,807,214],"class_list":{"0":"post-150021","1":"post","2":"type-post","3":"status-publish","4":"format-standard","5":"has-post-thumbnail","7":"category-tv","8":"tag-amazon-prime-video","9":"tag-disney","10":"tag-entertainment","11":"tag-entretenimiento","12":"tag-es","13":"tag-espana","14":"tag-estrenos-television","15":"tag-filmin","16":"tag-hbo","17":"tag-movistar","18":"tag-netflix","19":"tag-series-espanolas","20":"tag-series-television","21":"tag-spain","22":"tag-stephen-king","23":"tag-television","24":"tag-tv"},"share_on_mastodon":{"url":"","error":""},"_links":{"self":[{"href":"https:\/\/www.europesays.com\/es\/wp-json\/wp\/v2\/posts\/150021","targetHints":{"allow":["GET"]}}],"collection":[{"href":"https:\/\/www.europesays.com\/es\/wp-json\/wp\/v2\/posts"}],"about":[{"href":"https:\/\/www.europesays.com\/es\/wp-json\/wp\/v2\/types\/post"}],"author":[{"embeddable":true,"href":"https:\/\/www.europesays.com\/es\/wp-json\/wp\/v2\/users\/2"}],"replies":[{"embeddable":true,"href":"https:\/\/www.europesays.com\/es\/wp-json\/wp\/v2\/comments?post=150021"}],"version-history":[{"count":0,"href":"https:\/\/www.europesays.com\/es\/wp-json\/wp\/v2\/posts\/150021\/revisions"}],"wp:featuredmedia":[{"embeddable":true,"href":"https:\/\/www.europesays.com\/es\/wp-json\/wp\/v2\/media\/150022"}],"wp:attachment":[{"href":"https:\/\/www.europesays.com\/es\/wp-json\/wp\/v2\/media?parent=150021"}],"wp:term":[{"taxonomy":"category","embeddable":true,"href":"https:\/\/www.europesays.com\/es\/wp-json\/wp\/v2\/categories?post=150021"},{"taxonomy":"post_tag","embeddable":true,"href":"https:\/\/www.europesays.com\/es\/wp-json\/wp\/v2\/tags?post=150021"}],"curies":[{"name":"wp","href":"https:\/\/api.w.org\/{rel}","templated":true}]}}