{"id":150023,"date":"2025-10-01T05:33:09","date_gmt":"2025-10-01T05:33:09","guid":{"rendered":"https:\/\/www.europesays.com\/es\/150023\/"},"modified":"2025-10-01T05:33:09","modified_gmt":"2025-10-01T05:33:09","slug":"lionel-richie-revela-el-origen-del-apodo-smelly-de-michael-jackson","status":"publish","type":"post","link":"https:\/\/www.europesays.com\/es\/150023\/","title":{"rendered":"Lionel Richie revela el origen del apodo \u201cSmelly\u201d de Michael Jackson"},"content":{"rendered":"<p><img alt=\"Lionel Richie se sincer\u00f3 sobre\" class=\"global-image\" decoding=\"async\" fetchpriority=\"high\" height=\"1080\" loading=\"eager\" src=\"https:\/\/www.europesays.com\/es\/wp-content\/uploads\/2025\/10\/MPIGDG3IFZGOFBXNLLFYBC3HFI.jpg\" width=\"1920\"\/>Lionel Richie se sincer\u00f3 sobre la higiene de  Michael Jackson.  (Cr\u00e9ditos: REUTERS. AP)<\/p>\n<p class=\"paragraph\">La publicaci\u00f3n de las memorias de <b>Lionel Richie<\/b> ha revelado aspectos poco conocidos de la vida privada de <b>Michael Jackson<\/b>, especialmente en relaci\u00f3n con sus h\u00e1bitos de higiene personal. <\/p>\n<p class=\"paragraph\">En su libro Truly, lanzado a finales de septiembre de 2023, Richie relata c\u00f3mo la excentricidad y el ritmo de vida del \u201cRey del Pop\u201d dieron origen al apodo \u201cSmelly\u201d, una broma recurrente entre sus allegados.<\/p>\n<p class=\"paragraph\">El actual juez de American Idol describe en sus memorias la profunda amistad que lo uni\u00f3 a Jackson durante los a\u00f1os de mayor fama del cantante. <\/p>\n<p class=\"paragraph\">Aunque ambos compart\u00edan una pasi\u00f3n inquebrantable por la m\u00fasica, sus costumbres cotidianas eran muy distintas. <\/p>\n<p><img alt=\"Lionel Richie asegur\u00f3 que Michael\" class=\"global-image\" decoding=\"async\" fetchpriority=\"low\" height=\"1080\" loading=\"lazy\" src=\"https:\/\/www.europesays.com\/es\/wp-content\/uploads\/2025\/10\/TB2CJMXKIFCPBMWGTYE2HNUWZY.jpg\" width=\"1920\"\/>Lionel Richie asegur\u00f3 que Michael Jackson ten\u00eda poca higiene.  (Cr\u00e9ditos: REUTERS\/Mario Anzuoni. L. Cohen\/WireImage)<\/p>\n<p class=\"paragraph\">El apodo \u201cSmelly\u201d, popularizado por el productor Quincy Jones, surgi\u00f3 precisamente de la tendencia de <b>Michael Jackson<\/b> a descuidar su higiene personal, un detalle que el propio Jackson tomaba con humor. <\/p>\n<p class=\"paragraph\">\u201c<b>Su d\u00eda a d\u00eda era lo que podr\u00edamos llamar exc\u00e9ntrico. <\/b>Como un profesor despistado, pero a\u00fan un ni\u00f1o. Michael tambi\u00e9n se reir\u00eda, al darse cuenta de que no se hab\u00eda dado cuenta de que no se hab\u00eda cambiado ni lavado la ropa en un par de d\u00edas\u201d, escribi\u00f3<\/p>\n<p class=\"paragraph\">Por si fuera poco, el cantante de \u201cAll Night Long\u201d recuerda que, en numerosas ocasiones, \u201cEl Rey del Pop\u201d acud\u00eda a su casa vestido con lo primero que encontraba: unos vaqueros y una camiseta, prendas que a menudo le quedaban grandes.<\/p>\n<p class=\"paragraph\">\u201cLos vaqueros se le ca\u00edan o <b>eran demasiado cortos para ser vaqueros y, bueno, ol\u00edan mal<\/b>\u201d, record\u00f3.<\/p>\n<p><img alt=\"Lionel Richie afirm\u00f3 que la\" class=\"global-image\" decoding=\"async\" fetchpriority=\"low\" height=\"2944\" loading=\"lazy\" src=\"https:\/\/www.europesays.com\/es\/wp-content\/uploads\/2025\/10\/3SOURA3PLZGTDDIB467UGLJRXU.jpg\" width=\"1953\"\/>Lionel Richie afirm\u00f3 que la ropa de Michael Jackson constantemente ol\u00eda mal. (Barry King\/Liaison)<\/p>\n<p class=\"paragraph\">Cuando Richie una vez le pregunt\u00f3 por sus pantalones, dice que la superestrella le respondi\u00f3: \u201c\u2018Lionel, pas\u00e9 por una tienda en el Valle. El due\u00f1o sali\u00f3 y me dio un par gratis\u2019\u201d.<\/p>\n<p class=\"paragraph\">La dificultad de Jackson para mantener h\u00e1bitos de higiene convencionales no era fruto de la desidia, sino una consecuencia directa de su estatus de superestrella. <\/p>\n<p class=\"paragraph\">Seg\u00fan <b>Lionel Richie<\/b>, la vida en la carretera y el constante escrutinio p\u00fablico hac\u00edan imposible que Jackson realizara tareas cotidianas como comprar ropa o enviar sus prendas a la lavander\u00eda. <\/p>\n<p class=\"paragraph\">\u201cCuando viajaba, <b>no pod\u00eda simplemente mandar a lavar su ropa porque, con frecuencia, sus cosas no regresaban<\/b>; todo el mundo quer\u00eda quedarse con algo como recuerdo. Simplemente se acostumbr\u00f3 a usar los mismos pantalones hasta que se volvieron inutilizables\u201d, asegur\u00f3.<\/p>\n<p><img alt=\"Lionel Richie se\u00f1al\u00f3 que Michael\" class=\"global-image\" decoding=\"async\" fetchpriority=\"low\" height=\"1059\" loading=\"lazy\" src=\"https:\/\/www.europesays.com\/es\/wp-content\/uploads\/2025\/10\/6YF3QBLICJB6JHWX47DOASLLXA.jpg\" width=\"1551\"\/>Lionel Richie se\u00f1al\u00f3 que Michael Jackson no pod\u00eda mandar a la lavander\u00eda su ropa porque sus cosas no siempre regresaban. (Captura de video)<\/p>\n<p class=\"paragraph\">Esta situaci\u00f3n llev\u00f3 a Jackson a desarrollar la costumbre de usar los mismos pantalones hasta que resultaban inservibles.<\/p>\n<p class=\"paragraph\">La relaci\u00f3n entre ambos artistas iba m\u00e1s all\u00e1 de la m\u00fasica. Lionel no solo fue testigo de las excentricidades del interprete de \u201cThriller\u201d, sino que tambi\u00e9n procur\u00f3 ayudarlo en momentos en que su descuido era m\u00e1s evidente. <\/p>\n<p class=\"paragraph\">En una de las historias m\u00e1s reveladoras del libro, Richie narra c\u00f3mo, tras recibir a Jackson en su casa y notar su aspecto y olor, le ofreci\u00f3 ropa limpia y le sugiri\u00f3 que se duchara, algo que el cantante agradeci\u00f3 sinceramente. <\/p>\n<p><img alt=\"Lionel Richie le ofreci\u00f3 ropa\" class=\"global-image\" decoding=\"async\" fetchpriority=\"low\" height=\"1081\" loading=\"lazy\" src=\"https:\/\/www.europesays.com\/es\/wp-content\/uploads\/2025\/10\/6WZWPRTF7FFWXEAN6LFRQ5GGGE.jpg\" width=\"1920\"\/>Lionel Richie le ofreci\u00f3 ropa limpia a Michael Jackson y \u00e9l la acept\u00f3. (REUTERS\/Mario Anzuoni)<\/p>\n<p class=\"paragraph\">Al regresar a su casa tras acompa\u00f1ar a Michael, el cantante encontr\u00f3 en la sala los pantalones y la ropa interior que le hab\u00eda prestado. <\/p>\n<p class=\"paragraph\">\u201cEn cuanto regres\u00e9 a casa, pas\u00e9 por la sala y vi que, sobre la alfombra, estaban los calzoncillos de Michael Jackson y<b> sus vaqueros viejos y ra\u00eddos. Tirados all\u00ed como animales atropellados<\/b>. \u00bfQu\u00e9 m\u00e1s puedo hacer que re\u00edr? MJ estuvo aqu\u00ed\u201d, relat\u00f3..<\/p>\n","protected":false},"excerpt":{"rendered":"Lionel Richie se sincer\u00f3 sobre la higiene de Michael Jackson. (Cr\u00e9ditos: REUTERS. AP) La publicaci\u00f3n de las memorias&hellip;\n","protected":false},"author":2,"featured_media":150024,"comment_status":"","ping_status":"","sticky":false,"template":"","format":"standard","meta":{"footnotes":""},"categories":[170],"tags":[643,10109,30343,146,147,25,24,27211,45658,3691,186,184,185,23,3789,45659],"class_list":{"0":"post-150023","1":"post","2":"type-post","3":"status-publish","4":"format-standard","5":"has-post-thumbnail","7":"category-musica","8":"tag-california","9":"tag-celebrity","10":"tag-children","11":"tag-entertainment","12":"tag-entretenimiento","13":"tag-es","14":"tag-espana","15":"tag-half-length","16":"tag-hat","17":"tag-los-angeles","18":"tag-michael-jackson","19":"tag-music","20":"tag-musica","21":"tag-spain","22":"tag-sunglasses","23":"tag-youth-sports-center"},"share_on_mastodon":{"url":"","error":""},"_links":{"self":[{"href":"https:\/\/www.europesays.com\/es\/wp-json\/wp\/v2\/posts\/150023","targetHints":{"allow":["GET"]}}],"collection":[{"href":"https:\/\/www.europesays.com\/es\/wp-json\/wp\/v2\/posts"}],"about":[{"href":"https:\/\/www.europesays.com\/es\/wp-json\/wp\/v2\/types\/post"}],"author":[{"embeddable":true,"href":"https:\/\/www.europesays.com\/es\/wp-json\/wp\/v2\/users\/2"}],"replies":[{"embeddable":true,"href":"https:\/\/www.europesays.com\/es\/wp-json\/wp\/v2\/comments?post=150023"}],"version-history":[{"count":0,"href":"https:\/\/www.europesays.com\/es\/wp-json\/wp\/v2\/posts\/150023\/revisions"}],"wp:featuredmedia":[{"embeddable":true,"href":"https:\/\/www.europesays.com\/es\/wp-json\/wp\/v2\/media\/150024"}],"wp:attachment":[{"href":"https:\/\/www.europesays.com\/es\/wp-json\/wp\/v2\/media?parent=150023"}],"wp:term":[{"taxonomy":"category","embeddable":true,"href":"https:\/\/www.europesays.com\/es\/wp-json\/wp\/v2\/categories?post=150023"},{"taxonomy":"post_tag","embeddable":true,"href":"https:\/\/www.europesays.com\/es\/wp-json\/wp\/v2\/tags?post=150023"}],"curies":[{"name":"wp","href":"https:\/\/api.w.org\/{rel}","templated":true}]}}