{"id":150025,"date":"2025-10-01T05:37:11","date_gmt":"2025-10-01T05:37:11","guid":{"rendered":"https:\/\/www.europesays.com\/es\/150025\/"},"modified":"2025-10-01T05:37:11","modified_gmt":"2025-10-01T05:37:11","slug":"asi-ha-sido-la-gala-de-salvacion-en-supervivientes-all-stars","status":"publish","type":"post","link":"https:\/\/www.europesays.com\/es\/150025\/","title":{"rendered":"as\u00ed ha sido la gala de salvaci\u00f3n en &#8216;Supervivientes All Stars&#8217;"},"content":{"rendered":"<p>La \u00faltima gala de &#8216;Supervivientes All Stars Tierra de Nadie&#8217; ha estado llena de giros inesperados y momentos de tensi\u00f3n, <strong>especialmente para una de las participantes<\/strong>. En tan solo un mes de concurso, los habitantes de los Cayos Cochinos ya ven la final cerca y lo est\u00e1n dando todo para ser uno de los candidatos a hacerse con el cheque de 50.000 euros que se disputar\u00e1n en la gala final.\u00a0<\/p>\n<p>&#13;<img decoding=\"async\" src=\"https:\/\/www.europesays.com\/es\/wp-content\/uploads\/2025\/10\/terelu-campos-deja-clara-su-postura-ante-el-conflicto-familiar-de-su-hija-soy-mas-de-alejandra-rubio.webp\" alt=\"Terelu Campos deja clara su postura ante el conflicto familiar de su hija: &quot;Soy m\u00e1s de Alejandra Rubio&quot;\" class=\"widget-article-image image lazyload\"\/><\/p>\n<p>Sin embargo, para conseguirlo deben lograr superar todas las pruebas y<strong> convencer al p\u00fablico de que son aut\u00e9nticos supervivientes. <\/strong>Adem\u00e1s, deben integrarse dentro de la playa, ya que una buena convivencia es crucial para poder afrontar de la manera mejor posible la aventura.\u00a0<\/p>\n<p>Cada d\u00eda, los concursantes <strong>se enfrentan a nuevos retos <\/strong>y aunque parece que la estabilidad ha llegado, todav\u00eda tienen que superar muchas pruebas antes de\u00a0 la gran final. Concretamente, <strong>el pr\u00f3ximo jueves vivir\u00e1n la unificaci\u00f3n<\/strong>, de la mano de Marta Pe\u00f1ate. Eso supondr\u00e1 que los concursantes tendr\u00e1n que aprender a convivir con viejos compa\u00f1eros y adaptarse a una nueva playa. Sin embargo, <strong>hay dos concursantes que ya lo han hecho este martes<\/strong>. Uno de ellos ha sido Jessica Bueno. Analizamos c\u00f3mo ha vivido esta gala tan especial para ella, pues ha estado cargada de emociones y de cambios para la concursante.<\/p>\n<p>&#13;<img decoding=\"async\" src=\"https:\/\/www.europesays.com\/es\/wp-content\/uploads\/2025\/10\/teresa-bass-e-ivan-gonzalez_928b7dea_018_250929110513_600x600.webp.webp\" alt=\"Teresa Bass e Iv\u00e1n Gonz\u00e1lez\" class=\"widget-article-image image lazyload\"\/>Jessica Bueno no participa en la prueba de recompensa<\/p>\n<p>Como cada martes, en los Cayos Cochinos se han celebrado juegos de recompensa, se ha charlado en el tri\u00e1ngulo de fuego y <strong>ha tenido lugar la ceremonia de salvaci\u00f3n.<\/strong> Casualmente, <strong>Jessica Bueno ha sido protagonista<\/strong> en los tres grandes eventos de la noche.\u00a0<\/p>\n<blockquote class=\"twitter-tweet\" data-media-max-width=\"560\">\n<p dir=\"ltr\" lang=\"es\">\u00a1Playa Armon\u00eda gana el juego de recompensa!<\/p>\n<p>\ud83c\udfdd\ufe0f <a href=\"https:\/\/twitter.com\/hashtag\/TierraDeNadieAllStars4?src=hash&amp;ref_src=twsrc%5Etfw\" rel=\"nofollow noopener\" target=\"_blank\">#TierraDeNadieAllStars4<\/a><br \/>\ud83d\udd35 <a href=\"https:\/\/t.co\/0FBgMJbayp\" rel=\"nofollow\">https:\/\/t.co\/0FBgMJbayp<\/a><a href=\"https:\/\/t.co\/yLBJGhNrCF\" rel=\"nofollow\">pic.twitter.com\/yLBJGhNrCF<\/a><\/p>\n<p>\u2014 Supervivientes All Stars (@Supervivientes) <a href=\"https:\/\/twitter.com\/Supervivientes\/status\/1973147333379395951?ref_src=twsrc%5Etfw\" rel=\"nofollow noopener\" target=\"_blank\">September 30, 2025<\/a><\/p><\/blockquote>\n<p>En un primer lugar, los concursantes han jugado en una prueba sin precedentes para hacerse con unos churros con chocolate como recompensa.<strong> Los habitantes de Playa Armon\u00eda <\/strong>(Torres, Tony, Miri, Adara y Sonia) se han hecho con la ansiada merienda. En esta prueba <strong>no ha participado Jessica Bueno junto a sus compa\u00f1eros <\/strong>de playa Caos, pues no ser\u00eda justo para sus rivales, ya que ellos son uno m\u00e1s. Por ello, el reto ha sido realizado por Gloria, Carlos, Noel, Iv\u00e1n y Alejandro. La decisi\u00f3n de dejar a la modelo sin jugar se ha tomado tras echarlo a suertes, tal y como ha revelado la participante.\u00a0<\/p>\n<p>Aunque playa caos no ha logrado hacerse con la comida, <strong>desde la organizaci\u00f3n del programa les han dado 30 segundos para disfrutar de las sobras de sus compa\u00f1eros,<\/strong>\u00a0 algo que han agradecido enormemente.\u00a0<\/p>\n<p>&#13;<img decoding=\"async\" src=\"https:\/\/www.europesays.com\/es\/wp-content\/uploads\/2025\/10\/adara-molinero_c327d2a2_250929080411_600x600.webp.webp\" alt=\"Adara Molinero \" class=\"widget-article-image image lazyload\"\/>Jessica Bueno recibe una recompensa gracias a Gloria Camila<\/p>\n<p>Adem\u00e1s, a lo largo de la noche ha habido un juego de recompensa m\u00e1s, en el que cada uno de los habitantes de una playa han luchado contra sus compa\u00f1eros por <strong>ganar una ducha de agua caliente<\/strong>. En playa Caos, Gloria Camila se ha hecho con la victoria, superando la prueba en un tiempo r\u00e9cord. Sin embargo, no ha querido gastar toda el agua dulce, sino que<strong> ha querido que su gran amiga, Jessica Bueno, compartiera con ella la experiencia<\/strong>.\u00a0<\/p>\n<p><a href=\"https:\/\/www.semana.es\/medio\/2025\/10\/01\/gloria-camila-le-confiesa-a-jessica-bueno-sus-dudas-sobre-el-exterior_2804d0ad_251001033646_800x432.webp\" class=\"open\" title=\"Gloria Camila le confiesa a Jessica Bueno sus dudas sobre el exterior\" rel=\"nofollow noopener\" target=\"_blank\"><img loading=\"lazy\" decoding=\"async\"   src=\"https:\/\/www.europesays.com\/es\/wp-content\/uploads\/2025\/10\/gloria-camila-le-confiesa-a-jessica-bueno-sus-dudas-sobre-el-exterior_2804d0ad_251001033646_800x432..webp\" alt=\"Gloria Camila le confiesa a Jessica Bueno sus dudas sobre el exterior\" class=\"lazyload\" width=\"800\" height=\"432\" data-aspectratio=\"800\/432\"\/>&#13;<\/p>\n<p>Gloria Camila le confiesa a Jessica Bueno sus dudas sobre el exterior<\/p>\n<p class=\"by\">&#8216;Supervivientes All Stars 2&#8217;. Telecinco<\/p>\n<p>Jessica y Gloria, separadas tras el castigo de sus compa\u00f1eros<\/p>\n<p>Sin embargo, esta alianza se ha roto a lo largo de la noche. No, no se han traicionado ni dejado de ser amigas, pero <strong>han sido separadas por sus compa\u00f1eros<\/strong>. Cada martes, en el tri\u00e1ngulo de fuego se decide qu\u00e9 compa\u00f1ero recibir\u00e1 un castigo por no haber tenido una gran convivencia en la playa durante la semana. La elegida en esta ocasi\u00f3n, tras un desempate del l\u00edder, ha sido Jessica Bueno. La modelo ha enfrentado el castigo con alegr\u00eda, pues como penalizaci\u00f3n ha tenido que abandonar la playa e intercambiarse con Torres, escogido del otro grupo. Esto supone que l<strong>a sevillana se une a playa Armonia\u00a0<\/strong>mejorando sus condiciones de supervivencia, aunque alej\u00e1ndose de sus compa\u00f1eros. <strong>Gloria Camila no se ha tomado bien la noticia<\/strong>, pero Jessica no ha podido evitar saltar al descubrir lo ocurrido.\u00a0<\/p>\n<p>Jessica Bueno, salvada de la semana en &#8216;Supervivientes All Stars&#8217;<\/p>\n<p>Pero, la noche no ha acabado aqu\u00ed. Jessica Bueno ha encontrado otro motivo para saltar y es que se ha convertido en la salvada de la semana. El pasado jueves, <strong>Carlos, Sonia, Jessica y Miri fueron los elegidos para poner su continuidad en Honduras en manos de la audiencia<\/strong>. Sin embargo, a partir de este martes, la que fuera pareja de Kiko Rivera puede dormir tranquila, ya que tras su ducha no ha sido mancada de barro en la salvaci\u00f3n, lo que la convierte en la elegida por los espectadores para seguir viviendo en los Cayos Cochinos al menos una semana m\u00e1s.\u00a0<\/p>\n<blockquote class=\"twitter-tweet\" data-media-max-width=\"560\">\n<p dir=\"ltr\" lang=\"es\">El castigo de esta semana \ud83d\udca3\ud83d\udca3\ud83d\udca3\ud83d\udca3<\/p>\n<p>\ud83c\udfdd\ufe0f <a href=\"https:\/\/twitter.com\/hashtag\/TierraDeNadieAllStars4?src=hash&amp;ref_src=twsrc%5Etfw\" rel=\"nofollow noopener\" target=\"_blank\">#TierraDeNadieAllStars4<\/a><br \/>\ud83d\udd35 <a href=\"https:\/\/t.co\/0FBgMJbInX\" rel=\"nofollow\">https:\/\/t.co\/0FBgMJbInX<\/a><a href=\"https:\/\/t.co\/5POhRIZJp5\" rel=\"nofollow\">pic.twitter.com\/5POhRIZJp5<\/a><\/p>\n<p>\u2014 Supervivientes All Stars (@Supervivientes) <a href=\"https:\/\/twitter.com\/Supervivientes\/status\/1973172730435608818?ref_src=twsrc%5Etfw\" rel=\"nofollow noopener\" target=\"_blank\">September 30, 2025<\/a><\/p><\/blockquote>\n<p>Al descubrir la noticia, Jessica Bueno<strong> ha comenzado a saltar emocionada<\/strong>, agradeciendo al p\u00fablico su cari\u00f1o y haber sido elegida como salvada, comprometi\u00e9ndose a seguir d\u00e1ndolo todo en Honduras.\u00a0<\/p>\n<p>Sin duda u<strong>na noche cargada de emisiones para Jessica Bueno,<\/strong> quien tendr\u00e1 que adaptarse durante estos dos d\u00edas a su nueva playa, antes de vivir la unificaci\u00f3n y comenzar el camino a la gran final del programa (siempre que la audiencia le siga apoyando).\u00a0<\/p>\n<p><script async src=\"https:\/\/platform.twitter.com\/widgets.js\" charset=\"utf-8\"><\/script><\/p>\n","protected":false},"excerpt":{"rendered":"La \u00faltima gala de &#8216;Supervivientes All Stars Tierra de Nadie&#8217; ha estado llena de giros inesperados y momentos&hellip;\n","protected":false},"author":2,"featured_media":150026,"comment_status":"","ping_status":"","sticky":false,"template":"","format":"standard","meta":{"footnotes":""},"categories":[91],"tags":[146,147,25,24,23],"class_list":{"0":"post-150025","1":"post","2":"type-post","3":"status-publish","4":"format-standard","5":"has-post-thumbnail","7":"category-entretenimiento","8":"tag-entertainment","9":"tag-entretenimiento","10":"tag-es","11":"tag-espana","12":"tag-spain"},"share_on_mastodon":{"url":"","error":""},"_links":{"self":[{"href":"https:\/\/www.europesays.com\/es\/wp-json\/wp\/v2\/posts\/150025","targetHints":{"allow":["GET"]}}],"collection":[{"href":"https:\/\/www.europesays.com\/es\/wp-json\/wp\/v2\/posts"}],"about":[{"href":"https:\/\/www.europesays.com\/es\/wp-json\/wp\/v2\/types\/post"}],"author":[{"embeddable":true,"href":"https:\/\/www.europesays.com\/es\/wp-json\/wp\/v2\/users\/2"}],"replies":[{"embeddable":true,"href":"https:\/\/www.europesays.com\/es\/wp-json\/wp\/v2\/comments?post=150025"}],"version-history":[{"count":0,"href":"https:\/\/www.europesays.com\/es\/wp-json\/wp\/v2\/posts\/150025\/revisions"}],"wp:featuredmedia":[{"embeddable":true,"href":"https:\/\/www.europesays.com\/es\/wp-json\/wp\/v2\/media\/150026"}],"wp:attachment":[{"href":"https:\/\/www.europesays.com\/es\/wp-json\/wp\/v2\/media?parent=150025"}],"wp:term":[{"taxonomy":"category","embeddable":true,"href":"https:\/\/www.europesays.com\/es\/wp-json\/wp\/v2\/categories?post=150025"},{"taxonomy":"post_tag","embeddable":true,"href":"https:\/\/www.europesays.com\/es\/wp-json\/wp\/v2\/tags?post=150025"}],"curies":[{"name":"wp","href":"https:\/\/api.w.org\/{rel}","templated":true}]}}