{"id":150027,"date":"2025-10-01T05:39:15","date_gmt":"2025-10-01T05:39:15","guid":{"rendered":"https:\/\/www.europesays.com\/es\/150027\/"},"modified":"2025-10-01T05:39:15","modified_gmt":"2025-10-01T05:39:15","slug":"vueling-refuerza-bilbao-con-22-rutas-en-la-temporada-invernal","status":"publish","type":"post","link":"https:\/\/www.europesays.com\/es\/150027\/","title":{"rendered":"Vueling refuerza Bilbao con 22 rutas en la temporada invernal"},"content":{"rendered":"<p>\n        La aerol\u00ednea de bajo coste\u00a0<a href=\"https:\/\/www.noticiasdenavarra.com\/tags\/vueling\/\" title=\"Vueling\" class=\"link copy\" rel=\"nofollow noopener\" target=\"_blank\"><strong>Vueling<\/strong><\/a><strong>,\u00a0<\/strong>del grupo IAG,\u00a0<strong>dispondr\u00e1 en\u00a0Bilbao\u00a0de 22 rutas en invierno<\/strong>\u00a0y ha programado m\u00e1s de 1,3 millones de asientos en la capital vizcaina, donde es la compa\u00f1\u00eda que m\u00e1s pasajeros transporta.\n<\/p>\n<p class=\"article-body__text \">\n        En total, ha programado 15,7 millones de asientos en toda su red para la temporada de invierno (entre finales de octubre y finales de marzo),\u00a0<strong>400.000 plazas m\u00e1s que refuerzan las rutas hacia Canarias y las Islas Baleares.<\/strong>\n<\/p>\n<p class=\"article-body__text \">\n        Vueling\u00a0<strong>ha puesto el foco en las conexiones entre la pen\u00ednsula y las Islas Canarias,\u00a0<\/strong>donde se han programado un 6 % de asientos adicionales con m\u00e1s de dos millones de plazas,\u00a0<strong>y hacia Baleares,<\/strong>\u00a0con 765.000 asientos y un incremento interanual del 5 %, ha explicado la aerol\u00ednea catalana en un comunicado. En Barcelona, su base principal, Vueling ha programado m\u00e1s de 10 millones de asientos, el mayor programa de invierno de la aerol\u00ednea en El Prat.\n<\/p>\n<p class=\"article-body__text \">\n        La compa\u00f1\u00eda ha reforzado las conexiones con las Islas Canarias, donde\u00a0<strong>ha sumado cerca de un 6 % m\u00e1s de asientos durante invierno desde Barcelona,\u00a0<\/strong>en el que el aeropuerto de El Prat dispondr\u00e1 de m\u00e1s conectividad internacional durante esa temporada, con refuerzo en las frecuencias a Par\u00eds, y tambi\u00e9n hacia B\u00e9lgica, Portugal y el norte de \u00c1frica.\u00a0<\/p>\n","protected":false},"excerpt":{"rendered":"La aerol\u00ednea de bajo coste\u00a0Vueling,\u00a0del grupo IAG,\u00a0dispondr\u00e1 en\u00a0Bilbao\u00a0de 22 rutas en invierno\u00a0y ha programado m\u00e1s de 1,3 millones&hellip;\n","protected":false},"author":2,"featured_media":150028,"comment_status":"","ping_status":"","sticky":false,"template":"","format":"standard","meta":{"footnotes":""},"categories":[80],"tags":[18891,2601,82,95,94,25,24,3703,8341,23,1159],"class_list":{"0":"post-150027","1":"post","2":"type-post","3":"status-publish","4":"format-standard","5":"has-post-thumbnail","7":"category-economia","8":"tag-18891","9":"tag-bilbao","10":"tag-business","11":"tag-economia","12":"tag-economy","13":"tag-es","14":"tag-espana","15":"tag-refuerza","16":"tag-rutas","17":"tag-spain","18":"tag-vueling"},"share_on_mastodon":{"url":"","error":""},"_links":{"self":[{"href":"https:\/\/www.europesays.com\/es\/wp-json\/wp\/v2\/posts\/150027","targetHints":{"allow":["GET"]}}],"collection":[{"href":"https:\/\/www.europesays.com\/es\/wp-json\/wp\/v2\/posts"}],"about":[{"href":"https:\/\/www.europesays.com\/es\/wp-json\/wp\/v2\/types\/post"}],"author":[{"embeddable":true,"href":"https:\/\/www.europesays.com\/es\/wp-json\/wp\/v2\/users\/2"}],"replies":[{"embeddable":true,"href":"https:\/\/www.europesays.com\/es\/wp-json\/wp\/v2\/comments?post=150027"}],"version-history":[{"count":0,"href":"https:\/\/www.europesays.com\/es\/wp-json\/wp\/v2\/posts\/150027\/revisions"}],"wp:featuredmedia":[{"embeddable":true,"href":"https:\/\/www.europesays.com\/es\/wp-json\/wp\/v2\/media\/150028"}],"wp:attachment":[{"href":"https:\/\/www.europesays.com\/es\/wp-json\/wp\/v2\/media?parent=150027"}],"wp:term":[{"taxonomy":"category","embeddable":true,"href":"https:\/\/www.europesays.com\/es\/wp-json\/wp\/v2\/categories?post=150027"},{"taxonomy":"post_tag","embeddable":true,"href":"https:\/\/www.europesays.com\/es\/wp-json\/wp\/v2\/tags?post=150027"}],"curies":[{"name":"wp","href":"https:\/\/api.w.org\/{rel}","templated":true}]}}