{"id":150031,"date":"2025-10-01T05:41:07","date_gmt":"2025-10-01T05:41:07","guid":{"rendered":"https:\/\/www.europesays.com\/es\/150031\/"},"modified":"2025-10-01T05:41:07","modified_gmt":"2025-10-01T05:41:07","slug":"50-anos-del-atentado-que-bautizo-a-la-banda-terrorista","status":"publish","type":"post","link":"https:\/\/www.europesays.com\/es\/150031\/","title":{"rendered":"50 a\u00f1os del atentado que bautiz\u00f3 a la banda terrorista"},"content":{"rendered":"<p>La organizaci\u00f3n terrorista ya exist\u00eda, ya hab\u00eda matado, pero a\u00fan no ten\u00eda nombre. <strong>El 1 de octubre de 1975<\/strong>, hace 50 a\u00f1os, el terrorismo se present\u00f3 con nuevas siglas: <strong>los GRAPO<\/strong> asesinaron en Madrid a cuatro polic\u00edas nacionales en tres atentados distintos. Con un Franco a dos meses de su muerte, la dictadura agonizaba y Espa\u00f1a se acercaba al final del franquismo. <\/p>\n<p>A los presagios de libertad, se sum\u00f3 la irrupci\u00f3n de los <strong>Grupos de Resistencia Antifascista Primero de Octubre <\/strong>(GRAPO). Ese d\u00eda, un nuevo actor irrumpi\u00f3 en el escenario de la violencia armada. <strong>ETA y el FRAP dejaban de estar solos<\/strong>. <\/p>\n<p>Los GRAPO nacieron hace medio siglo como el brazo armado del Partido Comunista de Espa\u00f1a Reconstituido (PCE-r) durante el congreso fundacional de la formaci\u00f3n en un caser\u00edo de La Cavada, un municipio cerca de Santander. Se definieron como una <strong>organizaci\u00f3n clandestina de extrema izquierda<\/strong> que persegu\u00eda \u00abimplementar su l\u00ednea pol\u00edtica\u00bb a trav\u00e9s de acciones que inclu\u00edan la lucha armada, explica Jonatan Rodrigues, doctor en Historia Contempor\u00e1nea de la Universidad de Le\u00f3n y autor del libro &#8216;Los GRAPO contra el Estado&#8217;. <\/p>\n<p>\u00abEl PCE-r daba la l\u00ednea pol\u00edtica\u00bb y los GRAPO actuaban en funci\u00f3n a esas directrices. En palabras del historiador, su objetivo era \u00ab<strong>derrocar la democracia con estructuras de la \u00e9poca anterior<\/strong>\u00bb para instaurar una \u00abdictadura del proletariado y luego convocar elecciones\u00bb.<\/p>\n<p>85 asesinatos y m\u00e1s de 1.000 acciones violentas<\/p>\n<p>El PCE-r surgi\u00f3 en 1975 como una refundaci\u00f3n de la Organizaci\u00f3n de Marxistas Leninistas Espa\u00f1oles, conocida como la OMLE. Esta aglutinaba a numerosos partidos de la izquierda revolucionaria que hab\u00eda surgido en el exilio durante los a\u00f1os de dictadura. Integraba a grupos de personas que hab\u00edan abandonado el <strong>Partido Comunista de Espa\u00f1a<\/strong> (PCE) liderado por <strong>Santiago Carrillo<\/strong>, al que acusaban de \u00abrevisionista\u00bb. <\/p>\n<p>Entre 1975 y 2006, a\u00f1o de su \u00faltima v\u00edctima mortal, los GRAPO <strong>asesinaron a 85 personas, secuestraron a 16 y cometieron m\u00e1s de 1.000 acciones violentas<\/strong>. Un sangriento historial al que hay que sumar los atentados sin esclarecer.<\/p>\n<p>Seg\u00fan diversas asociaciones contra el terrorismo, el n\u00famero de <strong>v\u00edctimas mortales<\/strong> podr\u00eda ascender hasta las <strong>94<\/strong>. Estas cifras la convierten en la <strong>segunda organizaci\u00f3n terrorista espa\u00f1ola con m\u00e1s asesinatos, solo por detr\u00e1s de ETA.<\/strong><\/p>\n<p>El tardofranquismo, que sobreviv\u00eda con respiraci\u00f3n asistida mientras los <strong>movimientos revolucionaros<\/strong> ganaban fuerza en las calles y universidades, se convirti\u00f3 en el caldo de cultivo perfecto para el surgimiento de un nuevo grupo terrorista. M\u00e1s tarde, una democracia todav\u00eda embrionaria careci\u00f3 del poder y la experiencia necesaria para enfrentarse y derrotar a las bandas armadas, lo que permiti\u00f3 que los GRAPO se consolidaran durante los primeros a\u00f1os de la Transici\u00f3n. De hecho, su <strong>a\u00f1o m\u00e1s violento fue 1979<\/strong>, con la ley de Amnist\u00eda de 1977 aplicada y la Constituci\u00f3n refrendada por la sociedad espa\u00f1ola. <\/p>\n<p>El atentado contra cuatro polic\u00edas que da nombre a la organizaci\u00f3n<\/p>\n<p>El 1 de octubre de 1975, Grupos de Resistencia Antifascista Primero de Octubre salieron de la sombra con un triple atentado que da nombre a la organizaci\u00f3n. Aquel d\u00eda, <strong>los GRAPO se bautizaron con la sangre de cuatro polic\u00edas nacionales<\/strong> que fueron abatidos en Madrid. Antonio Fern\u00e1ndez, Agust\u00edn Gin\u00e9s, Joaqu\u00edn Alonso y Miguel Castilla vigilaban dos bancos y una caja de ahorro en distintos puntos de la capital cuando, a primera hora de la ma\u00f1ana, fueron brutalmente disparados por terroristas de los GRAPO. <\/p>\n<p><strong>Los antifascistas reivindicaron este atentado como una respuesta al fusilamiento, <\/strong>cuatro d\u00edas antes,<strong> de dos miembros de ETA y tres del FRAP<\/strong> por parte del r\u00e9gimen de Franco, en las que fueron las \u00faltimas ejecuciones de la dictadura, el 27 de septiembre. La violencia del Estado fue replicada con violencia terrorista. <\/p>\n<p>Pero este no fue el primer atentado de los GRAPO, dos meses antes cometieron otro que no reivindicaron. El 2 de agosto de 1975 el <strong>agente de la Guardia Civil Casimiro S\u00e1nchez<\/strong> fue asesinado en una calle de Carabanchel (Madrid) cuando ya hab\u00eda terminado su turno de vigilancia. Recibi\u00f3 ocho disparos y uno de ellos le alcanz\u00f3 la boca, muriendo mientras intentaba refugiarse en un portal. Su compa\u00f1ero, Ignacio Cabez\u00f3n, tambi\u00e9n fue abatido por los Grupos de Resistencia, aunque logr\u00f3 escudarse con un coche y sobrevivi\u00f3. <\/p>\n<p>California 47: el atentado m\u00e1s letal contra civiles<\/p>\n<p>El <strong>a\u00f1o m\u00e1s letal de los GRAPO fue 1979<\/strong>, en paralelo con los \u00ab<strong>a\u00f1os de plomo<\/strong>\u00bb de ETA. Seg\u00fan datos del Ministerio del Interior, la organizaci\u00f3n terrorista <strong>cometi\u00f3 entonces 31 asesinatos<\/strong>. La acci\u00f3n m\u00e1s mort\u00edfera de la banda fue el <strong>atentado en la cafeter\u00eda California 47 de Madrid<\/strong> de mayo de 1979. Los terroristas hicieron explotar una bomba en el interior del local, que provoc\u00f3 la muerte de nueve personas y dej\u00f3 m\u00e1s de 60 heridos. Los GRAPO ocultaron cinco kilos de goma-2 en una bolsa deportiva que colocaron en los lavabos de la planta baja. <\/p>\n<p>A las 19:00 de la tarde hicieron detonar el explosivo, acabando con la vida de <strong>siete mujeres y dos hombres<\/strong> que merendaban en esta c\u00e9ntrica cafeter\u00eda de la calle Goya. Este fue el primer atentado con <strong>v\u00edctimas civiles de \u00abforma consciente\u00bb,<\/strong> detalla Rodrigues. Hasta entonces, sus objetivos eran personas \u00abde las instituciones, las oligarqu\u00edas empresariales y las fuerzas y cuerpos de seguridad del Estado\u00bb. <\/p>\n<p>Explosi\u00f3n en la Cafeter\u00eda 47 de la calle Goya (Madrid)\u00a0EFE<\/p>\n<p>Un mes antes del atentado de la cafeter\u00eda California, la Polic\u00eda abati\u00f3 mortalmente a Juan Carlos Delgado de Codes, miembro del PCE-r. Despu\u00e9s de este \u00abatentado, los <strong>GRAPO iniciaron una campa\u00f1a que se llama 100 por 1<\/strong>\u00ab. Es decir, por cada muerte de uno de los suyos, la organizaci\u00f3n terrorista pretend\u00eda responder con 100 asesinatos. <\/p>\n<p>La masacre de California 47 fue parte de esta campa\u00f1a de violencia masiva, aunque \u00abse les fue de las manos\u00bb, subraya el doctor. Cerca de la cafeter\u00eda estaba la sede del partido ultraderechista Fuerza Nueva, y sus integrantes frecuentaban el local: \u00abAl ser de extrema derecha, formaban parte de esa poblaci\u00f3n que ellos consideraban como combatiente\u00bb. <\/p>\n<p>Publio Cord\u00f3n, el empresario que nunca apareci\u00f3<\/p>\n<p>Entre las acciones m\u00e1s significativas de los GRAPO, destacan varios atentados y secuestros que marcaron la actividad de la banda y calaron en la opini\u00f3n p\u00fablica. Uno de los casos m\u00e1s notorios fue el <strong>secuestro y desaparici\u00f3n del empresario Publio Cord\u00f3n<\/strong> en junio de 1995, considerado como uno de los puntos de inflexi\u00f3n en la lucha contra la organizaci\u00f3n. Tras el secuestro en Zaragoza, la organizaci\u00f3n pidi\u00f3 a la familia <strong>400 millones de pesetas a cambio de su liberaci\u00f3n <\/strong>(casi 2,5 millones de euros), cantidad que abonaron en agosto.<\/p>\n<p>Fotograf\u00eda de archivo de Publio Cord\u00f3n\u00a0EFE\/ Javier Cebollada<\/p>\n<p><strong>Sin embargo, Publio Cord\u00f3n nunca apareci\u00f3<\/strong>. \u00abSer\u00e1 que le han dicho al soltarle que espere a que caiga el sol para salir de donde se encuentre, <strong>ser\u00e1 que le han dicho que espere a que salga la luna<\/strong>, ser\u00e1 que le han dicho que espere hasta que vuelva a hacerse de d\u00eda\u00bb, relat\u00f3 su mujer, Pilar Muro, en una entrevista para El Mundo, recordando la incertidumbre que vivi\u00f3 despu\u00e9s de pagar el rescate de su marido. <\/p>\n<p>La versi\u00f3n oficial que ofrecieron los terroristas al diario Egin fue que lo hab\u00edan liberado y que no hab\u00edan vuelto a saber nada de \u00e9l. En 2007, la Audiencia Nacional conden\u00f3 a <strong>Fernando Silva Sande a 28 a\u00f1os de c\u00e1rcel<\/strong> por el secuestro de Cord\u00f3n y, a\u00f1os despu\u00e9s, reconoci\u00f3 que su muerte fue un \u00abtr\u00e1gico accidente\u00bb que se produjo cuando intent\u00f3 escapar de su cautiverio a trav\u00e9s de la ventana de una segunda planta.<\/p>\n<p>El terrorista Fernando Silva Sande, juzgado en la Audiencia Nacional\u00a0EFE\/Juan M. Espinosa<\/p>\n<p>A d\u00eda de hoy, <strong>la familia desconoce el paradero del cad\u00e1ver de Cord\u00f3n<\/strong> y no han podido despedirse de su difunto. La ausencia del cuerpo y los testimonios contradictorios de los secuestradores, impidieron a la Audiencia Nacional condenarles por homicidio por omisi\u00f3n.<\/p>\n<p>Operaciones policiales para su desarticulaci\u00f3n<\/p>\n<p>Los GRAPO sufrieron importantes golpes policiales durante sus a\u00f1os de trayectoria armada, hasta el punto de que en varias ocasiones el Ministerio del Interior lleg\u00f3 a pensar que la banda estaba pr\u00e1cticamente desmantelada. El primer gran rev\u00e9s lleg\u00f3 muy pronto, en 1977 fue detenido el Comit\u00e9 Central de la organizaci\u00f3n, el comando Madrid. En esta operaci\u00f3n tambi\u00e9n fue arrestado uno de sus cabecillas, <strong>Manuel P\u00e9rez Mart\u00ednez, secretario general del PCE-r, conocido como el camarada Arenas. <\/strong><\/p>\n<p>Durante la d\u00e9cada de los ochenta, se desarticularon los comandos de <strong>Galicia, Asturias y Barcelona<\/strong> y varios dirigentes fueron detenidos. El Estado aplic\u00f3 a los integrantes de los GRAPO la dispersi\u00f3n penitenciaria, como ya hac\u00eda con ETA. En noviembre del 2000, una operaci\u00f3n conjunta de la Guardia Civil con la polic\u00eda francesa <strong>desmantel\u00f3 la direcci\u00f3n de la banda asentada en Par\u00eds<\/strong>. La acci\u00f3n culmin\u00f3 con la detenci\u00f3n de siete l\u00edderes, entre ellos <strong>el camarada Arenas, <\/strong>que ya hab\u00eda salido de prisi\u00f3n<strong>. <\/strong><\/p>\n<p>Pese a esta acci\u00f3n policial, la c\u00fapula pudo reorganizarse con rapidez por su <strong>estructura \u00abcompartimentada\u00bb, <\/strong>apunta el especialista en Historia Contempor\u00e1nea. Este <strong>\u00abmecanismo de defensa b\u00e1sico\u00bb<\/strong>, permit\u00eda que si un comando era desarticulado, el resto de la organizaci\u00f3n permaneciera a salvo. Una nueva operaci\u00f3n franco-espa\u00f1ola en 2002 permiti\u00f3 detener a los nuevos dirigentes.<\/p>\n<p>El camarada Arenas durante un juicio en su contra\u00a0EFE\/J.L. Pino<\/p>\n<p>Negociaciones con el Gobierno y la decisi\u00f3n de Garz\u00f3n<\/p>\n<p>En junio de 1996, durante el <strong>Gobierno de Jos\u00e9 Mar\u00eda Aznar,<\/strong> el Centro Superior de Informaci\u00f3n de la Defensa (CESID) inici\u00f3 conversaciones con los GRAPO para alcanzar un acuerdo de cese de la lucha armada. El Ejecutivo transmiti\u00f3 a sus interlocutores que estaban dispuestos a <strong>reagrupar a todos los presos a cambio del abandono de las armas<\/strong>. <\/p>\n<p>Sin embargo, la falta de colaboraci\u00f3n, y la ausencia de datos sobre el paradero de Cord\u00f3n, frustraron el acuerdo y los terroristas anunciaron en <strong>1997 que las negociaciones se hab\u00edan roto.<\/strong> En los a\u00f1os siguientes, se not\u00f3 un incremento notable de la actividad terrorista, con 21 atentados en 1998 y 25 en el 2000. Durante los primeros a\u00f1os de siglo, <strong>Estados Unidos y la Uni\u00f3n Europea<\/strong> incluyeron a los GRAPO en sus listas de organizaciones terroristas<\/p>\n<p>El juez de la Audiencia Nacional Baltasar Garz\u00f3n asest\u00f3 en 2003 un golpe que noque\u00f3 a la estructura pol\u00edtica de los GRAPO y condicion\u00f3 su capacidad de acci\u00f3n. El magistrado suspendi\u00f3 las actividades del <strong>PCE-r al considerar que \u00abfija la t\u00e1ctica y la estrategia de la lucha armada<\/strong>\u00ab. La justicia espa\u00f1ola consider\u00f3 probado que el partido comunista jugaba un papel de direcci\u00f3n de la rama militar. <\/p>\n<p>El trabajo conjunto entre las fuerzas de seguridad de <strong>Espa\u00f1a y Francia<\/strong> logr\u00f3 desarticular el brazo armado de los GRAPO, pero la organizaci\u00f3n nunca se ha disuelto. Seg\u00fan le traslad\u00f3 un integrante de la banda a Rodrigues, \u00abellos est\u00e1n inoperativos, pero puede existir\u00bb. Aunque no tengan capacidad activa, nunca entregaron las armas y algunos integrantes, como el <strong>camarada Arenas<\/strong>, mantiene viva la organizaci\u00f3n y sigue reivindicando sus acciones en m\u00edtines y redes sociales. <\/p>\n","protected":false},"excerpt":{"rendered":"La organizaci\u00f3n terrorista ya exist\u00eda, ya hab\u00eda matado, pero a\u00fan no ten\u00eda nombre. El 1 de octubre de&hellip;\n","protected":false},"author":2,"featured_media":150032,"comment_status":"","ping_status":"","sticky":false,"template":"","format":"standard","meta":{"footnotes":""},"categories":[8],"tags":[17,18,25,24,13,14,11,19,20,9,10,15,16,23,12,21,22],"class_list":{"0":"post-150031","1":"post","2":"type-post","3":"status-publish","4":"format-standard","5":"has-post-thumbnail","7":"category-espana","8":"tag-breaking-news","9":"tag-breakingnews","10":"tag-es","11":"tag-espana","12":"tag-featured-news","13":"tag-featurednews","14":"tag-headlines","15":"tag-latest-news","16":"tag-latestnews","17":"tag-news","18":"tag-noticias","19":"tag-noticias-destacadas","20":"tag-noticiasdestacadas","21":"tag-spain","22":"tag-titulares","23":"tag-ultimas-noticias","24":"tag-ultimasnoticias"},"share_on_mastodon":{"url":"","error":""},"_links":{"self":[{"href":"https:\/\/www.europesays.com\/es\/wp-json\/wp\/v2\/posts\/150031","targetHints":{"allow":["GET"]}}],"collection":[{"href":"https:\/\/www.europesays.com\/es\/wp-json\/wp\/v2\/posts"}],"about":[{"href":"https:\/\/www.europesays.com\/es\/wp-json\/wp\/v2\/types\/post"}],"author":[{"embeddable":true,"href":"https:\/\/www.europesays.com\/es\/wp-json\/wp\/v2\/users\/2"}],"replies":[{"embeddable":true,"href":"https:\/\/www.europesays.com\/es\/wp-json\/wp\/v2\/comments?post=150031"}],"version-history":[{"count":0,"href":"https:\/\/www.europesays.com\/es\/wp-json\/wp\/v2\/posts\/150031\/revisions"}],"wp:featuredmedia":[{"embeddable":true,"href":"https:\/\/www.europesays.com\/es\/wp-json\/wp\/v2\/media\/150032"}],"wp:attachment":[{"href":"https:\/\/www.europesays.com\/es\/wp-json\/wp\/v2\/media?parent=150031"}],"wp:term":[{"taxonomy":"category","embeddable":true,"href":"https:\/\/www.europesays.com\/es\/wp-json\/wp\/v2\/categories?post=150031"},{"taxonomy":"post_tag","embeddable":true,"href":"https:\/\/www.europesays.com\/es\/wp-json\/wp\/v2\/tags?post=150031"}],"curies":[{"name":"wp","href":"https:\/\/api.w.org\/{rel}","templated":true}]}}