{"id":150033,"date":"2025-10-01T05:42:28","date_gmt":"2025-10-01T05:42:28","guid":{"rendered":"https:\/\/www.europesays.com\/es\/150033\/"},"modified":"2025-10-01T05:42:28","modified_gmt":"2025-10-01T05:42:28","slug":"el-gobierno-aprueba-tipificar-la-violencia-vicaria-como-delito-en-el-codigo-penal-con-penas-de-hasta-tres-anos-de-carcel","status":"publish","type":"post","link":"https:\/\/www.europesays.com\/es\/150033\/","title":{"rendered":"El Gobierno aprueba tipificar la violencia vicaria como delito en el C\u00f3digo Penal con penas de hasta tres a\u00f1os de c\u00e1rcel"},"content":{"rendered":"<p class=\"paragraph\" id=\"paragraph_1\">El Gobierno ha aprobado este martes en el Consejo de Ministros el<strong> anteproyecto de Ley Org\u00e1nica contra la violencia vicaria, <\/strong>con hasta <strong>tres a\u00f1os de c\u00e1rcel<\/strong>, y que incluye esta forma de <a href=\"https:\/\/www.elespanol.com\/temas\/violencia_machista\/?utm_cmp_rs=linksinline\" rel=\"nofollow noopener\" target=\"_blank\">violencia machista <\/a>como <a href=\"https:\/\/www.elespanol.com\/temas\/codigo_penal\/?utm_cmp_rs=linksinline\" rel=\"nofollow noopener\" target=\"_blank\">delito en el C\u00f3digo Penal.<\/a><\/p>\n<p class=\"paragraph\" id=\"paragraph_2\">El objetivo de esta ley es reconocer como v\u00edctimas de violencia de g\u00e9nero<strong> no s\u00f3lo a los hijos e hijas menores, tambi\u00e9n a familiares y parejas de las mujeres. <\/strong>Como dato, 65 ni\u00f1os han sido asesinados por violencia vicaria desde 2013. <\/p>\n<p class=\"paragraph\" id=\"paragraph_3\">Tambi\u00e9n incluye la pena accesoria para la <strong>prohibici\u00f3n de que los agresores vicarios difundan p\u00fablicamente detalles de sus cr\u00edmenes<\/strong> y evitar as\u00ed que se repita lo que sucedi\u00f3 con el <a href=\"https:\/\/www.elespanol.com\/espana\/andalucia\/20250312\/breton-confiesa-libro-asesino-hijos-poner-cuerpos-fuego-comprobe-no-respiraban\/930657219_0.html?utm_cmp_rs=linksinline\" rel=\"nofollow noopener\" target=\"_blank\">asesino Jos\u00e9 Bret\u00f3n<\/a> y <a href=\"https:\/\/www.elespanol.com\/el-cultural\/letras\/20250416\/anagrama-suspende-definitivamente-publicacion-odio-polemico-libro-jose-breton\/1003743717984_0.html?utm_cmp_rs=linksinline\" rel=\"nofollow noopener\" target=\"_blank\">el libro El odio, que nunca lleg\u00f3 a publicarse.<\/a><\/p>\n<p><img loading=\"lazy\" decoding=\"async\" alt=\"WhatsApp Image 2025-04-02 at 18.44.43 (1)\" height=\"180\" src=\"https:\/\/www.europesays.com\/es\/wp-content\/uploads\/2025\/10\/1003743696223_254422361_320x180.jpg\" width=\"320\" data-lazy-status=\"processed\" data-lazy-info=\"remove loading item 1\"\/><\/p>\n<p class=\"paragraph\" id=\"paragraph_4\">El texto, que se convierte en la primera ley integral sobre esta cuesti\u00f3n, define la violencia vicaria como \u00abaquella que, con<strong> el objetivo de causar dolor y sufrimiento a las mujeres<\/strong>, puede ejercerse sobre los hijos e hijas o descendientes, personas menores de edad sujetas a su tutela o guarda y custodia, los ascendientes o hermanos y hermanas de \u00e9sta, as\u00ed como su pareja o anteriores parejas, aunque no exista convivencia\u00bb.<\/p>\n<p>Tres a\u00f1os de prisi\u00f3n <\/p>\n<p class=\"paragraph\" id=\"paragraph_5\">Adem\u00e1s, introduce en el C\u00f3digo Penal un nuevo art\u00edculo -el 173 bis- que tipifica la violencia vicaria como un<strong> delito contra la integridad moral de las mujeres<\/strong> con <strong>penas de prisi\u00f3n de seis meses a tres a\u00f1os.<\/strong><\/p>\n<p class=\"paragraph\" id=\"paragraph_6\">Esta modificaci\u00f3n convierte la violencia vicaria en un delito aut\u00f3nomo con agravante de g\u00e9nero y sanciones acumuladas.<\/p>\n<p class=\"paragraph\" id=\"paragraph_7\">Tambi\u00e9n se incorporan penas accesorias como la <strong>prohibici\u00f3n de portar armas por un tiempo definido entre los tres a\u00f1os y los cinco a\u00f1os.<\/strong><\/p>\n<p class=\"paragraph\" id=\"paragraph_8\">El anteproyecto tambi\u00e9n contempla modificaciones en el C\u00f3digo Civil, en concreto del art\u00edculo 92.6 sobre el<strong> r\u00e9gimen de guardia y custodia,<\/strong> a trav\u00e9s del cual se establece la <strong>obligaci\u00f3n de escuchar en todo caso a los hijas e hijos menores de edad,<\/strong> as\u00ed como a los mayores con discapacidad, antes de acordar el r\u00e9gimen de guardia y custodia.<\/p>\n<p><img decoding=\"async\" alt=\"Pedro Gonz\u00e1lez junto a su hija Eva y su pareja Simona.\" height=\"180\" loading=\"lazy\" width=\"320\" data-lazy-status=\"processed\" id=\"963a7c9505\" src=\"https:\/\/www.elespanol.com\/espana\/politica\/20250930\/gobierno-aprueba-tipificar-violencia-vicaria-delito-codigo-penal-penas-anos-carcel\/[\" https:=\"\" data-lazy-info=\"changed src\"\/><\/p>\n<p class=\"paragraph\" id=\"paragraph_9\">Por otro lado, se modifica tambi\u00e9n el art\u00edculo 94 del C\u00f3digo Civil con el objetivo de<strong> reforzar la fundamentaci\u00f3n a la hora de establecer en la resoluci\u00f3n motivada un r\u00e9gimen de visitas, comunicaci\u00f3n o estancia<\/strong> cuando el progenitor est\u00e1 incurso en un proceso penal de violencia dom\u00e9stica o de g\u00e9nero.<\/p>\n<p class=\"paragraph\" id=\"paragraph_10\">La norma tambi\u00e9n busca dar cumplimiento a medidas del Pacto de Estado contra la Violencia de G\u00e9nero y avanzar en el reconocimiento de la<strong> protecci\u00f3n de las personas mayores de edad con discapacidad<\/strong> que se encuentran en relaci\u00f3n de dependencia respecto a la v\u00edctima.<\/p>\n<p>El PP participar\u00e1 en el texto <\/p>\n<p class=\"paragraph\" id=\"paragraph_11\">La ministra de Igualdad, <strong>Ana Redondo<\/strong>, ha explicado en la rueda de prensa tras el Consejo de Ministros que los objetivos de este anteproyecto es<strong> \u00abvisibilizar, reconocer, prevenir, sancionar y erradicar la violencia vicaria\u00bb. <\/strong><\/p>\n<p class=\"paragraph\" id=\"paragraph_12\">\u00abLas asociaciones y entidades de v\u00edctimas nos hab\u00edan hecho llegar la necesidad de regular la violencia vicaria, y hab\u00eda un compromiso de hacerlo. (&#8230;) <strong>Hab\u00eda que proteger a las v\u00edctimas y concienciar a la sociedad<\/strong>\u00ab, ha dicho.<\/p>\n<p class=\"paragraph\" id=\"paragraph_13\">Tambi\u00e9n ha lamentado que hasta ahora este tipo de violencia no est\u00e9 incorporada a nuestro ordenamiento jur\u00eddico. \u00abPuesto que la realidad es la que es, es necesario definirla y eso es lo que hemos hecho\u00bb, ha afirmado.<\/p>\n<p class=\"paragraph\" id=\"paragraph_14\">Redondo tambi\u00e9n ha confirmado que el PP participar\u00e1 en la mejora de este texto legislativo.<\/p>\n<p><img decoding=\"async\" alt=\"EuropaPress_6820924_dos_personas_abrazan_lugar_donde_ocurrido_hechos_25_junio_2025_algemesi\" height=\"180\" loading=\"lazy\" width=\"320\" data-lazy-status=\"processed\" id=\"515a6a90d0\" src=\"https:\/\/www.elespanol.com\/espana\/politica\/20250930\/gobierno-aprueba-tipificar-violencia-vicaria-delito-codigo-penal-penas-anos-carcel\/[\" https:=\"\" data-lazy-info=\"changed src\"\/><\/p>\n<p>65 ni\u00f1os asesinados<\/p>\n<p class=\"paragraph\" id=\"paragraph_15\">La ministra ha recordado que, desde que hay registros, en 2013, un total de<strong> 65 ni\u00f1os han sido asesinados por violencia vicaria.<\/strong><\/p>\n<p class=\"paragraph\" id=\"paragraph_16\">Redondo tambi\u00e9n ha destacado la importancia de \u00abproteger a las v\u00edctimas, pero tambi\u00e9n concienciar a la sociedad espa\u00f1ola sobre la necesidad de acabar con estas violencias tan radicales, tan salvajes, tan absolutamente inconcebibles\u00bb.<\/p>\n<p class=\"paragraph\" id=\"paragraph_17\">El caso que sobrecogi\u00f3 a la sociedad espa\u00f1ola y contribuy\u00f3 a poner el foco sobre esta violencia que se ceba con la infancia fue el <a href=\"https:\/\/www.elespanol.com\/espana\/20161007\/161234236_0.html?utm_cmp_rs=linksinline\" rel=\"nofollow noopener\" target=\"_blank\">doble crimen perpetrado en 2011 por Jos\u00e9 Bret\u00f3n, que mat\u00f3 a sus hijos Ruth y Jos\u00e9 y quem\u00f3 sus cuerpos<\/a> para vengarse de su exmujer despu\u00e9s de que ella decidiera separarse.<\/p>\n<p class=\"paragraph\" id=\"paragraph_18\"><strong>2015 y 2024<\/strong> fueron los a\u00f1os m\u00e1s cruentos en cuanto a asesinatos de menores por violencia de g\u00e9nero a manos de sus padres o las parejas o exparejas de sus madres, con <strong>nueve v\u00edctimas mortales<\/strong> cada uno.<\/p>\n<p class=\"paragraph\" id=\"paragraph_19\">En <strong>2013 fueron seis<\/strong> las v\u00edctimas mortales de cr\u00edmenes vicarios; 4 en 2014; 9 en 2015; uno en 2016; 8 en 2017; 7 en 2018; 3 en 2019; 4 en 2020; 7 en 2021; 2 en 2022; 2 en 2023, 9 en 2024 y 3 en 2025.<\/p>\n<p class=\"paragraph\" id=\"paragraph_20\">En 2013 fueron 6 las v\u00edctimas mortales de cr\u00edmenes vicarios; 4 en 2014; 9 en 2015; uno en 2016; 8 en 2017; 7 en 2018; 3 en 2019; 4 en 2020; 7 en 2021; 2 en 2022; 2 en 2023, 9 en 2024 y 3 en 2025.<\/p>\n<p class=\"paragraph\" id=\"paragraph_21\">En 35 ocasiones (el 54%), el agresor se suicid\u00f3 tras cometer el crimen y en otras 7 lo intent\u00f3 (10,7\u00a0). <strong>La inmensa mayor\u00eda de los asesinos eran el padre biol\u00f3gico de las v\u00edctimas, el 86%.<\/strong><\/p>\n<p class=\"paragraph\" id=\"paragraph_22\"><strong>En lo que va de 2025 han sido asesinados tres menores<\/strong>.<\/p>\n<p class=\"paragraph\" id=\"paragraph_23\">El 1 de abril, <strong>Nadia, de 5 a\u00f1os<\/strong>, fue asesinada por la expareja de su madre en Llano de Brujas (Murcia). El agresor habr\u00eda acabado con la vida de la ni\u00f1a suministr\u00e1ndole pastillas o sustancias estupefacientes durante un viaje en coche.<\/p>\n<p class=\"paragraph\" id=\"paragraph_24\">El pasado 30 de mayo,<strong> Eva Yasmin, de 13 a\u00f1os<\/strong>, fue asesinada presuntamente por su padre en el domicilio familiar del barrio de Rekalde, en Bilbao, en el que el agresor tambi\u00e9n hiri\u00f3 a la madre y despu\u00e9s se suicid\u00f3.<\/p>\n<p class=\"paragraph\" id=\"paragraph_25\">El 25 de junio,<strong> Samuel, de 2 a\u00f1os<\/strong>, fue asesinado junto a su madre por su padre en Algemes\u00ed (Valencia).<\/p>\n","protected":false},"excerpt":{"rendered":"El Gobierno ha aprobado este martes en el Consejo de Ministros el anteproyecto de Ley Org\u00e1nica contra la&hellip;\n","protected":false},"author":2,"featured_media":150034,"comment_status":"","ping_status":"","sticky":false,"template":"","format":"standard","meta":{"footnotes":""},"categories":[5],"tags":[17,18,14291,25,24,13,14,11,2178,19,20,28384,9,10,15,16,952,23,12,21,22,432,16317,6580],"class_list":{"0":"post-150033","1":"post","2":"type-post","3":"status-publish","4":"format-standard","5":"has-post-thumbnail","7":"category-titulares","8":"tag-breaking-news","9":"tag-breakingnews","10":"tag-codigo-penal","11":"tag-es","12":"tag-espana","13":"tag-featured-news","14":"tag-featurednews","15":"tag-headlines","16":"tag-igualdad","17":"tag-latest-news","18":"tag-latestnews","19":"tag-ministerio-de-igualdad","20":"tag-news","21":"tag-noticias","22":"tag-noticias-destacadas","23":"tag-noticiasdestacadas","24":"tag-politica","25":"tag-spain","26":"tag-titulares","27":"tag-ultimas-noticias","28":"tag-ultimasnoticias","29":"tag-violencia","30":"tag-violencia-de-genero","31":"tag-violencia-machista"},"share_on_mastodon":{"url":"","error":""},"_links":{"self":[{"href":"https:\/\/www.europesays.com\/es\/wp-json\/wp\/v2\/posts\/150033","targetHints":{"allow":["GET"]}}],"collection":[{"href":"https:\/\/www.europesays.com\/es\/wp-json\/wp\/v2\/posts"}],"about":[{"href":"https:\/\/www.europesays.com\/es\/wp-json\/wp\/v2\/types\/post"}],"author":[{"embeddable":true,"href":"https:\/\/www.europesays.com\/es\/wp-json\/wp\/v2\/users\/2"}],"replies":[{"embeddable":true,"href":"https:\/\/www.europesays.com\/es\/wp-json\/wp\/v2\/comments?post=150033"}],"version-history":[{"count":0,"href":"https:\/\/www.europesays.com\/es\/wp-json\/wp\/v2\/posts\/150033\/revisions"}],"wp:featuredmedia":[{"embeddable":true,"href":"https:\/\/www.europesays.com\/es\/wp-json\/wp\/v2\/media\/150034"}],"wp:attachment":[{"href":"https:\/\/www.europesays.com\/es\/wp-json\/wp\/v2\/media?parent=150033"}],"wp:term":[{"taxonomy":"category","embeddable":true,"href":"https:\/\/www.europesays.com\/es\/wp-json\/wp\/v2\/categories?post=150033"},{"taxonomy":"post_tag","embeddable":true,"href":"https:\/\/www.europesays.com\/es\/wp-json\/wp\/v2\/tags?post=150033"}],"curies":[{"name":"wp","href":"https:\/\/api.w.org\/{rel}","templated":true}]}}