{"id":150035,"date":"2025-10-01T05:49:10","date_gmt":"2025-10-01T05:49:10","guid":{"rendered":"https:\/\/www.europesays.com\/es\/150035\/"},"modified":"2025-10-01T05:49:10","modified_gmt":"2025-10-01T05:49:10","slug":"max-verstappen-se-llevo-el-triunfo-en-nurburgring-con-una-ferrari-296-gt3","status":"publish","type":"post","link":"https:\/\/www.europesays.com\/es\/150035\/","title":{"rendered":"Max Verstappen se llev\u00f3 el triunfo en N\u00fcrburgring con una Ferrari 296 GT3"},"content":{"rendered":"<p>En un par\u00e9ntesis del calendario de la F\u00f3rmula 1, <strong>Max Verstappen sorprendi\u00f3 con un debut so\u00f1ado en el campeonato de resistencia NLS: <\/strong>corri\u00f3 en el desafiante N\u00fcrburgring-Nordschleife y se qued\u00f3 con la victoria al mando de un <strong>Ferrari 296 GT3<\/strong> del equipo Emil Frey Racing, junto a su compa\u00f1ero <strong>Chris Lulham.<\/strong><\/p>\n<p>La competencia, disputada el s\u00e1bado 27 en un trazado de 24,4 km y con la participaci\u00f3n de m\u00e1s de 100 autos (11 de ellos GT3), puso a prueba a Verstappen frente a rivales de gran experiencia y marcas como Aston Martin, Ford, Porsche y Audi. Pese a las complicaciones clim\u00e1ticas en la clasificaci\u00f3n, el tricampe\u00f3n de F1 larg\u00f3 desde la segunda posici\u00f3n, super\u00f3 r\u00e1pidamente al Aston Martin de Christian Krognes y se adue\u00f1\u00f3 de la punta, que mantuvo sin sobresaltos.<br \/>&#13;<br \/>\n<img decoding=\"async\" style=\"max-width: 100%; width: 100%;\" alt=\"Verstappen en N\u00fcrburgring\" src=\"https:\/\/www.europesays.com\/es\/wp-content\/uploads\/2025\/10\/verstappen-en-nurburgring-2109458.jpg\" loading=\"lazy\"\/><br \/>&#13;<br \/>\nDurante su carrera, Verstappen marc\u00f3 un <strong>r\u00e9cord de vuelta de 7:51.514<\/strong>, el mejor de la temporada, y entreg\u00f3 el auto a su compa\u00f1ero con casi un minuto de ventaja. Lulham administr\u00f3 con solidez el cierre y, tras cuatro horas de carrera, la dupla sell\u00f3 un debut perfecto con triunfo en la <strong>9\u00aa fecha del campeonato NLS<\/strong>.<\/p>\n<p>En el podio, los acompa\u00f1aron los Ford Mustang GT3 n\u00fameros 9 y 6, que completaron el top 3. As\u00ed, Verstappen sum\u00f3 un nuevo \u00e9xito fuera de la F\u00f3rmula 1, justo antes de enfocarse en su pr\u00f3ximo desaf\u00edo: el <strong>Gran Premio de Singapur en Marina Bay<\/strong>, que se correr\u00e1 el siguiente fin de semana.<\/p>\n<p>Galer\u00eda de im\u00e1genes<\/p>\n<p>\t\t\t\t\t\t\t\t\t\t\t\t\t\t\t\t\t\t\t<a href=\"https:\/\/fotos.perfil.com\/2025\/10\/01\/verstappen-en-nurburgring-2109457.jpg\" title=\"Verstappen en N\u00fcrburgring\" rel=\"nofollow noopener\" target=\"_blank\"><\/p>\n<p>                <img loading=\"lazy\" decoding=\"async\" alt=\"Verstappen en N\u00fcrburgring\" class=\"img-fluid\" src=\"https:\/\/www.europesays.com\/es\/wp-content\/uploads\/2025\/10\/verstappen-en-nurburgring-2109457.jpg\" width=\"360\" height=\"203\"\/><\/p>\n<p>\t\t\t\t\t\t\t\t\t\t<\/a><br \/>\n\t\t\t\t\t\t\t\t\t\t\t\t\t\t\t\t\t\t\t<a href=\"https:\/\/fotos.perfil.com\/2025\/10\/01\/verstappen-en-nurburgring-2109458.jpg\" title=\"Verstappen en N\u00fcrburgring\" rel=\"nofollow noopener\" target=\"_blank\"><\/p>\n<p>                <img loading=\"lazy\" decoding=\"async\" alt=\"Verstappen en N\u00fcrburgring\" class=\"img-fluid\" src=\"https:\/\/www.europesays.com\/es\/wp-content\/uploads\/2025\/10\/1759297750_49_verstappen-en-nurburgring-2109458.jpg\" width=\"360\" height=\"203\"\/><\/p>\n<p>\t\t\t\t\t\t\t\t\t\t<\/a><\/p>\n<p>Tambi\u00e9n te puede interesar<\/p>\n","protected":false},"excerpt":{"rendered":"En un par\u00e9ntesis del calendario de la F\u00f3rmula 1, Max Verstappen sorprendi\u00f3 con un debut so\u00f1ado en el&hellip;\n","protected":false},"author":2,"featured_media":150036,"comment_status":"","ping_status":"","sticky":false,"template":"","format":"standard","meta":{"footnotes":""},"categories":[270],"tags":[168,25,24,306,271,272,23,167],"class_list":{"0":"post-150035","1":"post","2":"type-post","3":"status-publish","4":"format-standard","5":"has-post-thumbnail","7":"category-formula-1","8":"tag-deportes","9":"tag-es","10":"tag-espana","11":"tag-f1","12":"tag-formula-1","13":"tag-formula1","14":"tag-spain","15":"tag-sports"},"share_on_mastodon":{"url":"","error":""},"_links":{"self":[{"href":"https:\/\/www.europesays.com\/es\/wp-json\/wp\/v2\/posts\/150035","targetHints":{"allow":["GET"]}}],"collection":[{"href":"https:\/\/www.europesays.com\/es\/wp-json\/wp\/v2\/posts"}],"about":[{"href":"https:\/\/www.europesays.com\/es\/wp-json\/wp\/v2\/types\/post"}],"author":[{"embeddable":true,"href":"https:\/\/www.europesays.com\/es\/wp-json\/wp\/v2\/users\/2"}],"replies":[{"embeddable":true,"href":"https:\/\/www.europesays.com\/es\/wp-json\/wp\/v2\/comments?post=150035"}],"version-history":[{"count":0,"href":"https:\/\/www.europesays.com\/es\/wp-json\/wp\/v2\/posts\/150035\/revisions"}],"wp:featuredmedia":[{"embeddable":true,"href":"https:\/\/www.europesays.com\/es\/wp-json\/wp\/v2\/media\/150036"}],"wp:attachment":[{"href":"https:\/\/www.europesays.com\/es\/wp-json\/wp\/v2\/media?parent=150035"}],"wp:term":[{"taxonomy":"category","embeddable":true,"href":"https:\/\/www.europesays.com\/es\/wp-json\/wp\/v2\/categories?post=150035"},{"taxonomy":"post_tag","embeddable":true,"href":"https:\/\/www.europesays.com\/es\/wp-json\/wp\/v2\/tags?post=150035"}],"curies":[{"name":"wp","href":"https:\/\/api.w.org\/{rel}","templated":true}]}}