{"id":15004,"date":"2025-07-30T23:20:07","date_gmt":"2025-07-30T23:20:07","guid":{"rendered":"https:\/\/www.europesays.com\/es\/15004\/"},"modified":"2025-07-30T23:20:07","modified_gmt":"2025-07-30T23:20:07","slug":"trump-cierra-un-vacio-legal-e-impone-aranceles-a-los-paquetes-pequenos-del-comercio-internacional","status":"publish","type":"post","link":"https:\/\/www.europesays.com\/es\/15004\/","title":{"rendered":"Trump cierra un \u00abvac\u00edo legal\u00bb e impone aranceles a los paquetes peque\u00f1os del comercio internacional"},"content":{"rendered":"<p class=\"c-paragraph\">El presidente de Estados Unidos, <a href=\"https:\/\/www.20minutos.es\/tags\/personas\/donald-trump.html\" title=\"Donald Trump\" rel=\"nofollow noopener\" target=\"_blank\">Donald Trump<\/a>, suspender\u00e1 a partir del 29 de agosto la<b> exenci\u00f3n de <a href=\"https:\/\/www.20minutos.es\/tags\/temas\/aranceles.html\" title=\"Aranceles\" rel=\"nofollow noopener\" target=\"_blank\">aranceles <\/a>para env\u00edos comerciales de bajo costo <\/b>a nivel mundial, ha informado este mi\u00e9rcoles la Casa Blanca.\u00a0La decisi\u00f3n, anunciada este mi\u00e9rcoles a trav\u00e9s de una orden ejecutiva, impondr\u00e1 grav\u00e1menes a las importaciones hacia EEUU de bienes por valores inferiores a 800 d\u00f3lares.<\/p>\n<p class=\"c-paragraph\">Todos los productos que lleguen al pa\u00eds a trav\u00e9s del sistema postal internacional quedar\u00e1n sujetos, a partir de finales de agosto, a una <b>tarifa arancelaria calculada seg\u00fan el costo de cada paquete y el pa\u00eds del que proviene,<\/b> explic\u00f3 el Gobierno de EEUU.<\/p>\n<p class=\"c-paragraph\">La Administraci\u00f3n Trump justifica esta decisi\u00f3n asegurando que los env\u00edos de bajo costo exentos de impuestos en EEUU <b>est\u00e1n sujetos a \u00abmenos controles\u00bb<\/b> que las importaciones tradicionales y que la excepci\u00f3n, en pie desde los a\u00f1os 30, es un \u00abvac\u00edo legal\u00bb.\u00a0Estos env\u00edos, argumenta la Casa Blanca, \u00abpueden representar riesgos para la salud y la seguridad nacional y econ\u00f3mica\u00bb.<\/p>\n<p class=\"c-paragraph\">Entre 2015 y 2024, el volumen de env\u00edos peque\u00f1os que llegaron a EEUU aument\u00f3 de 134 millones a m\u00e1s de <b>1.360 millones de paquetes,<\/b> seg\u00fan datos de la Oficina de Aduanas y Protecci\u00f3n Fronteriza del pa\u00eds (CBP, en ingl\u00e9s).<\/p>\n<p class=\"c-paragraph\">El 2 de mayo, Trump elimin\u00f3 la excepci\u00f3n de aranceles a los env\u00edos peque\u00f1os procedentes de China, afectando en especial a gigantes de las ventas en l\u00ednea como<b> Shein y Temu.\u00a0<\/b><\/p>\n","protected":false},"excerpt":{"rendered":"El presidente de Estados Unidos, Donald Trump, suspender\u00e1 a partir del 29 de agosto la exenci\u00f3n de aranceles&hellip;\n","protected":false},"author":2,"featured_media":15005,"comment_status":"","ping_status":"","sticky":false,"template":"","format":"standard","meta":{"footnotes":""},"categories":[42],"tags":[4135,17,18,9988,9987,13,14,11,61,62,63,64,19,20,9,10,15,16,9986,12,936,21,22,65,66,67],"class_list":{"0":"post-15004","1":"post","2":"type-post","3":"status-publish","4":"format-standard","5":"has-post-thumbnail","7":"category-internacional","8":"tag-aranceles","9":"tag-breaking-news","10":"tag-breakingnews","11":"tag-envios","12":"tag-exencion","13":"tag-featured-news","14":"tag-featurednews","15":"tag-headlines","16":"tag-internacional","17":"tag-international","18":"tag-international-news","19":"tag-internationalnews","20":"tag-latest-news","21":"tag-latestnews","22":"tag-news","23":"tag-noticias","24":"tag-noticias-destacadas","25":"tag-noticiasdestacadas","26":"tag-suspende","27":"tag-titulares","28":"tag-trump","29":"tag-ultimas-noticias","30":"tag-ultimasnoticias","31":"tag-world","32":"tag-world-news","33":"tag-worldnews"},"share_on_mastodon":{"url":"","error":""},"_links":{"self":[{"href":"https:\/\/www.europesays.com\/es\/wp-json\/wp\/v2\/posts\/15004","targetHints":{"allow":["GET"]}}],"collection":[{"href":"https:\/\/www.europesays.com\/es\/wp-json\/wp\/v2\/posts"}],"about":[{"href":"https:\/\/www.europesays.com\/es\/wp-json\/wp\/v2\/types\/post"}],"author":[{"embeddable":true,"href":"https:\/\/www.europesays.com\/es\/wp-json\/wp\/v2\/users\/2"}],"replies":[{"embeddable":true,"href":"https:\/\/www.europesays.com\/es\/wp-json\/wp\/v2\/comments?post=15004"}],"version-history":[{"count":0,"href":"https:\/\/www.europesays.com\/es\/wp-json\/wp\/v2\/posts\/15004\/revisions"}],"wp:featuredmedia":[{"embeddable":true,"href":"https:\/\/www.europesays.com\/es\/wp-json\/wp\/v2\/media\/15005"}],"wp:attachment":[{"href":"https:\/\/www.europesays.com\/es\/wp-json\/wp\/v2\/media?parent=15004"}],"wp:term":[{"taxonomy":"category","embeddable":true,"href":"https:\/\/www.europesays.com\/es\/wp-json\/wp\/v2\/categories?post=15004"},{"taxonomy":"post_tag","embeddable":true,"href":"https:\/\/www.europesays.com\/es\/wp-json\/wp\/v2\/tags?post=15004"}],"curies":[{"name":"wp","href":"https:\/\/api.w.org\/{rel}","templated":true}]}}