{"id":150041,"date":"2025-10-01T05:52:07","date_gmt":"2025-10-01T05:52:07","guid":{"rendered":"https:\/\/www.europesays.com\/es\/150041\/"},"modified":"2025-10-01T05:52:07","modified_gmt":"2025-10-01T05:52:07","slug":"que-ganas-de-verla-entera","status":"publish","type":"post","link":"https:\/\/www.europesays.com\/es\/150041\/","title":{"rendered":"Qu\u00e9 ganas de verla entera"},"content":{"rendered":"<p><b>Las hijas de la criada<\/b>, la serie basada en la novela de <b>Sonsoles \u00d3nega<\/b> con la que gan\u00f3 el <b>Premio Planeta en 2023<\/b>, ya tiene trailer. La presentadora ha acudido a la presentaci\u00f3n de la serie junto a algunos actores, donde se ha mostrado muy emocionada.<\/p>\n<p><b>\u00abQu\u00e9 ganas de verla entera\u00bb<\/b>, ha advertido Sonsoles, llena de emoci\u00f3n. Una ma\u00f1ana llena de ilusi\u00f3n en la que Sonsoles \u00d3nega ha podido ver en primicia a sus personajes en carne y hueso.<\/p>\n<p>La serie, que contar\u00e1 con 8 cap\u00edtulos de 50 minutos aproximadamente, se estrenar\u00e1 el pr\u00f3ximo <b>30 de noviembre<\/b> en atresplayer. Esta contar\u00e1 con un reparto de gran nivel que tambi\u00e9n ha acudido a la presentaci\u00f3n, como <b>Ver\u00f3nica S\u00e1nchez<\/b>, <b>Carlota Bar\u00f3,<\/b><b>Judith Fern\u00e1ndez<\/b> o <b>Martina Cariddi<\/b>, entre otros. \u00a1No te pierdas todo lo que nos han contado en el v\u00eddeo de arriba!<\/p>\n","protected":false},"excerpt":{"rendered":"Las hijas de la criada, la serie basada en la novela de Sonsoles \u00d3nega con la que gan\u00f3&hellip;\n","protected":false},"author":2,"featured_media":150042,"comment_status":"","ping_status":"","sticky":false,"template":"","format":"standard","meta":{"footnotes":""},"categories":[174],"tags":[255,146,147,25,24,256,23],"class_list":{"0":"post-150041","1":"post","2":"type-post","3":"status-publish","4":"format-standard","5":"has-post-thumbnail","7":"category-famosos","8":"tag-celebrities","9":"tag-entertainment","10":"tag-entretenimiento","11":"tag-es","12":"tag-espana","13":"tag-famosos","14":"tag-spain"},"share_on_mastodon":{"url":"","error":""},"_links":{"self":[{"href":"https:\/\/www.europesays.com\/es\/wp-json\/wp\/v2\/posts\/150041","targetHints":{"allow":["GET"]}}],"collection":[{"href":"https:\/\/www.europesays.com\/es\/wp-json\/wp\/v2\/posts"}],"about":[{"href":"https:\/\/www.europesays.com\/es\/wp-json\/wp\/v2\/types\/post"}],"author":[{"embeddable":true,"href":"https:\/\/www.europesays.com\/es\/wp-json\/wp\/v2\/users\/2"}],"replies":[{"embeddable":true,"href":"https:\/\/www.europesays.com\/es\/wp-json\/wp\/v2\/comments?post=150041"}],"version-history":[{"count":0,"href":"https:\/\/www.europesays.com\/es\/wp-json\/wp\/v2\/posts\/150041\/revisions"}],"wp:featuredmedia":[{"embeddable":true,"href":"https:\/\/www.europesays.com\/es\/wp-json\/wp\/v2\/media\/150042"}],"wp:attachment":[{"href":"https:\/\/www.europesays.com\/es\/wp-json\/wp\/v2\/media?parent=150041"}],"wp:term":[{"taxonomy":"category","embeddable":true,"href":"https:\/\/www.europesays.com\/es\/wp-json\/wp\/v2\/categories?post=150041"},{"taxonomy":"post_tag","embeddable":true,"href":"https:\/\/www.europesays.com\/es\/wp-json\/wp\/v2\/tags?post=150041"}],"curies":[{"name":"wp","href":"https:\/\/api.w.org\/{rel}","templated":true}]}}