{"id":150047,"date":"2025-10-01T05:56:07","date_gmt":"2025-10-01T05:56:07","guid":{"rendered":"https:\/\/www.europesays.com\/es\/150047\/"},"modified":"2025-10-01T05:56:07","modified_gmt":"2025-10-01T05:56:07","slug":"one-direction-enfrenta-nuevo-luto-murio-paul-roberts-las-spice-girls-se-pronunciaron","status":"publish","type":"post","link":"https:\/\/www.europesays.com\/es\/150047\/","title":{"rendered":"One Direction enfrenta nuevo luto. Muri\u00f3 Paul Roberts. Las Spice Girls se pronunciaron"},"content":{"rendered":"<p class=\"box--float-left grid__col--lg-6 font--secondary\">El pr\u00f3ximo 16 de octubre se cumple el primer aniversario de la muerte de<b> Liam Payne,<\/b> uno de los integrantes del famoso grupo musical brit\u00e1nico <b>One Direction<\/b>. El joven falleci\u00f3 a los 31 a\u00f1os reci\u00e9n cumplidos, luego de caer por el balc\u00f3n de la habitaci\u00f3n del hotel Casa Sur en la zona de Buenos Aires, Argentina, donde estaba vacacionando.<\/p>\n<p class=\"font--secondary\">Su muerte fue motivo de investigaci\u00f3n por parte de las autoridades e involucr\u00f3 aspectos como venta ilegal de drogas por parte de personal cercano al hotel. <\/p>\n<p><b id=\"title-1\">Muere core\u00f3grafo de One Direction<\/b><\/p>\n<p class=\"box--float-left grid__col--lg-6 font--secondary\">Ahora a pocos d\u00edas de ese aniversario, los One Direction se enfrentan al fallecimiento de<b> Paul Roberts<\/b>, el core\u00f3grafo brit\u00e1nico que acompa\u00f1\u00f3 a la agrupaci\u00f3n por varios a\u00f1os en sus giras y se ocup\u00f3 de sus montajes de baile. A Roberts se le atribuye haber sido parte de la construcci\u00f3n del estilo que domin\u00f3 los escenarios cuando One Direction se presentaba.<\/p>\n<p><a class=\"Button Button_whatsapp\" href=\"https:\/\/whatsapp.com\/channel\/0029Va0BUTKJpe8fOWBXwe2V\" target=\"_blank\" rel=\"noopener noreferrer nofollow\" id=\"Whatsapp-Inside-Article\" buttontype=\"outlined\" buttonstyle=\"neutral\">Sigue a la Revista Vea en WhatsApp<\/a><\/p>\n<p class=\"font--secondary\">En el 2021 Roberts hizo parte del equipo de trabajo de Harry Styles.<\/p>\n<p class=\"font--secondary\">Seg\u00fan las redes sociales del mismo bailar\u00edn, \u00e9l muri\u00f3 el 26 de septiembre a los 52 a\u00f1os luego de luchar contra el c\u00e1ncer.<\/p>\n<p class=\"box--float-left grid__col--lg-6 font--secondary\"><b>\u201cLa noche del 26 de septiembre, despu\u00e9s de una valiente batalla contra el c\u00e1ncer, Paul falleci\u00f3 tranquilamente en su casa, rodeado de su familia\u201d,<\/b> mencion\u00f3 el comunicado que fue compartido en las redes del fallecido. \u201cSu partida, al igual que su vida, se llen\u00f3 de gracia. Descanse en paz\u201d, puntualiz\u00f3 el post.<\/p>\n<p class=\"font--secondary\">De momento, ninguno de los ex One Direction ha reaccionado p\u00fablicamente a la noticia del fallecimiento de Roberts.\u2028Lottie Tomlinson, hermana de Louis, coment\u00f3 en la publicaci\u00f3n con un coraz\u00f3n roto y un emotic\u00f3n con l\u00e1grimas. <\/p>\n<p class=\"box--float-left grid__col--lg-6 font--secondary\">EL core\u00f3grafo tambi\u00e9n fue cercano a la agrupaci\u00f3n <b>Spice Girls, <\/b>de la cual fue parte Victoria Beckham, en las redes de la misma, lamentaron el fallecimiento: \u201c<b>Fue una parte integral de nuestra gira de 2019. Su creatividad, pasi\u00f3n y alegr\u00eda por la vida fue evidente a lo largo de nuestros espect\u00e1culos. Adem\u00e1s de tener un talento incre\u00edble, Paul era simplemente una persona maravillosa. Irradiaba felicidad y positividad. Todos tuvimos suerte de conocerlo y compartir amistades m\u00e1s all\u00e1 de la gira. Estamos profundamente entristecidos por su fallecimiento y estamos enviando amor a su marido y a toda la familia y amigos de Paul en este momento tan dif\u00edcil. Te vamos a extra\u00f1ar Paul<\/b>\u201d, mencion\u00f3 el comunicado puesto en las redes.<\/p>\n<p class=\"font--secondary\"><a href=\"https:\/\/www.elespectador.com\/revista-vea\/\" target=\"_self\" rel=\"nofollow noopener\" title=\"https:\/\/www.elespectador.com\/revista-vea\/\">Aqu\u00ed m\u00e1s noticias que son tendencia<\/a><\/p>\n<p><img loading=\"lazy\" decoding=\"async\" class=\"ACredit-Image\" src=\"https:\/\/www.europesays.com\/es\/wp-content\/uploads\/2025\/10\/https:\/\/s3.amazonaws.com\/arc-authors\/elespectador\/26159840-8e76-444f-9c60-3e387ca743bd.png\" alt=\"Redacci\u00f3n Vea\" width=\"58\" height=\"58\"\/><a class=\"Button Button_whatsapp\" href=\"https:\/\/whatsapp.com\/channel\/0029Va0BUTKJpe8fOWBXwe2V\" target=\"_blank\" rel=\"noopener noreferrer nofollow\" id=\"Whatsapp-Bottom-Article\">Sigue a la Revista Vea en WhatsApp<\/a><\/p>\n","protected":false},"excerpt":{"rendered":"El pr\u00f3ximo 16 de octubre se cumple el primer aniversario de la muerte de Liam Payne, uno de&hellip;\n","protected":false},"author":2,"featured_media":150048,"comment_status":"","ping_status":"","sticky":false,"template":"","format":"standard","meta":{"footnotes":""},"categories":[170],"tags":[146,147,25,24,45661,184,185,16496,45660,23,7252],"class_list":{"0":"post-150047","1":"post","2":"type-post","3":"status-publish","4":"format-standard","5":"has-post-thumbnail","7":"category-musica","8":"tag-entertainment","9":"tag-entretenimiento","10":"tag-es","11":"tag-espana","12":"tag-liam-payne","13":"tag-music","14":"tag-musica","15":"tag-one-direction","16":"tag-paul-roberts","17":"tag-spain","18":"tag-spice-girls"},"share_on_mastodon":{"url":"","error":""},"_links":{"self":[{"href":"https:\/\/www.europesays.com\/es\/wp-json\/wp\/v2\/posts\/150047","targetHints":{"allow":["GET"]}}],"collection":[{"href":"https:\/\/www.europesays.com\/es\/wp-json\/wp\/v2\/posts"}],"about":[{"href":"https:\/\/www.europesays.com\/es\/wp-json\/wp\/v2\/types\/post"}],"author":[{"embeddable":true,"href":"https:\/\/www.europesays.com\/es\/wp-json\/wp\/v2\/users\/2"}],"replies":[{"embeddable":true,"href":"https:\/\/www.europesays.com\/es\/wp-json\/wp\/v2\/comments?post=150047"}],"version-history":[{"count":0,"href":"https:\/\/www.europesays.com\/es\/wp-json\/wp\/v2\/posts\/150047\/revisions"}],"wp:featuredmedia":[{"embeddable":true,"href":"https:\/\/www.europesays.com\/es\/wp-json\/wp\/v2\/media\/150048"}],"wp:attachment":[{"href":"https:\/\/www.europesays.com\/es\/wp-json\/wp\/v2\/media?parent=150047"}],"wp:term":[{"taxonomy":"category","embeddable":true,"href":"https:\/\/www.europesays.com\/es\/wp-json\/wp\/v2\/categories?post=150047"},{"taxonomy":"post_tag","embeddable":true,"href":"https:\/\/www.europesays.com\/es\/wp-json\/wp\/v2\/tags?post=150047"}],"curies":[{"name":"wp","href":"https:\/\/api.w.org\/{rel}","templated":true}]}}