{"id":150054,"date":"2025-10-01T06:03:08","date_gmt":"2025-10-01T06:03:08","guid":{"rendered":"https:\/\/www.europesays.com\/es\/150054\/"},"modified":"2025-10-01T06:03:08","modified_gmt":"2025-10-01T06:03:08","slug":"un-entorno-de-crimenes-y-vendetas-la-historia-familiar-en-pequeno-j-y-su-padre-janhzen-de-peru-a-la-argentina","status":"publish","type":"post","link":"https:\/\/www.europesays.com\/es\/150054\/","title":{"rendered":"Un entorno de cr\u00edmenes y vendetas | La historia familiar en \u00abPeque\u00f1o J\u00bb y su padre Janhzen, de Per\u00fa a la Argentina"},"content":{"rendered":"<p>Tony Valverde Victoriano, alias \u201cPeque\u00f1o J.\u201d \u2013principal sospechoso del triple femicidio de Florencio Varela&#8211; perdi\u00f3 a su padre Janhzen Valverde Rodr\u00edguez en la ma\u00f1ana del 16 de diciembre de 2018, ejecutado por un sicario de la banda \u201cEl Gran Marqu\u00e9s\u201d. Janhzen pertenec\u00eda a la organizaci\u00f3n \u201cLos Injertos de Nuevo Jerusal\u00e9n\u201d, seg\u00fan la polic\u00eda peruana. Su hijo Tony lo record\u00f3 con un posteo de Facebook: \u201c<b>Te necesito, pap\u00e1\u201d. Y le jur\u00f3 venganza: \u201dTe prometo que esto no va a quedar as\u00ed, porque si nadie hace nada, yo mismo lo hago con pana y elegancia\u201d<\/b>.<\/p>\n<p>Un dato singular que ha trascendido es que \u201cPeque\u00f1o J\u201d no aparece en los registros migratorios argentinos como habiendo ingresado legalmente al pa\u00eds, a\u00f1os m\u00e1s tarde del asesinato de su padre. El diario peruano La Rep\u00fablica descubri\u00f3 un dato sobre el detenido Miguel Villanueva Silva, quien hab\u00eda alquilado la casa donde aparecieron asesinadas Brenda, Lara y Morena: cuando \u201cPeque\u00f1o J.\u201d y Miguel Villanueva abandonaron Per\u00fa hacia Argentina, viv\u00edan resid\u00edan en el asentamiento Nueva Indoam\u00e9rica del distrito de La Esperanza, uno de los m\u00e1s violentos de la ciudad norte\u00f1a de Trujillo. <b>Fue desde ese barrio donde surgieron las bandas \u201cLos Injertos de Nuevo Jerusal\u00e9n\u201d &#8211;la banda del padre de Peque\u00f1o J&#8211; y \u201cEl Gran Marqu\u00e9s\u201d.<\/b><\/p>\n<p>La polic\u00eda report\u00f3 el asesinato de Janhzen Valverde de la siguiente manera: \u201cJhona Victoriano Gonz\u00e1les refiere que en circunstancias que se dirig\u00eda a su domicilio por la calle Las Acacias (asentamiento humano Nueva Indoam\u00e9rica), se aperson\u00f3 un sujeto de nombre Wilder, cu\u00f1ado del sujeto conocido como \u2018Suco\u2019 (Santos L\u00f3pez Guevara) de la banda El Gran Marqu\u00e9s, quien dispar\u00f3 con arma de fuego y dejarlo tendido en el piso, d\u00e1ndose a la fuga\u201d. La informaci\u00f3n que manejan es que el asesinato del padre de Peque\u00f1o J fue una venganza: el 9 de julio de 2018, Santos L\u00f3pez Guevara, de la banda \u201cEl Gran Marqu\u00e9s\u201d, hab\u00eda sido ejecutado por el grupo rival de los Valverde.<\/p>\n<p>Los archivos policiales, fiscales y judiciales peruanos no le adjudican ning\u00fan delito a \u201cPeque\u00f1o J.\u201d, pero s\u00ed miembros de su familia. Esto deja claro el entorno delictivo en el que creci\u00f3 el ahora buscado joven de 20 a\u00f1os, quien qued\u00f3 muy marcado psicol\u00f3gicamente por el episodio del asesinato de su padre. La t\u00eda de \u201cPeque\u00f1o J.\u201d, Margarita Victoriano Gonz\u00e1les, declar\u00f3 a la polic\u00eda que su cu\u00f1ado Janhzen Valverde Rodr\u00edguez recibi\u00f3 tres disparos de Wilder Lara Ch\u00e1vez. El crimen ocurri\u00f3 en un cruce de calles de Nueva Indoam\u00e9rica, donde resid\u00eda con su pareja y sus dos hijos, el \u201cPeque\u00f1o J.\u201d y Sandy Valverde Victoriano. El homicida viv\u00eda en la misma zona. El marco fue uno de los usuales enfrentamientos entre bandas por el control de La Esperanza.<\/p>\n<p>Inspiraci\u00f3n de pelicula<\/p>\n<p>\u201cPeque\u00f1o J\u201d tiene como nombre Tony, inspirado en el g\u00e1nster Tony Montana de la pel\u00edcula Caracortada\u201d (1983) de Brian de Palma, caracterizado por Al Pacino (\u201cPeque\u00f1o J.\u201d viene por ser \u201chijo de Janhzen\u201d.<\/p>\n<p>Se sabe que Peque\u00f1o J se instal\u00f3 en Argentina decidido a reflotar \u201clos negocios de la familia\u201d, la cual ha dejado una huella delictiva en el pa\u00eds. El 13 de julio de 2012, Jos\u00e9 S\u00e1nchez D\u00edaz, quien hac\u00eda poco hab\u00eda regresado a Argentina desde Per\u00fa, fue ejecutado con arma de fuego. En ese momento la polic\u00eda atribuy\u00f3 el crimen a Manuel Valverde Rodr\u00edguez, alias \u201cChuman\u201d, t\u00edo de \u201cPeque\u00f1o J.\u201d, integrante de la banda \u201cLa Jaur\u00eda\u201d.<\/p>\n<p>El 17 de junio de 2013, Luis Valverde Rodr\u00edguez, alias \u201cSerranasho\u201d, t\u00edo tambi\u00e9n de \u201cPeque\u00f1o J.\u201d, fue arrestado por la polic\u00eda Argentina porque ten\u00eda un pedido de captura. Estuvo preso entre 2007 y 2009 por los graves delitos de robo agravado y extorsi\u00f3n. Lo detuvieron armado, planeando nuevos cr\u00edmenes.<\/p>\n<p>Los tres hermanos, Manuel, Luis y Janhzen Valverde eran residentes de La Esperanza en Trujillo. Janhzen, el padre de \u201cPeque\u00f1o J.\u201d, era el mayor. Naci\u00f3 el 16 de octubre de 1979. Manuel vino al mundo el 8 de octubre de 1980 y Luis naci\u00f3 el 11 de diciembre de 1986. Los registros policiales de la familia de \u201cPeque\u00f1o J.\u201d, adem\u00e1s de denuncias relacionadas con organizaciones criminales, incluye escenas de violencia familiar. El padre abandon\u00f3 a la pareja, Yuliana Victoriano Gonz\u00e1les, y a sus dos hijos, Tony y Sandy, y no les pagaba los alimentos.<\/p>\n<p>\u201c(Yuliana Victoriano) se present\u00f3 manifestando haber sido v\u00edctima de da\u00f1o f\u00edsico y psicol\u00f3gico, hecho ocurrido en circunstancias que fue a verlo a su exconviviente para que le diera la pensi\u00f3n para sus hijos. \u00c9l (Janhzen Valverde) de manera prepotente comenz\u00f3 a insultarla con palabras soeces y rompi\u00f3 una botella caus\u00e1ndole un corte en el brazo izquierdo\u201d, se lee en el registro policial.<\/p>\n<p>En la cuenta de Facebook de Janhzen Valverde hay elogios a Pablo Escobar y Tony Montana, y sol\u00eda identificarse como \u201cBandido por siempre\u201d. All\u00ed hab\u00eda posteado videos con otras personas que ser\u00edan miembros de su banda, portando armas largas como una carabina tipo AR-15 y pistolas trazadoras que suelen usar las fuerzas especiales militares, cuya munici\u00f3n atraviesa los chalecos antibalas. Esos videos fueron tomados entre cajas de cerveza \u201cPilsen\u201d en la noche en alg\u00fan lugar de los cerros que rodean el asentamiento Nueva Iberoam\u00e9rica. Todos disparan hasta vaciar el cargador. En ese contexto creci\u00f3 \u201cPeque\u00f1o J.\u201d, posible cerebro de uno de los cr\u00edmenes narcos m\u00e1s crueles y macabros jam\u00e1s ocurridos en Argentina.\u00a0<\/p>\n","protected":false},"excerpt":{"rendered":"Tony Valverde Victoriano, alias \u201cPeque\u00f1o J.\u201d \u2013principal sospechoso del triple femicidio de Florencio Varela&#8211; perdi\u00f3 a su padre&hellip;\n","protected":false},"author":2,"featured_media":150055,"comment_status":"","ping_status":"","sticky":false,"template":"","format":"standard","meta":{"footnotes":""},"categories":[42],"tags":[17,18,13,14,45471,11,61,62,63,64,19,20,45662,9,10,15,16,492,12,21,22,65,66,67],"class_list":{"0":"post-150054","1":"post","2":"type-post","3":"status-publish","4":"format-standard","5":"has-post-thumbnail","7":"category-internacional","8":"tag-breaking-news","9":"tag-breakingnews","10":"tag-featured-news","11":"tag-featurednews","12":"tag-femicidio","13":"tag-headlines","14":"tag-internacional","15":"tag-international","16":"tag-international-news","17":"tag-internationalnews","18":"tag-latest-news","19":"tag-latestnews","20":"tag-narcos","21":"tag-news","22":"tag-noticias","23":"tag-noticias-destacadas","24":"tag-noticiasdestacadas","25":"tag-sociedad","26":"tag-titulares","27":"tag-ultimas-noticias","28":"tag-ultimasnoticias","29":"tag-world","30":"tag-world-news","31":"tag-worldnews"},"share_on_mastodon":{"url":"","error":""},"_links":{"self":[{"href":"https:\/\/www.europesays.com\/es\/wp-json\/wp\/v2\/posts\/150054","targetHints":{"allow":["GET"]}}],"collection":[{"href":"https:\/\/www.europesays.com\/es\/wp-json\/wp\/v2\/posts"}],"about":[{"href":"https:\/\/www.europesays.com\/es\/wp-json\/wp\/v2\/types\/post"}],"author":[{"embeddable":true,"href":"https:\/\/www.europesays.com\/es\/wp-json\/wp\/v2\/users\/2"}],"replies":[{"embeddable":true,"href":"https:\/\/www.europesays.com\/es\/wp-json\/wp\/v2\/comments?post=150054"}],"version-history":[{"count":0,"href":"https:\/\/www.europesays.com\/es\/wp-json\/wp\/v2\/posts\/150054\/revisions"}],"wp:featuredmedia":[{"embeddable":true,"href":"https:\/\/www.europesays.com\/es\/wp-json\/wp\/v2\/media\/150055"}],"wp:attachment":[{"href":"https:\/\/www.europesays.com\/es\/wp-json\/wp\/v2\/media?parent=150054"}],"wp:term":[{"taxonomy":"category","embeddable":true,"href":"https:\/\/www.europesays.com\/es\/wp-json\/wp\/v2\/categories?post=150054"},{"taxonomy":"post_tag","embeddable":true,"href":"https:\/\/www.europesays.com\/es\/wp-json\/wp\/v2\/tags?post=150054"}],"curies":[{"name":"wp","href":"https:\/\/api.w.org\/{rel}","templated":true}]}}