{"id":150058,"date":"2025-10-01T06:05:16","date_gmt":"2025-10-01T06:05:16","guid":{"rendered":"https:\/\/www.europesays.com\/es\/150058\/"},"modified":"2025-10-01T06:05:16","modified_gmt":"2025-10-01T06:05:16","slug":"has-vivido-diez-anos-con-dinero-publico-falsificando-tu-curriculum","status":"publish","type":"post","link":"https:\/\/www.europesays.com\/es\/150058\/","title":{"rendered":"Has vivido diez a\u00f1os con dinero p\u00fablico falsificando tu curr\u00edculum"},"content":{"rendered":"<p class=\"c-paragraph\">Este martes, el plat\u00f3 de <a href=\"https:\/\/www.20minutos.es\/tags\/instituciones-empresas\/en-boca-de-todos.html\" title=\"En boca de todos\" rel=\"nofollow noopener\" target=\"_blank\">En boca de todos<\/a>\u00a0ha sido testigo de un gran cruce de reproches entre <b><a href=\"https:\/\/www.20minutos.es\/tags\/personas\/sarah-santaolalla.html\" title=\"Sarah Santaolalla\" rel=\"nofollow noopener\" target=\"_blank\">Sarah Santaolalla<\/a> y <a href=\"https:\/\/www.20minutos.es\/tags\/autores\/noelia-nunez.html\" title=\"Noelia N\u00fa\u00f1ez\" rel=\"nofollow noopener\" target=\"_blank\">Noelia N\u00fa\u00f1ez<\/a><\/b>, que se han enfrentado por su diferencia de opiniones con respecto a la posibilidad de que <a href=\"https:\/\/www.20minutos.es\/tags\/personas\/pedro-sanchez.html\" title=\"Pedro S\u00e1nchez\" rel=\"nofollow noopener\" target=\"_blank\">Pedro S\u00e1nchez<\/a>\u00a0dimita.<\/p>\n<p class=\"c-paragraph\">\u00ab\u00bfDebe dimitir Pedro S\u00e1nchez por no tener presupuestos?\u00bb, ha cuestionado <a href=\"https:\/\/www.20minutos.es\/tags\/personas\/nacho-abad.html\" title=\"Nacho Abad\" rel=\"nofollow noopener\" target=\"_blank\">Nacho Abad<\/a>, presentador del matinal de Cuatro, a lo que Rebeca Mar\u00edn ha respondido: \u00abMe parece que es una anomal\u00eda democr\u00e1tica y que, de todas formas, esto de que hoy, te\u00f3ricamente, cumple el plazo&#8230; Pero quiero decir que si ma\u00f1ana se presentan, que seg\u00fan la ministra Montero ha dicho que est\u00e1n trabajando en ello, <b>tiene que haber un techo de gasto, una senda de d\u00e9ficit<\/b>&#8230;\u00bb.<\/p>\n<p class=\"c-paragraph\">Ante esto, Noelia N\u00fa\u00f1ez ha tomado la palabra para reprochar que el Gobierno est\u00e1 tardando mucho en tener unos presupuestos y, por su parte, Santaolalla ha espetado: \u00ab<b>Lo que ha tardado Ayuso. Cinco a\u00f1os estuvo sin presupuestos<\/b>\u00ab. Asimismo, N\u00fa\u00f1ez ha apuntado: \u00abAyuso no, y Ma\u00f1ueco tambi\u00e9n ha presentado los presupuestos\u00bb.<\/p>\n<p class=\"c-paragraph\">\u00abEst\u00e1 incumpliendo la Constituci\u00f3n. \u00bfQu\u00e9 dec\u00eda Pedro S\u00e1nchez?\u00bb, ha preguntado Noelia N\u00fa\u00f1ez a Sarah Santaolalla, a lo que esta ha respondido: \u00ab<b>Hay que venir con los deberes hechos<\/b>, hay que estudiar m\u00e1s, las noticias hay que le\u00e9rselas\u00bb.<\/p>\n<p class=\"c-paragraph\">\u00abDesde luego, que el ejemplo de hincar lo haces t\u00fa. O sea, hincar codos a tope\u00bb, ha espetado Noelia a Sarah, a lo que esta ha sentenciado: \u00abHe hincado m\u00e1s codos que t\u00fa. Solo hay que ver el curr\u00edculum. <b>Has vivido con dinero p\u00fablico, mintiendo y falsificando tu curr\u00edculum, durante diez a\u00f1os<\/b>. Diez a\u00f1os llev\u00e1ndote la pasta de todos los espa\u00f1oles. Estudia un poco y luego vienes\u00bb.<\/p>\n","protected":false},"excerpt":{"rendered":"Este martes, el plat\u00f3 de En boca de todos\u00a0ha sido testigo de un gran cruce de reproches entre&hellip;\n","protected":false},"author":2,"featured_media":150059,"comment_status":"","ping_status":"","sticky":false,"template":"","format":"standard","meta":{"footnotes":""},"categories":[5],"tags":[17,18,160,25,24,13,14,11,19,20,9,2854,10,15,16,39326,9260,9259,23,12,21,22],"class_list":{"0":"post-150058","1":"post","2":"type-post","3":"status-publish","4":"format-standard","5":"has-post-thumbnail","7":"category-titulares","8":"tag-breaking-news","9":"tag-breakingnews","10":"tag-entre","11":"tag-es","12":"tag-espana","13":"tag-featured-news","14":"tag-featurednews","15":"tag-headlines","16":"tag-latest-news","17":"tag-latestnews","18":"tag-news","19":"tag-noelia","20":"tag-noticias","21":"tag-noticias-destacadas","22":"tag-noticiasdestacadas","23":"tag-rifirrafe","24":"tag-santaolalla","25":"tag-sarah","26":"tag-spain","27":"tag-titulares","28":"tag-ultimas-noticias","29":"tag-ultimasnoticias"},"share_on_mastodon":{"url":"","error":""},"_links":{"self":[{"href":"https:\/\/www.europesays.com\/es\/wp-json\/wp\/v2\/posts\/150058","targetHints":{"allow":["GET"]}}],"collection":[{"href":"https:\/\/www.europesays.com\/es\/wp-json\/wp\/v2\/posts"}],"about":[{"href":"https:\/\/www.europesays.com\/es\/wp-json\/wp\/v2\/types\/post"}],"author":[{"embeddable":true,"href":"https:\/\/www.europesays.com\/es\/wp-json\/wp\/v2\/users\/2"}],"replies":[{"embeddable":true,"href":"https:\/\/www.europesays.com\/es\/wp-json\/wp\/v2\/comments?post=150058"}],"version-history":[{"count":0,"href":"https:\/\/www.europesays.com\/es\/wp-json\/wp\/v2\/posts\/150058\/revisions"}],"wp:featuredmedia":[{"embeddable":true,"href":"https:\/\/www.europesays.com\/es\/wp-json\/wp\/v2\/media\/150059"}],"wp:attachment":[{"href":"https:\/\/www.europesays.com\/es\/wp-json\/wp\/v2\/media?parent=150058"}],"wp:term":[{"taxonomy":"category","embeddable":true,"href":"https:\/\/www.europesays.com\/es\/wp-json\/wp\/v2\/categories?post=150058"},{"taxonomy":"post_tag","embeddable":true,"href":"https:\/\/www.europesays.com\/es\/wp-json\/wp\/v2\/tags?post=150058"}],"curies":[{"name":"wp","href":"https:\/\/api.w.org\/{rel}","templated":true}]}}