{"id":150064,"date":"2025-10-01T06:11:08","date_gmt":"2025-10-01T06:11:08","guid":{"rendered":"https:\/\/www.europesays.com\/es\/150064\/"},"modified":"2025-10-01T06:11:08","modified_gmt":"2025-10-01T06:11:08","slug":"cambio-de-equipo-y-despedida-en-2026","status":"publish","type":"post","link":"https:\/\/www.europesays.com\/es\/150064\/","title":{"rendered":"cambio de equipo y despedida en 2026"},"content":{"rendered":"<p>Un ilusionante final de <strong>2025 ha dado alas a <a href=\"https:\/\/www.ultimahora.es\/etiqueta\/Mavi+Garc%C3%ADa.html?utm_source=Inline-tag&amp;utm_medium=internal\" rel=\"nofollow noopener\" target=\"_blank\">Mavi Garc\u00eda<\/a> para seguir dando pedales.<\/strong> Cuando las dudas poblaban su mente meses atr\u00e1s, la victoria en la segunda etapa del Tour de Francia y <strong>la hist\u00f3rica medalla de bronce en el Campeonato del Mundo de fondo en carretera de Kigali<\/strong> (Rwanda) han devuelto a la primera l\u00ednea a la ciclista mallorquina, de 41 a\u00f1os, que descargada de presi\u00f3n busca alargar su buen estado de forma en el Europeo del pr\u00f3ximo fin de semana y pelear de nuevo por una medalla en una de las \u00faltimas grandes citas del curso.<\/p>\n<p>Pero <strong>Mavi ya mira m\u00e1s all\u00e1. Tiene amarrado su futuro para 2026, la que plantea como su \u00faltima campa\u00f1a en el pelot\u00f3n profesional<\/strong>, al que lleg\u00f3 en 2015 de la mano del Bizkaia-Durango, para dar forma a un brillante palmar\u00e9s en el que cinco t\u00edtulos nacionales en l\u00ednea -r\u00e9cord en Espa\u00f1a- o un diploma ol\u00edmpico en los Juegos de Par\u00eds, entre otros triunfos, adornan la hoja de servicios de la mejor ciclista balear sobre el asfalto de todos los tiempos.<\/p>\n<p>La balear cambiar\u00e1 de aires y de equipo, al que lleg\u00f3 en 2023 tras otros tres ejercicios en el Ale BTC-Ljubljana (2020-21) y el UAE Team ADQ (2022) y una anterior etapa en el Movistar Team espa\u00f1ol (2018-19), sirvi\u00e9ndole el Bizkaia-Durango (2015-17) como plataforma de lanzamiento.<\/p>\n<p>En Kigali, confirm\u00f3 a Ciclo21 que 2026 ser\u00e1 su \u00faltima temporada como ciclista profesional. <strong>\u00ab2026 s\u00ed sera el \u00faltimo de mi carrera.<\/strong> En general me sigo viendo es una forma casi que no he tenido nunca. Disfruto todav\u00eda con lo que hago. Pens\u00e9 de retirarme, pero realmente me di cuenta de no estoy preparada mentalmente para hacer ese cambio as\u00ed, ahora de golpe y prefiero pasar un par de fases y decidir plantearme el a\u00f1o un poquito distinto, ayudando a las chicas un poco m\u00e1s j\u00f3venes que me hace ilusi\u00f3n y luego continuar un poco en el mundo\u00bb, declaraba a la web especializada en <a href=\"https:\/\/www.ultimahora.es\/etiqueta\/ciclismo.html?utm_source=Inline-tag&amp;utm_medium=internal\" rel=\"nofollow noopener\" target=\"_blank\">ciclismo<\/a>.<\/p>\n<p>Eso s\u00ed,<strong> tras colgar la bicicleta c<\/strong>on 42 a\u00f1os, Mavi Garc\u00eda no quiere desengancharse del todo y buscar\u00e1 su papel dentro del gran grupo con otra versi\u00f3n que haga menos duro ese tr\u00e1nsito, aportando su experiencia y conocimientos a las nuevas generaciones.<\/p>\n","protected":false},"excerpt":{"rendered":"Un ilusionante final de 2025 ha dado alas a Mavi Garc\u00eda para seguir dando pedales. Cuando las dudas&hellip;\n","protected":false},"author":2,"featured_media":150065,"comment_status":"","ping_status":"","sticky":false,"template":"","format":"standard","meta":{"footnotes":""},"categories":[273],"tags":[313,312,1916,168,25,24,329,1914,1915,23,167,327,1794,1917],"class_list":{"0":"post-150064","1":"post","2":"type-post","3":"status-publish","4":"format-standard","5":"has-post-thumbnail","7":"category-ciclismo","8":"tag-ciclismo","9":"tag-cycling","10":"tag-deporte-balear","11":"tag-deportes","12":"tag-es","13":"tag-espana","14":"tag-golf","15":"tag-mavi-garcia","16":"tag-otros-deportes","17":"tag-spain","18":"tag-sports","19":"tag-tenis","20":"tag-vela","21":"tag-voleibol"},"share_on_mastodon":{"url":"","error":""},"_links":{"self":[{"href":"https:\/\/www.europesays.com\/es\/wp-json\/wp\/v2\/posts\/150064","targetHints":{"allow":["GET"]}}],"collection":[{"href":"https:\/\/www.europesays.com\/es\/wp-json\/wp\/v2\/posts"}],"about":[{"href":"https:\/\/www.europesays.com\/es\/wp-json\/wp\/v2\/types\/post"}],"author":[{"embeddable":true,"href":"https:\/\/www.europesays.com\/es\/wp-json\/wp\/v2\/users\/2"}],"replies":[{"embeddable":true,"href":"https:\/\/www.europesays.com\/es\/wp-json\/wp\/v2\/comments?post=150064"}],"version-history":[{"count":0,"href":"https:\/\/www.europesays.com\/es\/wp-json\/wp\/v2\/posts\/150064\/revisions"}],"wp:featuredmedia":[{"embeddable":true,"href":"https:\/\/www.europesays.com\/es\/wp-json\/wp\/v2\/media\/150065"}],"wp:attachment":[{"href":"https:\/\/www.europesays.com\/es\/wp-json\/wp\/v2\/media?parent=150064"}],"wp:term":[{"taxonomy":"category","embeddable":true,"href":"https:\/\/www.europesays.com\/es\/wp-json\/wp\/v2\/categories?post=150064"},{"taxonomy":"post_tag","embeddable":true,"href":"https:\/\/www.europesays.com\/es\/wp-json\/wp\/v2\/tags?post=150064"}],"curies":[{"name":"wp","href":"https:\/\/api.w.org\/{rel}","templated":true}]}}