{"id":150068,"date":"2025-10-01T06:13:12","date_gmt":"2025-10-01T06:13:12","guid":{"rendered":"https:\/\/www.europesays.com\/es\/150068\/"},"modified":"2025-10-01T06:13:12","modified_gmt":"2025-10-01T06:13:12","slug":"asi-es-el-nuevo-videomarcador-del-buesa-arena-pantallas-mas-grandes-y-vision-360-grados","status":"publish","type":"post","link":"https:\/\/www.europesays.com\/es\/150068\/","title":{"rendered":"As\u00ed es el nuevo videomarcador del Buesa Arena: pantallas m\u00e1s grandes y visi\u00f3n 360 grados"},"content":{"rendered":"<p><a class=\"v-mdl-ath__fig-a\" href=\"https:\/\/www.elcorreo.com\/autor\/ivan-benito-4702.html\" title=\"Iv\u00e1n Benito\" rel=\"nofollow noopener\" target=\"_blank\"><br \/>\n<img decoding=\"async\" class=\"v-mdl-ath__img\" src=\"https:\/\/www.europesays.com\/es\/wp-content\/uploads\/2025\/09\/1759052531_106_autor-4702-foto-1.jpeg\" alt=\"Iv\u00e1n Benito\"\/><br \/>\n<\/a><\/p>\n<p class=\"v-mdl-ath__p v-mdl-ath__p--6\">\nMartes, 30 de septiembre 2025, 20:35<\/p>\n<p>| Actualizado 20:51h.<\/p>\n<p class=\"v-p\">El Buesa Arena inaugura este martes su nuevo videomarcador, m\u00e1s moderno, m\u00e1s grande y con muchas m\u00e1s posibilidades que el anterior. En \u00e9l se muestra una ficha estad\u00edstica de partido mucho m\u00e1s completa, con una interfaz mucho m\u00e1s n\u00edtida y aseada, adem\u00e1s de la retransmisi\u00f3n en vivo del encuentro. Dentro de la misma estructura octogona anterior, se se han sustituido las ocho pantallas por otras de mayor dimensi\u00f3n y de \u00faltima generaci\u00f3n. La alianza del Baskonia con LG permite ofrecer una superior calidad de imagen y una innovadora tecnolog\u00eda. <\/p>\n<p class=\"v-p\">Las televisiones pueden unificarse todas en una y convertirse en una superficie de 360 grados, una t\u00e9cnica que mejora el espect\u00e1culo visual y logra envolver a todos los rincones del pabell\u00f3n. La inversi\u00f3n en la nueva instalaci\u00f3n que corona la zona alta interior del coliseo de Zurbano ofrece un salto cualitativo en la experiencia del partido. Los responsables de marketing, publicidad y espect\u00e1culos del club tratar\u00e1n de explotarlo dentro de la decidida apuesta de la entidad por los shows pre y post partido. <\/p>\n<p class=\"v-p\">El Buesa Arena no ha dejado de modernizarse desde su \u00faltima remodelaci\u00f3n concluida en 2012. Fue el primer pabell\u00f3n en implantar la publicidad din\u00e1mica en las escaleras de su tribuna principal en el a\u00f1o 2020. De cara a la Final Four del a\u00f1o anterior, se instal\u00f3 por debajo del videomarcador un anillo LED circular de 42 metros de per\u00edmetro por un metro de altura. <\/p>\n<p class=\"v-p\">Tambi\u00e9n han sido recurrentes las mejoras en la iluminaci\u00f3n y en el parqu\u00e9, a lo que se suman las numerosas presentaciones de equipos con espect\u00e1culos de todo tipo o decenas de actuaciones musicales en los \u00faltimos a\u00f1os. \u00abEs uno de los recintos m\u00e1s modernos del baloncesto europeo\u00bb, aseguran desde el club. Subsanada la demanda de los aficionados del videomarcador, las peticiones se centran en el ansiado anillo luminoso entre las gradas. <\/p>\n<p>Comenta<\/p>\n<p>Reporta un error<\/p>\n","protected":false},"excerpt":{"rendered":"Martes, 30 de septiembre 2025, 20:35 | Actualizado 20:51h. El Buesa Arena inaugura este martes su nuevo videomarcador,&hellip;\n","protected":false},"author":2,"featured_media":150069,"comment_status":"","ping_status":"","sticky":false,"template":"","format":"standard","meta":{"footnotes":""},"categories":[269],"tags":[16117,3334,299,298,39305,168,25,24,21090,4645,524,4646,23,167,45663,19625],"class_list":{"0":"post-150068","1":"post","2":"type-post","3":"status-publish","4":"format-standard","5":"has-post-thumbnail","7":"category-baloncesto","8":"tag-16117","9":"tag-arena","10":"tag-baloncesto","11":"tag-basketball","12":"tag-buesa","13":"tag-deportes","14":"tag-es","15":"tag-espana","16":"tag-grados","17":"tag-grandes","18":"tag-nuevo","19":"tag-pantallas","20":"tag-spain","21":"tag-sports","22":"tag-videomarcador","23":"tag-vision"},"share_on_mastodon":{"url":"","error":""},"_links":{"self":[{"href":"https:\/\/www.europesays.com\/es\/wp-json\/wp\/v2\/posts\/150068","targetHints":{"allow":["GET"]}}],"collection":[{"href":"https:\/\/www.europesays.com\/es\/wp-json\/wp\/v2\/posts"}],"about":[{"href":"https:\/\/www.europesays.com\/es\/wp-json\/wp\/v2\/types\/post"}],"author":[{"embeddable":true,"href":"https:\/\/www.europesays.com\/es\/wp-json\/wp\/v2\/users\/2"}],"replies":[{"embeddable":true,"href":"https:\/\/www.europesays.com\/es\/wp-json\/wp\/v2\/comments?post=150068"}],"version-history":[{"count":0,"href":"https:\/\/www.europesays.com\/es\/wp-json\/wp\/v2\/posts\/150068\/revisions"}],"wp:featuredmedia":[{"embeddable":true,"href":"https:\/\/www.europesays.com\/es\/wp-json\/wp\/v2\/media\/150069"}],"wp:attachment":[{"href":"https:\/\/www.europesays.com\/es\/wp-json\/wp\/v2\/media?parent=150068"}],"wp:term":[{"taxonomy":"category","embeddable":true,"href":"https:\/\/www.europesays.com\/es\/wp-json\/wp\/v2\/categories?post=150068"},{"taxonomy":"post_tag","embeddable":true,"href":"https:\/\/www.europesays.com\/es\/wp-json\/wp\/v2\/tags?post=150068"}],"curies":[{"name":"wp","href":"https:\/\/api.w.org\/{rel}","templated":true}]}}