{"id":150072,"date":"2025-10-01T06:15:12","date_gmt":"2025-10-01T06:15:12","guid":{"rendered":"https:\/\/www.europesays.com\/es\/150072\/"},"modified":"2025-10-01T06:15:12","modified_gmt":"2025-10-01T06:15:12","slug":"su-refugio-en-canarias-donde-suena-con-jubilarse","status":"publish","type":"post","link":"https:\/\/www.europesays.com\/es\/150072\/","title":{"rendered":"su refugio en Canarias donde sue\u00f1a con jubilarse"},"content":{"rendered":"<p id=\"eyeHMDZGkN\" data-wc=\"117\"><strong>Vicente Vall\u00e9s<\/strong> atraviesa uno de los momentos m\u00e1s brillantes de su carrera. L\u00edder indiscutible de las noticias de Antena 3, acaba de publicar La caza del ejecutor, un thriller de espionaje que arranca en octubre de 2024 con la huida del jefe de la inteligencia rusa a las Maldivas. A sus <strong>62 a\u00f1os<\/strong>, el periodista y escritor no piensa en retirarse, pero s\u00ed tiene muy claro cu\u00e1l ser\u00eda el lugar perfecto para hacerlo cuando llegue ese d\u00eda. <a class=\"hm-link ho-link\" href=\"https:\/\/www.hola.com\/actualidad\/20240402251778\/angeles-blanco-vicente-valles-hijo-vacaciones\/\" data-mrf-recirculation=\"article-body-link\" rel=\"nofollow noopener\" target=\"_blank\">Su refugio so\u00f1ado est\u00e1 en Abades, un tranquilo pueblo costero de Tenerife<\/a> que le conquist\u00f3 por sus peque\u00f1as calas volc\u00e1nicas, sus rutas para caminar y un ambiente sereno, ideal tanto para escapadas familiares como para fines de semana de desconexi\u00f3n. \u00a0<\/p>\n<p> <img src=\"https:\/\/www.europesays.com\/es\/wp-content\/uploads\/2025\/10\/5451fe2e1a2e-dlu574763024.jpg\"   width=\"1024\" height=\"643\" loading=\"lazy\" decoding=\"async\" alt=\"Vicente Vall\u00e9s y \u00c1ngeles Blanco en la final del Hexagon Cup padel en Madrid. 2 de febrero de 2025\" fetchpriority=\"auto\" class=\"image ho-image\"\/>\u00a9 GTRES<\/p>\n<p id=\"estab1yBPU\" data-wc=\"92\">\u00abPoquito antes de que naciera nuestro hijo m\u00e1s peque\u00f1o pasamos una primera Navidad en Gran Canaria y lo pasamos tan bien que decidimos que ten\u00edamos que buscar un sitio en Canarias para poder tener un lugar al que ir habitualmente. Y lo encontramos all\u00ed, en Abades\u00bb, cont\u00f3 Vall\u00e9s en una entrevista concedida a la revista NT de la aerol\u00ednea Binter. \u00ab<strong>Vamos cuando podemos, que es menos de lo que nos gustar\u00eda<\/strong>. Nos ha hecho tan felices estar all\u00ed en Canarias que ya conocemos todas las islas. Las ocho, incluida La Graciosa\u00bb, a\u00f1adi\u00f3.\u00a0<\/p>\n<p> <img src=\"https:\/\/www.europesays.com\/es\/wp-content\/uploads\/2025\/10\/a85e07f81d28-snapinstaapp466440260184685644750423046204033958166745403n1080.jpg\"   width=\"1024\" height=\"682\" loading=\"lazy\" decoding=\"async\" alt=\"Plano medio de Vicente Vall\u00e9s en El Hormiguero\" fetchpriority=\"auto\" class=\"image ho-image\"\/>\u00a9 elhormiguero<\/p>\n<p id=\"etQXSpiWfrV\" data-wc=\"72\">Para Vall\u00e9s la peque\u00f1a localidad de Abades es sin\u00f3nimo de \u00ab<strong>calma y otro ritmo de vida que nada tiene que ver con el que llevamos aqu\u00ed en el d\u00eda a d\u00eda<\/strong>\u00ab. Al periodista le encanta \u00abel buen tiempo, de manera que esto de meterte en el avi\u00f3n en Madrid con el abrigo puesto y bajarte del avi\u00f3n en cualquiera de las islas con las cholas, como dec\u00eds vosotros, pues es una maravilla\u00bb.\u00a0<\/p>\n<p> <img src=\"https:\/\/www.europesays.com\/es\/wp-content\/uploads\/2025\/10\/79e2eb766c29-foto-2-ig-6065611310980084137162521207556585018813507n.jpg\"   width=\"1024\" height=\"768\" loading=\"lazy\" decoding=\"async\" alt=\"Plano medio de Vicente Vall\u00e9s y \u00c1ngeles Blanco en un partido de tenis\" fetchpriority=\"auto\" class=\"image ho-image\"\/>\u00a9 angelesblancotv<\/p>\n<p id=\"e8CQcnE0Rs\" data-wc=\"79\">Por eso, adem\u00e1s de ser su lugar favorito para escapar de la rutina, Abades se ha convertido tambi\u00e9n en el destino so\u00f1ado para su futuro. Cuando llegue el momento de dejar atr\u00e1s los informativos, el periodista imagina su jubilaci\u00f3n all\u00ed, disfrutando del mar junto a la preciosa familia que ha formado con <a class=\"hm-link ho-link\" href=\"https:\/\/www.hola.com\/actualidad\/20250102738819\/silvia-alonso-david-broncano-cristina-pedroche-david-munoz-campanadas\/\" data-mrf-recirculation=\"article-body-link\" rel=\"nofollow noopener\" target=\"_blank\">\u00c1ngeles Blanco, de 52 a\u00f1os<\/a>. \u00ab<strong>Tambi\u00e9n pensando en el d\u00eda despu\u00e9s de acabar el trabajo, la jubilaci\u00f3n y la posibilidad de pasar largas temporadas en Canarias<\/strong>\u00ab, confes\u00f3.<\/p>\n<p> <img src=\"https:\/\/www.europesays.com\/es\/wp-content\/uploads\/2025\/10\/f9ed5b14907b-dlu574763005.jpg\"   width=\"1024\" height=\"682\" loading=\"lazy\" decoding=\"async\" alt=\"Vicente Vall\u00e9s y \u00c1ngeles Blanco en la final del Hexagon Cup padel en Madrid. 2 de febrero de 2025\" fetchpriority=\"auto\" class=\"image ho-image\"\/>\u00a9 GTRES<\/p>\n<p id=\"eeMArqzXSy\" data-wc=\"108\">La pareja se conoci\u00f3 en 1999 en la redacci\u00f3n de Informativos Telecinco, aunque no fue hasta a\u00f1os m\u00e1s tarde cuando iniciaron su relaci\u00f3n. <strong>El 20 de septiembre de 2012 lleg\u00f3 al mundo su hijo Daniel<\/strong>, al que ambos adoran y que se ha convertido en el centro de sus vidas. Como padres, forman un gran equipo, tal y como confes\u00f3 \u00c1ngeles en una entrevista concedida a Europa Press. \u00abSomos duros y comprensivos en cada momento, dependiendo de la faceta\u00bb, reconoci\u00f3. Y a\u00f1adi\u00f3 con humor sobre la adolescencia de su hijo: \u00ab<strong>Ya le he dicho que no hay novia o novio hasta que yo lo diga, pero me tocar\u00e1<\/strong>\u00ab.\u00a0<\/p>\n<p> <img src=\"https:\/\/www.europesays.com\/es\/wp-content\/uploads\/2025\/10\/f049ff107984-dlu567344159.jpg\"   width=\"673\" height=\"1024\" loading=\"lazy\" decoding=\"async\" alt=\"La periodista \u00c1ngeles Blanco \" fetchpriority=\"auto\" class=\"image ho-image\"\/>\u00a9 GTRES<\/p>\n<p id=\"efY3uvKkLR0\" data-wc=\"65\">Vall\u00e9s, por su parte, tambi\u00e9n ha bromeado sobre la diplomacia de su hijo cuando le preguntan a qui\u00e9n prefiere ver en las noticias, si a pap\u00e1 o a mam\u00e1. \u00ab\u00c9l suele ser bastante diplom\u00e1tico cuando le preguntas\u201d, cont\u00f3 el periodista en el programa de Joaqu\u00edn S\u00e1nchez en Antena 3. \u00ab<strong>La verdad es que a \u00e9l no le interesa la informaci\u00f3n, \u00e9l ve otras cosas<\/strong>\u00ab, concluy\u00f3.<\/p>\n","protected":false},"excerpt":{"rendered":"Vicente Vall\u00e9s atraviesa uno de los momentos m\u00e1s brillantes de su carrera. L\u00edder indiscutible de las noticias de&hellip;\n","protected":false},"author":2,"featured_media":150073,"comment_status":"","ping_status":"","sticky":false,"template":"","format":"standard","meta":{"footnotes":""},"categories":[174],"tags":[517,45664,255,146,147,25,24,256,23,45665],"class_list":{"0":"post-150072","1":"post","2":"type-post","3":"status-publish","4":"format-standard","5":"has-post-thumbnail","7":"category-famosos","8":"tag-actualidad","9":"tag-angeles-blanco","10":"tag-celebrities","11":"tag-entertainment","12":"tag-entretenimiento","13":"tag-es","14":"tag-espana","15":"tag-famosos","16":"tag-spain","17":"tag-vicente-valles"},"share_on_mastodon":{"url":"","error":""},"_links":{"self":[{"href":"https:\/\/www.europesays.com\/es\/wp-json\/wp\/v2\/posts\/150072","targetHints":{"allow":["GET"]}}],"collection":[{"href":"https:\/\/www.europesays.com\/es\/wp-json\/wp\/v2\/posts"}],"about":[{"href":"https:\/\/www.europesays.com\/es\/wp-json\/wp\/v2\/types\/post"}],"author":[{"embeddable":true,"href":"https:\/\/www.europesays.com\/es\/wp-json\/wp\/v2\/users\/2"}],"replies":[{"embeddable":true,"href":"https:\/\/www.europesays.com\/es\/wp-json\/wp\/v2\/comments?post=150072"}],"version-history":[{"count":0,"href":"https:\/\/www.europesays.com\/es\/wp-json\/wp\/v2\/posts\/150072\/revisions"}],"wp:featuredmedia":[{"embeddable":true,"href":"https:\/\/www.europesays.com\/es\/wp-json\/wp\/v2\/media\/150073"}],"wp:attachment":[{"href":"https:\/\/www.europesays.com\/es\/wp-json\/wp\/v2\/media?parent=150072"}],"wp:term":[{"taxonomy":"category","embeddable":true,"href":"https:\/\/www.europesays.com\/es\/wp-json\/wp\/v2\/categories?post=150072"},{"taxonomy":"post_tag","embeddable":true,"href":"https:\/\/www.europesays.com\/es\/wp-json\/wp\/v2\/tags?post=150072"}],"curies":[{"name":"wp","href":"https:\/\/api.w.org\/{rel}","templated":true}]}}