{"id":150074,"date":"2025-10-01T06:17:20","date_gmt":"2025-10-01T06:17:20","guid":{"rendered":"https:\/\/www.europesays.com\/es\/150074\/"},"modified":"2025-10-01T06:17:20","modified_gmt":"2025-10-01T06:17:20","slug":"libros-navidad-ciriana-polemica-con-libros-en-churriana","status":"publish","type":"post","link":"https:\/\/www.europesays.com\/es\/150074\/","title":{"rendered":"LIBROS NAVIDAD CIRIANA | Pol\u00e9mica con libros en Churriana"},"content":{"rendered":"<p class=\"ft-text ft-helper-closenews\">El <a class=\"ft-link ft-link--decoration\" href=\"https:\/\/www.laopiniondemalaga.es\/malaga\/2023\/12\/21\/mundo-libros-pensando-gatos-churriana-96100075.html\" rel=\"nofollow noopener\" target=\"_blank\">mercadillo navide\u00f1o de libros<\/a> de <strong>segunda mano<\/strong> que la asociaci\u00f3n ecologista <a class=\"ft-link ft-link--decoration\" href=\"https:\/\/www.laopiniondemalaga.es\/tags\/ciriana\/\" rel=\"nofollow noopener\" target=\"_blank\">Ciriana<\/a> celebra desde hace 13 a\u00f1os y que es su principal fuente de financiaci\u00f3n est\u00e1 en el aire, denuncia este colectivo, que cree que se encuentra ante un <strong>\u00abboicot\u00bb de la concejala de <\/strong><a class=\"ft-link ft-link--decoration\" href=\"https:\/\/www.laopiniondemalaga.es\/tags\/churriana\/\" target=\"_blank\" rel=\"nofollow noopener\"><strong>Churriana<\/strong><\/a>, <strong>Mercedes Mart\u00edn<\/strong>, manifesta a este diario <strong>Maricruz Torres<\/strong>, de Ciriana.<\/p>\n<p class=\"ft-text\">\u00abEst\u00e1 usando todo el poder de la instituci\u00f3n que gestiona para <strong>saldar cuestiones personales<\/strong> con vecinos y vecinas. Esto tiene un nombre y nos parece muy grave; adem\u00e1s, lo hace impunemente\u00bb, denuncia a La Opini\u00f3n.<\/p>\n<p class=\"ft-text\">Como explica Maricruz Torres, en julio pasado Ciriana solicit\u00f3, como en ediciones anteriores, el sal\u00f3n de actos de la Biblioteca Jos\u00e9 Moreno Villa de Churriana. \u00abComo ve\u00edamos raro que no nos respondieran, la presidenta de Ciriana se pas\u00f3 por la biblioteca y la directora nos inform\u00f3 de que <strong>se van a hacer unas obras en diciembre<\/strong>\u00bb.<\/p>\n<p class=\"ft-text\">Se trata, indica Maricruz Torres, del cambio de suelo del sal\u00f3n de actos. Ciriana considera totalmente inapropiado que unas obras municipales tengan lugar en una biblioteca en diciembre. \u00abNo cabe en ninguna cabeza, <strong>cuando m\u00e1s usuarios hay<\/strong>\u00bb, sostiene.<\/p>\n<p class=\"ft-text\">Adem\u00e1s, seg\u00fan informa Maricruz Torres, la asociaci\u00f3n ha podido comprobar en la informaci\u00f3n p\u00fablica que \u00abten\u00edan que haber mandado el <strong>pliego del contrato<\/strong> en el primer trimestre de este a\u00f1o\u00bb, aparte de que el plazo para realizarlas es de \u00abdos a\u00f1os y medio\u00bb; por lo que no hay por qu\u00e9 hacerlas en diciembre. argumenta.<\/p>\n<p><img decoding=\"async\" src=\"https:\/\/www.europesays.com\/es\/wp-content\/uploads\/2025\/10\/9138fb93-1c5d-4d52-8805-573a0c5ab835_alta-libre-aspect-ratio_default_0.jpg\" width=\"1200\" height=\"702\" alt=\"Libros y objetos para el mercadillo, almacenados este septiembre.\" class=\"ft-helper-img-rd\" loading=\"lazy\" hasdataaida=\"true\"\/><\/p>\n<p class=\"ft-helper-fontColor-quaternary ft-helper-fontSize-body-S ft-helper-spacer-t-xxs\">Libros y objetos para el mercadillo, almacenados este septiembre.  \/ l.o.<\/p>\n<p>\u00abAnimadversi\u00f3n personal\u00bb<\/p>\n<p class=\"ft-text\">Como explica Maricruz Torres, la propia concejala Mercedes Mart\u00edn traslad\u00f3 en diciembre de 2024, en una reuni\u00f3n con Ciriana, su \u00abanimadversi\u00f3n personal\u00bb hacia este colectivo.<\/p>\n<p class=\"ft-text\">El motivo, cuenta Torres, es una denuncia de Ciriana a la Fiscal\u00eda, en 2022, cuando Mart\u00edn no era a\u00fan concejala y que <strong>fue archivada<\/strong>. Ciriana la present\u00f3 porque el Distrito de Churriana hab\u00eda cedido la caseta municipal de la Juventud a la Asociaci\u00f3n Juventudes Taurinas de <a class=\"ft-link ft-link--decoration\" href=\"https:\/\/www.laopiniondemalaga.es\/malaga\/\" target=\"_blank\" rel=\"nofollow noopener\">M\u00e1laga<\/a>, de la que formaba parte la actual concejala, sin estar inscrito el colectivo en el registro de asociaciones.<\/p>\n<p class=\"ft-text\">Ciriana tambi\u00e9n denuncia que , por la misma \u00abanimadversi\u00f3n\u00bb, sufren <strong>continuas \u00abtrabas burocr\u00e1ticas\u00bb<\/strong> del distrito, lo que les ha impedido celebrar, en 2024, la segunda edici\u00f3n del evento cultural Misterios de la Historia; mientras que en 2025, tras una llamada de la concejala, tuvieron que retirar del cartel anunciador el logotipo municipal. Adem\u00e1s, denuncian que tambi\u00e9n tuvieron que<strong> cancelar la Noche Fenicia <\/strong>de 2024 por la postura en contra de Mercedes Mart\u00edn.<\/p>\n<p class=\"ft-text\">Tras el mercadillo del a\u00f1o pasado, Ciriana don\u00f3 unos 2.000 libros a pueblos castigados por la DANA de Valencia. Este a\u00f1o cuentan con unos 4.000, sin saber a\u00fan si podr\u00e1n celebrar la 14 edici\u00f3n. El dinero del mercadillo, explica Torres, se destina cada a\u00f1o a la <strong>esterilizaci\u00f3n de gatos de las colonias<\/strong> del distrito; pero tambi\u00e9n para las <strong>denuncias ante las administraciones y la Justicia,<\/strong> en frentes como la <a class=\"ft-link ft-link--decoration\" href=\"https:\/\/www.laopiniondemalaga.es\/malaga\/2024\/08\/15\/cables-electricos-ras-suelo-sierra-107005837.html\" rel=\"nofollow noopener\" target=\"_blank\">Sierra de Churriana<\/a>, las <a class=\"ft-link ft-link--decoration\" href=\"https:\/\/www.laopiniondemalaga.es\/malaga\/2019\/01\/21\/cuevas-churriana-salen-luz-27856439.html\" rel=\"nofollow noopener\" target=\"_blank\"><strong>cuevas moz\u00e1rabes <\/strong><\/a><strong>o Arraijanal<\/strong>.<\/p>\n<p>\u00abSoluci\u00f3n al acoso y boicot\u00bb<\/p>\n<p class=\"ft-text\">Ciriana comunica por \u00faltimo que ha enviado sendos escritos tanto al alcalde <a class=\"ft-link ft-link--decoration\" href=\"https:\/\/www.laopiniondemalaga.es\/tags\/francisco-de-la-torre.html\" target=\"_blank\" rel=\"nofollow noopener\">Francisco de la Torre<\/a> como al <strong>Partido Popular<\/strong> y al <strong>Sistema de Informaci\u00f3n Anticorrupci\u00f3n Interno <\/strong>del Ayuntamiento, \u00abpara que pongan <strong>soluci\u00f3n al acoso y boicot que estamos sufriendo<\/strong>\u00bb.<\/p>\n<p>Respuesta del Ayuntamiento<\/p>\n<p class=\"ft-text\">Fuentes municipales respondieron ayer que la ejecuci\u00f3n de las obras en la biblioteca depende de la <strong>adjudicaci\u00f3n del contrato de mantenimiento<\/strong> de edificios municipales, \u00abque pr\u00f3ximamente quedar\u00e1 resuelto\u00bb. \u00abCuando tengamos un calendario con el inicio y ejecuci\u00f3n de los trabajos se lo comunicaremos a todos los colectivos\u00bb, precisaron.<\/p>\n<p class=\"ft-text\">Las mismas fuentes se\u00f1alaron que el Ayuntamiento<strong> conoce \u00abla trayectoria de esta asociaci\u00f3n <\/strong>en Churriana y el trabajo que llevan a cabo\u00bb, por lo que \u00b7\u00abestamos trabajando en tener <strong>previsto un<\/strong> <strong>espacio alternativo<\/strong> en caso de que fuera necesario\u00bb.<\/p>\n<p class=\"ft-text\">\u00abEstamos en contacto con este colectivo, al que ya hemos informado sobre este asunto y seguiremos haci\u00e9ndolo\u00bb, a\u00f1adieron las fuentes municipales.<\/p>\n<p data-close=\"closedContent\" class=\"subscribeHideForDisplay\">Suscr\u00edbete para seguir leyendo<\/p>\n","protected":false},"excerpt":{"rendered":"El mercadillo navide\u00f1o de libros de segunda mano que la asociaci\u00f3n ecologista Ciriana celebra desde hace 13 a\u00f1os&hellip;\n","protected":false},"author":2,"featured_media":150075,"comment_status":"","ping_status":"","sticky":false,"template":"","format":"standard","meta":{"footnotes":""},"categories":[172],"tags":[224,45296,45297,6775,146,147,25,24,225,2951,474,1526,23],"class_list":{"0":"post-150074","1":"post","2":"type-post","3":"status-publish","4":"format-standard","5":"has-post-thumbnail","7":"category-libros","8":"tag-books","9":"tag-churriana","10":"tag-ciriana","11":"tag-denuncia","12":"tag-entertainment","13":"tag-entretenimiento","14":"tag-es","15":"tag-espana","16":"tag-libros","17":"tag-navidad","18":"tag-obras","19":"tag-polemica","20":"tag-spain"},"share_on_mastodon":{"url":"","error":""},"_links":{"self":[{"href":"https:\/\/www.europesays.com\/es\/wp-json\/wp\/v2\/posts\/150074","targetHints":{"allow":["GET"]}}],"collection":[{"href":"https:\/\/www.europesays.com\/es\/wp-json\/wp\/v2\/posts"}],"about":[{"href":"https:\/\/www.europesays.com\/es\/wp-json\/wp\/v2\/types\/post"}],"author":[{"embeddable":true,"href":"https:\/\/www.europesays.com\/es\/wp-json\/wp\/v2\/users\/2"}],"replies":[{"embeddable":true,"href":"https:\/\/www.europesays.com\/es\/wp-json\/wp\/v2\/comments?post=150074"}],"version-history":[{"count":0,"href":"https:\/\/www.europesays.com\/es\/wp-json\/wp\/v2\/posts\/150074\/revisions"}],"wp:featuredmedia":[{"embeddable":true,"href":"https:\/\/www.europesays.com\/es\/wp-json\/wp\/v2\/media\/150075"}],"wp:attachment":[{"href":"https:\/\/www.europesays.com\/es\/wp-json\/wp\/v2\/media?parent=150074"}],"wp:term":[{"taxonomy":"category","embeddable":true,"href":"https:\/\/www.europesays.com\/es\/wp-json\/wp\/v2\/categories?post=150074"},{"taxonomy":"post_tag","embeddable":true,"href":"https:\/\/www.europesays.com\/es\/wp-json\/wp\/v2\/tags?post=150074"}],"curies":[{"name":"wp","href":"https:\/\/api.w.org\/{rel}","templated":true}]}}