{"id":150080,"date":"2025-10-01T06:23:11","date_gmt":"2025-10-01T06:23:11","guid":{"rendered":"https:\/\/www.europesays.com\/es\/150080\/"},"modified":"2025-10-01T06:23:11","modified_gmt":"2025-10-01T06:23:11","slug":"asi-vive-despues-de-mas-de-un-ano-de-separarse-de-gavin-bonnar","status":"publish","type":"post","link":"https:\/\/www.europesays.com\/es\/150080\/","title":{"rendered":"as\u00ed vive despu\u00e9s de m\u00e1s de un a\u00f1o de separarse de Gavin Bonnar"},"content":{"rendered":"\n<p> \u201cHac\u00eda tiempo que no ve\u00edamos a Telma tan contenta. Est\u00e1 alegre, sonriente y, sobre todo, en paz consigo misma\u201d. As\u00ed lo cuentan a Vanitatis personas cercanas a la hermana de la reina Letizia, que ha dejado atr\u00e1s el drama de<strong> su separaci\u00f3n de Gavin Bonnar<\/strong> tras casi seis a\u00f1os de relaci\u00f3n y una hija en com\u00fan. <\/p>\n<p> Fue un <a href=\"https:\/\/www.vanitatis.elconfidencial.com\/famosos\/2025-09-27\/telma-ortiz-gavin-bonnar-separados-un-ano-novela_4216923\/\" target=\"_self\" rel=\"nofollow noopener\">proceso \u201cmuy duro\u201d, con episodios \u201cescabrosos\u201d<\/a>, pero del que Telma ha salido reforzada, transformando la experiencia en aprendizaje. Todo se precipit\u00f3, como contaba Vanitatis hace unos d\u00edas, en la presentaci\u00f3n del libro de Bonnar, <strong>el 5 de junio de 2024<\/strong>. <\/p>\n<p>               Telma Ortiz y Robert Favin Bonnar, en Niza. (Gtres)             <\/p>\n<p> Ha pasado ya un a\u00f1o y cuatro meses, lo que los sit\u00faa en un nuevo escenario vital en el que ya sobrevuela la inc\u00f3gnita de si Telma tiene pareja. Algo que, sin embargo, Vanitatis no puede confirmar: varias personas de su entorno insisten en esa ilusi\u00f3n aunque se\u00f1alan que, de momento, si hay algo, no es nada serio. Lo que s\u00ed es evidente, informan las mismas fuentes, es <a href=\"https:\/\/www.vanitatis.elconfidencial.com\/famosos\/2025-09-26\/telma-ortiz-separacion-robert-gavin-bonnar-historia-amor-mudanza_4216648\/\" target=\"_self\" rel=\"nofollow noopener\">la ilusi\u00f3n renovada con la que afronta esta etapa, <\/a>reforzada adem\u00e1s por un s\u00f3lido presente profesional. <\/p>\n<p>              <img decoding=\"async\" class=\"inTextNews__img\" alt=\"Foto: telma-ortiz-gavin-bonnar-separados-un-ano-novela\" src=\"https:\/\/www.europesays.com\/es\/wp-content\/uploads\/2025\/10\/f.elconfidencial.com\/original\/690\/c50\/ecb\/690c50ecb644b035e6d29de93a6e42ec.jpg\"  \/>     <\/p>\n<p>TE PUEDE INTERESAR<\/p>\n<p>      <a class=\"inTextNews__title\" href=\"https:\/\/www.vanitatis.elconfidencial.com\/famosos\/2025-09-27\/telma-ortiz-gavin-bonnar-separados-un-ano-novela_4216923\/\" onclick=\"window.ECCO.emit(&#039;amplitude&#039;, { dataEventName: &#039;click_related_article_module&#039;, data: { related_article_url: &#039;https:\/\/www.vanitatis.elconfidencial.com\/famosos\/2025-09-27\/telma-ortiz-gavin-bonnar-separados-un-ano-novela_4216923\/&#039;, related_article_author: &#039;Silvia Taul\u00e9s&#039;, related_article_section: &#039;famosos&#039; } })\" rel=\"nofollow noopener\" target=\"_blank\"> Telma Ortiz y Robert Gavin Bonnar llevan un a\u00f1o separados (y todo empez\u00f3 por una novela&#8230;) <\/a>   <\/p>\n<p>    Silvia Taul\u00e9s   <\/p>\n<p> Mientras la semana pasada los medios public\u00e1bamos la noticia de su ruptura, <strong>ella se encontraba en Nueva York,<\/strong> lejos de la presi\u00f3n y de los focos, centrada en su trabajo. Tambi\u00e9n Bonnar estaba fuera de Espa\u00f1a por cuestiones laborales. La familia Ortiz Rocasolano nunca se ha sentido c\u00f3moda con la exposici\u00f3n medi\u00e1tica y a Telma le ha sentado bien poner tierra de por medio. Sus padres, sin embargo, han sufrido de cerca las consecuencias de la publicaci\u00f3n de la separaci\u00f3n. <\/p>\n<p>            El contexto           <\/p>\n<p> Una separaci\u00f3n que dej\u00f3 una huella profunda. La pareja empez\u00f3 su relaci\u00f3n entre Andorra y Barcelona en 2019, y <a href=\"https:\/\/www.vanitatis.elconfidencial.com\/famosos\/2022-10-24\/telma-ortiz-cumple-49-baby-shower-reina-nuevo-empleo-internacional_3510162\/\" target=\"_self\" rel=\"nofollow noopener\">decidieron mudarse a Madrid, donde Bonnar y Ortiz alquilaron una vivienda en Soto de la Moraleja. <\/a>All\u00ed surgieron tensiones que desembocaron en discusiones cada vez m\u00e1s abiertas. La casa costaba casi 6.000 euros al mes de alquiler y la pareja sufr\u00eda para costearse los gastos, tal como informan las fuentes de ambos entornos a Vanitatis, as\u00ed que se mudaron a otra casa, en Alcobendas, m\u00e1s sencilla y por la mitad de precio. <\/p>\n<p>              <img decoding=\"async\" class=\"inTextNews__img\" alt=\"Foto: cunado-reina-letizia-ficha-nueva-empresa-mujeres-golf-lujo\" src=\"https:\/\/www.europesays.com\/es\/wp-content\/uploads\/2025\/10\/f.elconfidencial.com\/original\/ec5\/555\/a69\/ec5555a69661c34966246a2a5e8c85ba.jpg\"  \/>     <\/p>\n<p>TE PUEDE INTERESAR<\/p>\n<p>      <a class=\"inTextNews__title\" href=\"https:\/\/www.vanitatis.elconfidencial.com\/famosos\/2024-12-13\/cunado-reina-letizia-ficha-nueva-empresa-mujeres-golf-lujo_4022357\/\" onclick=\"window.ECCO.emit(&#039;amplitude&#039;, { dataEventName: &#039;click_related_article_module&#039;, data: { related_article_url: &#039;https:\/\/www.vanitatis.elconfidencial.com\/famosos\/2024-12-13\/cunado-reina-letizia-ficha-nueva-empresa-mujeres-golf-lujo_4022357\/&#039;, related_article_author: &#039;Silvia Taul\u00e9s&#039;, related_article_section: &#039;famosos&#039; } })\" rel=\"nofollow noopener\" target=\"_blank\"> Robert Gavin Bonnar, el marido de Telma Ortiz, ficha para una nueva empresa: mujeres, golf y lujo <\/a>   <\/p>\n<p>    Silvia Taul\u00e9s   <\/p>\n<p> Para ambos, el contexto tampoco era de ayuda: la <a href=\"https:\/\/www.vanitatis.elconfidencial.com\/casas-reales\/2021-08-20\/telma-ortiz-maternidad-madre-hermana-letizia_3242338\/\" target=\"_self\" rel=\"nofollow noopener\">paternidad a edades avanzadas,<\/a> la convivencia con tres hijos mayores en casa y la p\u00e9rdida de parte de los ingresos de \u00e9l, despu\u00e9s de desvincularse de Sharon Corr y dejar de ser abogado del grupo The Corrs. Sharon Corr, quien, por cierto, public\u00f3 un nuevo disco tras la sonada separaci\u00f3n en la que se\u00f1alaba a su ex amiga Telma y a su exmarido -eso tampoco fue de ayuda-. <\/p>\n<p>               Telma Ortiz y Robert Gavin Bonnar. (Gett)             <\/p>\n<p> Con todo, el punto de no retorno lleg\u00f3 con la publicaci\u00f3n de <a href=\"https:\/\/www.vanitatis.elconfidencial.com\/casas-reales\/2024-03-11\/nuevo-libro-sacudir-zarzuela-cunado-letizia-novio-telma-ortiz_3844313\/\" target=\"_self\" rel=\"nofollow noopener\">la novela de Bonnar, El cuarto poder<\/a>, cuya <a href=\"https:\/\/www.vanitatis.elconfidencial.com\/famosos\/2024-06-05\/telma-ortiz-vestido-cruzado-mango-libro-gavin-bonnar_3897429\/\" target=\"_self\" rel=\"nofollow noopener\">presentaci\u00f3n en un centro comercial en Madrid <\/a>termin\u00f3 por dinamitar la relaci\u00f3n. All\u00ed estuvo Telma en primera fila pero <strong>nadie m\u00e1s de su familia acudi\u00f3 para apoyar a Bonnar<\/strong>, algo que ya levant\u00f3 sospechas entre algunos. Para Telma, aquel protagonismo p\u00fablico result\u00f3 inasumible y las discusiones se agravaron. Esa misma semana, la cu\u00f1ada de Felipe VI abandon\u00f3 el domicilio conyugal tras otra intensa discusi\u00f3n y se refugi\u00f3 en casa de su padre, Jes\u00fas Ortiz. <\/p>\n<p>                Vida en Alcobendas           <\/p>\n<p> Desde entonces, su vida ha cambiado por completo. Alquil\u00f3 un apartamento, tambi\u00e9n en Alcobendas, que alterna con la vivienda de <a href=\"https:\/\/www.vanitatis.elconfidencial.com\/famosos\/2024-06-05\/telma-ortiz-vestido-cruzado-mango-libro-gavin-bonnar_3897429\/\" target=\"_self\" rel=\"nofollow noopener\">su padre, convertido en apoyo fundamental en el cuidado de la familia, <\/a>igual que Paloma Rocasolano. Bonnar, en cambio, contin\u00faa en la casa que hab\u00edan compartido en la misma localidad madrile\u00f1a, aunque su contrato de alquiler expira en breve. Baraja quedarse en Madrid o regresar a Irlanda, pero esa decisi\u00f3n ya no forma parte de la vida de Telma, que ha puesto distancia emocional y pr\u00e1ctica con el pasado. <\/p>\n<p>              <img decoding=\"async\" class=\"inTextNews__img\" alt=\"Foto: telma-ortiz-filantropica-internacional-afianza-vida-madrid\" src=\"https:\/\/www.europesays.com\/es\/wp-content\/uploads\/2025\/10\/f.elconfidencial.com\/original\/28a\/68e\/c6a\/28a68ec6ae7c26d51a6ebd9a8925faa0.jpg\"  \/>     <\/p>\n<p>TE PUEDE INTERESAR<\/p>\n<p>      <a class=\"inTextNews__title\" href=\"https:\/\/www.vanitatis.elconfidencial.com\/famosos\/2025-09-25\/telma-ortiz-filantropica-internacional-afianza-vida-madrid_4215167\/\" onclick=\"window.ECCO.emit(&#039;amplitude&#039;, { dataEventName: &#039;click_related_article_module&#039;, data: { related_article_url: &#039;https:\/\/www.vanitatis.elconfidencial.com\/famosos\/2025-09-25\/telma-ortiz-filantropica-internacional-afianza-vida-madrid_4215167\/&#039;, related_article_author: &#039;Silvia Taul\u00e9s&#039;, related_article_section: &#039;famosos&#039; } })\" rel=\"nofollow noopener\" target=\"_blank\"> Telma Ortiz consolida su labor filantr\u00f3pica internacional y afianza su vida en Madrid <\/a>   <\/p>\n<p>    Silvia Taul\u00e9s   <\/p>\n<p> Hoy, toda su vida se centra en ella, en sus hijas y en su profesi\u00f3n. Porque adem\u00e1s de su puesto en Ceapi, ha asumido la responsabilidad de asesora senior en la Gerencia de Movilizaci\u00f3n de Recursos y Alianzas Globales de CAF, el<strong> Banco de Desarrollo de Am\u00e9rica Latina y el Caribe<\/strong>. <\/p>\n<p> En este \u00e1mbito despliega su perfil m\u00e1s t\u00e9cnico e internacional. Quienes la conocen destacan su alta preparaci\u00f3n y fuerte personalidad, una combinaci\u00f3n que explica por qu\u00e9, un a\u00f1o y medio despu\u00e9s, Telma Ortiz se muestra<strong> feliz, serena y, sobre todo, ilusionada.<\/strong> <\/p>\n<p> \u201cHac\u00eda tiempo que no ve\u00edamos a Telma tan contenta. Est\u00e1 alegre, sonriente y, sobre todo, en paz consigo misma\u201d. As\u00ed lo cuentan a Vanitatis personas cercanas a la hermana de la reina Letizia, que ha dejado atr\u00e1s el drama de<strong> su separaci\u00f3n de Gavin Bonnar<\/strong> tras casi seis a\u00f1os de relaci\u00f3n y una hija en com\u00fan. <\/p>\n","protected":false},"excerpt":{"rendered":"\u201cHac\u00eda tiempo que no ve\u00edamos a Telma tan contenta. Est\u00e1 alegre, sonriente y, sobre todo, en paz consigo&hellip;\n","protected":false},"author":2,"featured_media":150081,"comment_status":"","ping_status":"","sticky":false,"template":"","format":"standard","meta":{"footnotes":""},"categories":[91],"tags":[146,147,25,24,23],"class_list":{"0":"post-150080","1":"post","2":"type-post","3":"status-publish","4":"format-standard","5":"has-post-thumbnail","7":"category-entretenimiento","8":"tag-entertainment","9":"tag-entretenimiento","10":"tag-es","11":"tag-espana","12":"tag-spain"},"share_on_mastodon":{"url":"","error":""},"_links":{"self":[{"href":"https:\/\/www.europesays.com\/es\/wp-json\/wp\/v2\/posts\/150080","targetHints":{"allow":["GET"]}}],"collection":[{"href":"https:\/\/www.europesays.com\/es\/wp-json\/wp\/v2\/posts"}],"about":[{"href":"https:\/\/www.europesays.com\/es\/wp-json\/wp\/v2\/types\/post"}],"author":[{"embeddable":true,"href":"https:\/\/www.europesays.com\/es\/wp-json\/wp\/v2\/users\/2"}],"replies":[{"embeddable":true,"href":"https:\/\/www.europesays.com\/es\/wp-json\/wp\/v2\/comments?post=150080"}],"version-history":[{"count":0,"href":"https:\/\/www.europesays.com\/es\/wp-json\/wp\/v2\/posts\/150080\/revisions"}],"wp:featuredmedia":[{"embeddable":true,"href":"https:\/\/www.europesays.com\/es\/wp-json\/wp\/v2\/media\/150081"}],"wp:attachment":[{"href":"https:\/\/www.europesays.com\/es\/wp-json\/wp\/v2\/media?parent=150080"}],"wp:term":[{"taxonomy":"category","embeddable":true,"href":"https:\/\/www.europesays.com\/es\/wp-json\/wp\/v2\/categories?post=150080"},{"taxonomy":"post_tag","embeddable":true,"href":"https:\/\/www.europesays.com\/es\/wp-json\/wp\/v2\/tags?post=150080"}],"curies":[{"name":"wp","href":"https:\/\/api.w.org\/{rel}","templated":true}]}}