{"id":150082,"date":"2025-10-01T06:24:08","date_gmt":"2025-10-01T06:24:08","guid":{"rendered":"https:\/\/www.europesays.com\/es\/150082\/"},"modified":"2025-10-01T06:24:08","modified_gmt":"2025-10-01T06:24:08","slug":"cientificos-descubren-una-segunda-luna-orbitando-cerca-de-la-tierra-observarla-es-un-verdadero-reto-y-un-misterio-vandal","status":"publish","type":"post","link":"https:\/\/www.europesays.com\/es\/150082\/","title":{"rendered":"Cient\u00edficos descubren una &#039;segunda Luna&#039; orbitando cerca de la Tierra: &#039;Observarla es un verdadero reto y un misterio&#039; &#8211; Vandal"},"content":{"rendered":"<ol>\n<li><a href=\"https:\/\/news.google.com\/rss\/articles\/CBMi8gFBVV95cUxPWE1pc0d2UVUxdjMxa3JFTEhyUU1WSHc0WlRwd182QmxDSTRDV09qQTBNbXJyc2E2a2FtNTRnUTZQVm56dENyNS02S3RaV2RIeWFMbE1HTDZGc09EbVc3NVNrdEpuV29PNmVLVlVfSFBsZTlnazFQQkpOWm5USDV0M3J6SzBLNnhKcEJfM1d4UTZrel9UY01odkV3bnktVmpyWDk2cWo0Rk9TNEhKRDExTnNfVmc1V3g4Q0NXRWlQaDV1dm1lck1YYlRicnp0cUw3WUhtSG41SGZ0MllrcVdmSFdSSU5oS1lNc3dQbVVmOUJEUdIB9wFBVV95cUxQeFVuU0tpeS1sNXhJdXNsNGJLREZSNnBqNEgwcFJWYmVpWlJ2RDZ4VFVzNVpJdzBCYUVYdEZBMHlMUC1GWExCUkRXQVBEX09sM0NZQWxIcWRLanZoc3J2MWE1NmlXS21XRE1UbXMxVUY1b1ZJYVJmTDYyUWRQQ3htTWd0djNZRFZTb2c1MVRESUhSWFhjV09LRkIwZW5Gd2wybE1hRlVtdFdTVHdLa1p4dm1VT2JoT1M0TDlUQ0VsR2I0Zm40NDRrVlpEb1g4cWVQZ1F5TFM1MjVZNE40aFNabkhWLTRSMk1LM2QxZUp6QUhSWjZPcHhr?oc=5\" target=\"_blank\" rel=\"nofollow noopener\">Cient\u00edficos descubren una &#8216;segunda Luna&#8217; orbitando cerca de la Tierra: &#8216;Observarla es un verdadero reto y un misterio&#8217;<\/a>&nbsp;&nbsp;Vandal<\/li>\n<li><a href=\"https:\/\/news.google.com\/rss\/articles\/CBMiiwFBVV95cUxNdUg4SkVMa3NDYmV4TjcxNjVmTmVCTWFocWlEQlVTNGZ3THNDa3JVekIwUGVRMGtHOExLZTJwYl9WR3FaWFdEUEFpMlp1a0xzVGtMM0RRQkRWYVJqSDY4bTVrQjNidkozM1BicjJpa1EzOU1DMG5IMGNBcEQ4dEY1RGktUE5xNzhNMHlj?oc=5\" target=\"_blank\" rel=\"nofollow noopener\">V\u00eddeo | Una nueva (casi) luna para la Tierra<\/a>&nbsp;&nbsp;EL PA\u00cdS<\/li>\n<li><a href=\"https:\/\/news.google.com\/rss\/articles\/CBMiekFVX3lxTE5LRldiajRlaXBDWUdTVU5zVngtMEJOV2FjSzBXSmxKSWk2Ym95RUlaLTdCSGcxdDlicTNOSDVBRGhmNFpTM2pBT1l1V1hwUGl5WUl2V0tYYTU3dHNXUHFSWGZVYWJpSVRrZUdGNHFlWDJ3cGVoWWxYWlVR?oc=5\" target=\"_blank\" rel=\"nofollow noopener\">Llevaba d\u00e9cadas orbitando la Tierra silenciosamente: Nadie la hab\u00eda visto, hasta ahora<\/a>&nbsp;&nbsp;ECOticias.com El Peri\u00f3dico Verde<\/li>\n<li><a href=\"https:\/\/news.google.com\/rss\/articles\/CBMi_AFBVV95cUxOQXhpZTI1d2hMVkxBN2xrZ1diNXY1X09TQlZwUXFUaExMbEx1RkxKZWsxX05uOGN2TnVaczZRY3h4dUVuX0F2emdZR3VLSlFJMW9FN2hrWjJiZmtndlFQT21iRmF3WkM0a2txQUFqaXZQVjNiNTd3TkFzX2VKMGp1RFBwLXI5TDNqTnZkeDV5WExUMkdYOERKTDhlSHRuaXQ4ZVZGNlZaS2dzZjlkZXJ6MzdvM21TZkcwdllGX3NLc0hSSHhfQ0d0bkxYbjFNZ3dpSnNOVUd0WlZLdjNVRWZiZE9BX193SFFpNjd1V0JLcVM4S3RYSHNTVVdvLTbSAYICQVVfeXFMTWt3LVM5cUw1WTJjYlN0WWxUVzNWYWVJaHNYQmNXUmVWSDdHVTFFS2c5OERjeU03M2R6WWhvZzRVWHlvMl9SRUFScWIyZjh5TUhsVml3VFZEUS1iT3Jpc1E5SDIxcE9zRjFmRW1ybnVGLUtxVGNSaE1MM0pmMy04X0JzeTVJQ0dtYzh5WURDVlRjX2Z6MUczdUV3UWFKZXR5RTJvZ2M0VFdwcGxMRlFZNkd0cS14VjZZMmhlamZwVWdWaEd1aGlCVDFkUk0xTGhjdlZFVDJpaW1nUDU2ZDNJcUdOcGlrNkI1YXRjS0FIQTNNMXN6MGFVU0xSWEdnRG1FNlNR?oc=5\" target=\"_blank\" rel=\"nofollow noopener\">Astr\u00f3nomos descubren una segunda luna cerca de la Tierra que nos acompa\u00f1a desde hace 60 a\u00f1os y que casi nunca podemos ver<\/a>&nbsp;&nbsp;Vandal<\/li>\n<\/ol>\n","protected":false},"excerpt":{"rendered":"Cient\u00edficos descubren una &#8216;segunda Luna&#8217; orbitando cerca de la Tierra: &#8216;Observarla es un verdadero reto y un misterio&#8217;&nbsp;&nbsp;Vandal&hellip;\n","protected":false},"author":2,"featured_media":150083,"comment_status":"","ping_status":"","sticky":false,"template":"","format":"standard","meta":{"footnotes":""},"categories":[81],"tags":[119,123,124,25,24,2065,117,121,122,23,118,120],"class_list":{"0":"post-150082","1":"post","2":"type-post","3":"status-publish","4":"format-standard","5":"has-post-thumbnail","7":"category-ciencia-y-tecnologia","8":"tag-ciencia","9":"tag-ciencia-y-tecnologia","10":"tag-cienciaytecnologia","11":"tag-es","12":"tag-espana","13":"tag-faltan-tags","14":"tag-science","15":"tag-science-and-technology","16":"tag-scienceandtechnology","17":"tag-spain","18":"tag-technology","19":"tag-tecnologia"},"share_on_mastodon":{"url":"","error":""},"_links":{"self":[{"href":"https:\/\/www.europesays.com\/es\/wp-json\/wp\/v2\/posts\/150082","targetHints":{"allow":["GET"]}}],"collection":[{"href":"https:\/\/www.europesays.com\/es\/wp-json\/wp\/v2\/posts"}],"about":[{"href":"https:\/\/www.europesays.com\/es\/wp-json\/wp\/v2\/types\/post"}],"author":[{"embeddable":true,"href":"https:\/\/www.europesays.com\/es\/wp-json\/wp\/v2\/users\/2"}],"replies":[{"embeddable":true,"href":"https:\/\/www.europesays.com\/es\/wp-json\/wp\/v2\/comments?post=150082"}],"version-history":[{"count":0,"href":"https:\/\/www.europesays.com\/es\/wp-json\/wp\/v2\/posts\/150082\/revisions"}],"wp:featuredmedia":[{"embeddable":true,"href":"https:\/\/www.europesays.com\/es\/wp-json\/wp\/v2\/media\/150083"}],"wp:attachment":[{"href":"https:\/\/www.europesays.com\/es\/wp-json\/wp\/v2\/media?parent=150082"}],"wp:term":[{"taxonomy":"category","embeddable":true,"href":"https:\/\/www.europesays.com\/es\/wp-json\/wp\/v2\/categories?post=150082"},{"taxonomy":"post_tag","embeddable":true,"href":"https:\/\/www.europesays.com\/es\/wp-json\/wp\/v2\/tags?post=150082"}],"curies":[{"name":"wp","href":"https:\/\/api.w.org\/{rel}","templated":true}]}}