{"id":150084,"date":"2025-10-01T06:25:10","date_gmt":"2025-10-01T06:25:10","guid":{"rendered":"https:\/\/www.europesays.com\/es\/150084\/"},"modified":"2025-10-01T06:25:10","modified_gmt":"2025-10-01T06:25:10","slug":"marineda-city-estrenara-su-ampliacion-el-24-de-octubre-tras-dos-anos-de-obras-y-41-millones-de-euros-de-inversion-la-voz-de-galicia","status":"publish","type":"post","link":"https:\/\/www.europesays.com\/es\/150084\/","title":{"rendered":"Marineda City estrenar\u00e1 su ampliaci\u00f3n el 24 de octubre tras dos a\u00f1os de obras y 41 millones de euros de inversi\u00f3n &#8211; La Voz de Galicia"},"content":{"rendered":"<ol>\n<li><a href=\"https:\/\/news.google.com\/rss\/articles\/CBMiiAJBVV95cUxNZWFGdmtzLU9VZ0xCTDdPekV0cVRvMV92WHp4UF9JSWdyMUFCUElOcFJWRWtHdnpGSjBnNW1JdUliTmlRWEJBVS1QN0dtMHg5QS1PcnZCeFFobEdCNzNPeTdSTWJVeFoxVTFOMGp6Tjloajl0TG1OaERxMGNwQjFYSFpPQVpVaTNNUFExR0Q5SGRpRnI5ZVVMbGdKZ19PQkcweVBGWGI0R2lYNzFDNGhod2k2UkpIU0xDXy04ek5XbW1famIyaDdFaUlCWlR1S3VDUFZKZFU1a2M0dVlmTl85MkY1VVpqRlBHYllZd0JJTFhNdENNcGtVT1NweUFiR3owYlhtS3A0cXrSAaQCQVVfeXFMUERJWV9MZGFUUlY4Qk45YjFHX0htanZxMFZMZ3JlR0tCZk1Cdk8yZmtiZ0taQ3pQeHdZckZPZXAwOUhKTWp2am1fdlc3aENlN0RYX2VPQ3RoYS0zaDQydFRMTmR6MEdRZUJHUEJaYTdpLVN2TkNiajBfaWVTTnZNeXdWTzI5LVprR2xrNGRwYndyeFJVdDRSQjhYNkl2ZmR3Mk9UZndoSFc1RkdMVHk0VkM5ZHlmRXpEVGRHQmZPOER6ZzhnNnZfUDVvT3JtVG9IclNXNE5vWV9jNmRLdFliVFVocnQzNnJoNkxsdkhzaDB2R2doYkpVYlNLbUpxaUlrWXRia2ZxTS1GTGR1bzN4MDB6czMyWW0tQ1FLT1lOX1pMTGpxOA?oc=5\" target=\"_blank\" rel=\"nofollow noopener\">Marineda City estrenar\u00e1 su ampliaci\u00f3n el 24 de octubre tras dos a\u00f1os de obras y 41 millones de euros de inversi\u00f3n<\/a>&nbsp;&nbsp;La Voz de Galicia<\/li>\n<li><a href=\"https:\/\/news.google.com\/rss\/articles\/CBMi4AFBVV95cUxOR1pKRnVuSGxfN2RXOGFNUll1MmRaa0pxTlVJUS1pcVdoYzVxdHpFaWY5X3c0S2xPbHJ0T1Z1SGRxVFRld0M1aDFjTlNqOW9RVnlHdE93WjB0WlNfbmpNcW56U0NKY2FpN3JESXZoenY5V0x6VG5FT1JPVTVrUWF1aGhxVi1SRVZnWGhZellOMldva0ZCVkF2dHZ5ZExrejAtUHNsSENvWlN2TEVSaS1xS0hsX01wOTNqME14VWoyMkZKWDFFVWFLVF9aVUpPc1RsTmZuMTgwMlB1WGhaSnhFSw?oc=5\" target=\"_blank\" rel=\"nofollow noopener\">Marineda City, en A Coru\u00f1a, estrenar\u00e1 su ampliaci\u00f3n el viernes 24 de octubre<\/a>&nbsp;&nbsp;El Espa\u00f1ol<\/li>\n<li><a href=\"https:\/\/news.google.com\/rss\/articles\/CBMiowFBVV95cUxQbW9vU0NlU1pxcWVxaHFVZ2g0UlpqVElpNWJCT243Y1VibXoyRG00eC1GVXZ3aG1NdWNEU2NtcHBEaUVCUG5NTnF1U2t2RXFzVS1FUWtzdGVvVm83bV85ZUw5Sk1BeW9ZZE1tX2htSWpPWVJCNlk0cXBibFFZcHZ6WTRkNFVpdU9VYTlBbDJoUDRXRVJPeFFMNXRNd2tFcl95dDlV0gGoAUFVX3lxTE5JYXIzTFdsaFN1ckVfNmdySndiQzFoRE41YU40ZnNKcnlvZ20tV2h2UU1UWW1fX2c1NHN6YjZsR1dPQVpnVXBZb1BWMzI0d3BKdGVtT3N3ME1pN1NrN3U4aWpWVHlQNU5VZDNnZkFIQ0laeHhwakVQNTJMWU15bFd3Wm10dWhwblk0ZnZ2UXNWQzJhckNENXZINm1YdFJMWV9TWlhua2xKNg?oc=5\" target=\"_blank\" rel=\"nofollow noopener\">Ya hay fecha para la apertura al p\u00fablico de la ampliaci\u00f3n de Marineda City<\/a>&nbsp;&nbsp;La Opini\u00f3n A Coru\u00f1a<\/li>\n<li><a href=\"https:\/\/news.google.com\/rss\/articles\/CBMiiwFBVV95cUxQYkVHXzkxb0JiWGdzdERkSHhsTktvMDFadi1WREt6Qm5vbnZMcFp2eWNQWmNvdFlrSnljX05hYlUtX1ZPMVRXWldGZ2ZacHZacU9scVA1ZmtxMmNBekZMTFlFSFE2aE42NWhWa3NlN0dLX3BYSE5lLWZhc0dTTXNGV1gyWXVrbjkzMUpN0gGQAUFVX3lxTE1yUmdNLVZiUnVOMlB4LUh6Y2J6cFZYLUp5eVRYdXFQSk5idEEzUWp2Q1l1OXRpdVVSM1RnRWNXVDFVSnBoSzhHR3dYbnhJM015dDBickk1NzBfZkxYc0NGakdoc00xVUZnbWpMZHN2czVhWGszbHJha1EtNTZlaVhReVhtQkRMcnF2YlNxLVV5WA?oc=5\" target=\"_blank\" rel=\"nofollow noopener\">Merlin invierte en ampliar Marineda City el triple de lo que pag\u00f3 por el edificio de El Corte Ingl\u00e9s<\/a>&nbsp;&nbsp;Econom\u00eda Digital<\/li>\n<li><a href=\"https:\/\/news.google.com\/rss\/articles\/CBMiwAFBVV95cUxNazBFZFJ4TjlLX2xVNV96RFpHblRTU2dTU2lYZnFWTHpqTVR5UmUzQmFJSzNCVW9SQ1VycUNCNnZ2S2cxQ2hLbHBybTFRMEVIcXdRRzg0WUNITERZdnBXRl85RVdyQVU4VTlGNk1OcFVuWE12Z3JKTUI2eGVJMW9GQ1ZBSVpnakhVMUFpRlZEMFdqRzRFM21qOUZnVVRWUHlUSFA0ckdEb1hpcHVoU2l0elVmNXZaZDZmRTllS3lxYVo?oc=5\" target=\"_blank\" rel=\"nofollow noopener\">Marineda City inaugurar\u00e1 su ampliaci\u00f3n el 24 de octubre<\/a>&nbsp;&nbsp;Revista Centros Comerciales<\/li>\n<\/ol>\n","protected":false},"excerpt":{"rendered":"Marineda City estrenar\u00e1 su ampliaci\u00f3n el 24 de octubre tras dos a\u00f1os de obras y 41 millones de&hellip;\n","protected":false},"author":2,"featured_media":150085,"comment_status":"","ping_status":"","sticky":false,"template":"","format":"standard","meta":{"footnotes":""},"categories":[80],"tags":[39615,82,95,94,25,24,7334,23],"class_list":{"0":"post-150084","1":"post","2":"type-post","3":"status-publish","4":"format-standard","5":"has-post-thumbnail","7":"category-economia","8":"tag-a-coruna-ciudad","9":"tag-business","10":"tag-economia","11":"tag-economy","12":"tag-es","13":"tag-espana","14":"tag-marineda-city","15":"tag-spain"},"share_on_mastodon":{"url":"","error":""},"_links":{"self":[{"href":"https:\/\/www.europesays.com\/es\/wp-json\/wp\/v2\/posts\/150084","targetHints":{"allow":["GET"]}}],"collection":[{"href":"https:\/\/www.europesays.com\/es\/wp-json\/wp\/v2\/posts"}],"about":[{"href":"https:\/\/www.europesays.com\/es\/wp-json\/wp\/v2\/types\/post"}],"author":[{"embeddable":true,"href":"https:\/\/www.europesays.com\/es\/wp-json\/wp\/v2\/users\/2"}],"replies":[{"embeddable":true,"href":"https:\/\/www.europesays.com\/es\/wp-json\/wp\/v2\/comments?post=150084"}],"version-history":[{"count":0,"href":"https:\/\/www.europesays.com\/es\/wp-json\/wp\/v2\/posts\/150084\/revisions"}],"wp:featuredmedia":[{"embeddable":true,"href":"https:\/\/www.europesays.com\/es\/wp-json\/wp\/v2\/media\/150085"}],"wp:attachment":[{"href":"https:\/\/www.europesays.com\/es\/wp-json\/wp\/v2\/media?parent=150084"}],"wp:term":[{"taxonomy":"category","embeddable":true,"href":"https:\/\/www.europesays.com\/es\/wp-json\/wp\/v2\/categories?post=150084"},{"taxonomy":"post_tag","embeddable":true,"href":"https:\/\/www.europesays.com\/es\/wp-json\/wp\/v2\/tags?post=150084"}],"curies":[{"name":"wp","href":"https:\/\/api.w.org\/{rel}","templated":true}]}}