{"id":150086,"date":"2025-10-01T06:26:09","date_gmt":"2025-10-01T06:26:09","guid":{"rendered":"https:\/\/www.europesays.com\/es\/150086\/"},"modified":"2025-10-01T06:26:09","modified_gmt":"2025-10-01T06:26:09","slug":"la-flotilla-con-ayuda-para-gaza-denuncia-el-hostigamiento-del-ejercito-de-israel-internacional","status":"publish","type":"post","link":"https:\/\/www.europesays.com\/es\/150086\/","title":{"rendered":"La flotilla con ayuda para Gaza denuncia el hostigamiento del ej\u00e9rcito de Israel | Internacional"},"content":{"rendered":"<p class=\"\">La<a href=\"https:\/\/elpais.com\/internacional\/2025-09-27\/la-flotilla-zarpa-de-nuevo-hacia-gaza-tras-cuatro-dias-de-complicaciones-en-creta.html\" rel=\"nofollow noopener\" title=\"https:\/\/elpais.com\/internacional\/2025-09-27\/la-flotilla-zarpa-de-nuevo-hacia-gaza-tras-cuatro-dias-de-complicaciones-en-creta.html\" target=\"_blank\"> flotilla que lleva ayuda para Gaza<\/a> por v\u00eda mar\u00edtima afronta sus \u00faltimos d\u00edas de traves\u00eda. Unas 130 millas (poco m\u00e1s de 200 kil\u00f3metros) separaban la ma\u00f1ana de este mi\u00e9rcoles los barcos de la Franja palestina. Ha pasado casi un mes desde que <a href=\"https:\/\/elpais.com\/internacional\/2025-08-31\/una-flotilla-de-30-barcos-zarpa-desde-barcelona-con-el-objetivo-de-romper-el-bloqueo-israeli-y-llevar-ayuda-humanitaria-a-gaza.html\" target=\"_self\" rel=\"nofollow noopener\" title=\"https:\/\/elpais.com\/internacional\/2025-08-31\/una-flotilla-de-30-barcos-zarpa-desde-barcelona-con-el-objetivo-de-romper-el-bloqueo-israeli-y-llevar-ayuda-humanitaria-a-gaza.html\">zarparon los primeros nav\u00edos desde de Barcelona<\/a> y las pr\u00f3ximas horas ser\u00e1n decisivas. La mayor\u00eda de las 47 embarcaciones que contin\u00faan la misi\u00f3n \u2015en torno a una decena se han quedado en el camino por problemas variados\u2015 han llegado a lo que la organizaci\u00f3n denomina como \u201czona de posible interceptaci\u00f3n\u201d por parte de los militares israel\u00edes, donde los integrantes han detectado un \u201cincremento de la actividad de drones\u201d y la puesta en pr\u00e1ctica de una t\u00e1ctica de hostigamiento de la Armada. \u201cLos buques de la Armada se acercan. Nos estamos preparando para la interceptaci\u00f3n. Las c\u00e1maras de seguridad de varios barcos han sido interrumpidas\u201d, comunicaron a los tripulantes los responsables de la misi\u00f3n durante la madrugada. <\/p>\n<p class=\"\">Durante la noche se vivieron horas de m\u00e1xima tensi\u00f3n. Despu\u00e9s de que la organizaci\u00f3n notificara que el riesgo hab\u00eda disminuido y que \u201clo m\u00e1s probable\u201d era que no se produjera ninguna intervenci\u00f3n inminente, detectaron al amanecer un barco aproxim\u00e1ndose a una embarcaci\u00f3n de la flotilla. De inmediato, se activ\u00f3 el protocolo de seguridad y muchos de los integrantes se deshicieron de sus tel\u00e9fono m\u00f3viles, lanz\u00e1ndolos al agua. <\/p>\n<p><img decoding=\"auto\" class=\"_re lazyload a_m-h\" height=\"311\"  width=\"414\"  src=\"https:\/\/www.europesays.com\/es\/wp-content\/uploads\/2025\/10\/JGFFJC44E5DMVBHKHWUOB4DJAQ.jpg\" loading=\"lazy\"\/>Uno de los barcos de la flotilla con ayuda para Gaza, el 30 de septiembre, a unas 220 millas de la Franja.Ognjen Markovic (Anadolu\/Getty Images)<\/p>\n<p class=\"\">\u201cTuvimos nuestro primer encuentro con buques de la Armada israel\u00ed, que rodearon nuestro barco l\u00edder durante unos seis minutos, desactivando de forma remota todos nuestros sistemas de comunicaci\u00f3n. Fue necesaria una fuerte maniobra evasiva por parte del capit\u00e1n para evitar la colisi\u00f3n frontal y el equipo reaccion\u00f3 bien\u201d, ha informado esta ma\u00f1ana la misi\u00f3n. \u201cTras el ataque intimidatorio al Alma, el buque militar se dirigi\u00f3 hacia otro barco, el Sirius, y realiz\u00f3 las mismas maniobras durante m\u00e1s tiempo hasta que se marcharon. Hubo informes de otros nav\u00edos militares durante toda la noche. Esperamos un nuevo momento de tensi\u00f3n en unas horas, por lo que este es el mejor momento para dormir y estar preparados para ello\u00bb, contin\u00faa el comunicado. <\/p>\n<p class=\"\">El Gobierno de Espa\u00f1a reiter\u00f3 la noche del martes a los integrantes de la flotilla que el buque Furor, enviado para asistir a la misi\u00f3n y que se suma al de Italia, no iba a poder entrar en la \u201czona de exclusi\u00f3n\u201d establecida por el ej\u00e9rcito israel\u00ed y que, por tanto, recomendaba encarecidamente que desistieran de proseguir. Fuentes de La Moncloa inciden en que la misi\u00f3n \u201ces encomiable y leg\u00edtima, pero las vidas de sus integrantes tiene que estar por encima\u201d. <\/p>\n<p class=\"\">Sin embargo, la flotilla continu\u00f3 su traves\u00eda. Ninguna de las embarcaciones militares, de hecho, actuar\u00e1 en caso de interceptaci\u00f3n o ataque, ya que solo est\u00e1n para realizar rescates. \u201cEntonces, \u00bfpara qu\u00e9 han venido?\u201d, se preguntan muchos de participantes a bordo del Captain Nikos, la embarcaci\u00f3n en la que viaja EL PA\u00cdS.<\/p>\n","protected":false},"excerpt":{"rendered":"La flotilla que lleva ayuda para Gaza por v\u00eda mar\u00edtima afronta sus \u00faltimos d\u00edas de traves\u00eda. Unas 130&hellip;\n","protected":false},"author":2,"featured_media":150087,"comment_status":"","ping_status":"","sticky":false,"template":"","format":"standard","meta":{"footnotes":""},"categories":[42],"tags":[5341,17,18,68,24,13,14,73,69,11,61,62,63,64,74,628,19,20,9,10,15,16,12,21,22,1617,65,66,67],"class_list":{"0":"post-150086","1":"post","2":"type-post","3":"status-publish","4":"format-standard","5":"has-post-thumbnail","7":"category-internacional","8":"tag-ayuda-humanitaria","9":"tag-breaking-news","10":"tag-breakingnews","11":"tag-conflicto-arabe-israeli","12":"tag-espana","13":"tag-featured-news","14":"tag-featurednews","15":"tag-franja-gaza","16":"tag-guerra","17":"tag-headlines","18":"tag-internacional","19":"tag-international","20":"tag-international-news","21":"tag-internationalnews","22":"tag-israel","23":"tag-italia","24":"tag-latest-news","25":"tag-latestnews","26":"tag-news","27":"tag-noticias","28":"tag-noticias-destacadas","29":"tag-noticiasdestacadas","30":"tag-titulares","31":"tag-ultimas-noticias","32":"tag-ultimasnoticias","33":"tag-union-europea","34":"tag-world","35":"tag-world-news","36":"tag-worldnews"},"share_on_mastodon":{"url":"","error":""},"_links":{"self":[{"href":"https:\/\/www.europesays.com\/es\/wp-json\/wp\/v2\/posts\/150086","targetHints":{"allow":["GET"]}}],"collection":[{"href":"https:\/\/www.europesays.com\/es\/wp-json\/wp\/v2\/posts"}],"about":[{"href":"https:\/\/www.europesays.com\/es\/wp-json\/wp\/v2\/types\/post"}],"author":[{"embeddable":true,"href":"https:\/\/www.europesays.com\/es\/wp-json\/wp\/v2\/users\/2"}],"replies":[{"embeddable":true,"href":"https:\/\/www.europesays.com\/es\/wp-json\/wp\/v2\/comments?post=150086"}],"version-history":[{"count":0,"href":"https:\/\/www.europesays.com\/es\/wp-json\/wp\/v2\/posts\/150086\/revisions"}],"wp:featuredmedia":[{"embeddable":true,"href":"https:\/\/www.europesays.com\/es\/wp-json\/wp\/v2\/media\/150087"}],"wp:attachment":[{"href":"https:\/\/www.europesays.com\/es\/wp-json\/wp\/v2\/media?parent=150086"}],"wp:term":[{"taxonomy":"category","embeddable":true,"href":"https:\/\/www.europesays.com\/es\/wp-json\/wp\/v2\/categories?post=150086"},{"taxonomy":"post_tag","embeddable":true,"href":"https:\/\/www.europesays.com\/es\/wp-json\/wp\/v2\/tags?post=150086"}],"curies":[{"name":"wp","href":"https:\/\/api.w.org\/{rel}","templated":true}]}}