{"id":150090,"date":"2025-10-01T06:28:09","date_gmt":"2025-10-01T06:28:09","guid":{"rendered":"https:\/\/www.europesays.com\/es\/150090\/"},"modified":"2025-10-01T06:28:09","modified_gmt":"2025-10-01T06:28:09","slug":"dmd-rivas-retoma-su-asesoria-sobre-eutanasia-y-testamento-vital","status":"publish","type":"post","link":"https:\/\/www.europesays.com\/es\/150090\/","title":{"rendered":"DMD Rivas retoma su asesor\u00eda sobre eutanasia y testamento vital"},"content":{"rendered":"<p>M\u00e1s informaci\u00f3n<\/p>\n<p> <a href=\"https:\/\/www.rivasciudad.es\/noticias\/participacion-ciudadana\/2025\/06\/16\/cuatro-anos-de-la-ley-de-eutanasia-derecho-individual-e-intransferible\/862600253049\/\" rel=\"nofollow noopener\" target=\"_blank\"> <img loading=\"lazy\" decoding=\"async\" src=\"https:\/\/www.europesays.com\/es\/wp-content\/uploads\/2025\/10\/Muerta-digna-asociacion-Rivas--600x400.jpg\" width=\"600\" height=\"400\" alt=\"Cuatro a\u00f1os de la Ley de Eutanasia: derecho individual e intransferible\"\/> <\/a> <a href=\"https:\/\/www.rivasciudad.es\/noticias\/participacion-ciudadana\/2025\/01\/19\/los-derechos-en-salud-al-final-de-la-vida-charla-informativa\/862600242460\/\" rel=\"nofollow noopener\" target=\"_blank\"> <img loading=\"lazy\" decoding=\"async\" src=\"https:\/\/www.europesays.com\/es\/wp-content\/uploads\/2025\/10\/casadeasociaciones-600x400.jpg\" width=\"600\" height=\"400\" alt=\"Los derechos en salud al final de la vida: charla informativa\"\/> <\/a><\/p>\n<p>El grupo de la Asociaci\u00f3n Derecho a Morir Dignamente de Rivas retoma con el nuevo curso su asesor\u00eda personal acerca del Testamento Vital y la Ley de Eutanasia. Lo hace a partir del 6 de octubre en el despacho 12 de la Casa de Asociaciones, todos los lunes entre las 17:00 y las 19:00. La asesor\u00eda funciona con cita previa. Se puede solicitar en el correo electr\u00f3nico <a href=\"https:\/\/www.rivasciudad.es\/noticias\/participacion-ciudadana\/2025\/10\/01\/dmd-rivas-retoma-su-asesoria-sobre-eutanasia-y-testamento-vital\/862600259332\/mailto:dmdrivas@derechoamorir.org\" target=\"_blank\" rel=\"noopener nofollow\">dmdrivas@derechoamorir.org<\/a>.<\/p>\n<p>A trav\u00e9s de esta asesor\u00eda, la ciudadan\u00eda puede conocer la importancia del Testamento Vital, as\u00ed como los pasos a seguir para su tramitaci\u00f3n y registro. Tambi\u00e9n se pueden aclarar todas las dudas acerca de la Ley de Eutanasia, en relaci\u00f3n a las situaciones que han de darse para poder hacer la solitud y al proceso de la misma.<\/p>\n<p>El grupo DMD Rivas lleva trabajando activamente desde 2017. A lo largo de este tiempo ha impartido diversos talleres y, desde hace dos a\u00f1os, trabaja coordinadamente con la concejal\u00eda de Bienestar Social para que la ciudadan\u00eda ripense tenga completa informaci\u00f3n sobre el ejercicio de un derecho reconocido por ley, como es el de elegir libremente la forma de finalizar su vida.<\/p>\n","protected":false},"excerpt":{"rendered":"M\u00e1s informaci\u00f3n El grupo de la Asociaci\u00f3n Derecho a Morir Dignamente de Rivas retoma con el nuevo curso&hellip;\n","protected":false},"author":2,"featured_media":150091,"comment_status":"","ping_status":"","sticky":false,"template":"","format":"standard","meta":{"footnotes":""},"categories":[5],"tags":[17,18,25,24,13,14,11,19,20,9,10,15,16,23,12,21,22],"class_list":{"0":"post-150090","1":"post","2":"type-post","3":"status-publish","4":"format-standard","5":"has-post-thumbnail","7":"category-titulares","8":"tag-breaking-news","9":"tag-breakingnews","10":"tag-es","11":"tag-espana","12":"tag-featured-news","13":"tag-featurednews","14":"tag-headlines","15":"tag-latest-news","16":"tag-latestnews","17":"tag-news","18":"tag-noticias","19":"tag-noticias-destacadas","20":"tag-noticiasdestacadas","21":"tag-spain","22":"tag-titulares","23":"tag-ultimas-noticias","24":"tag-ultimasnoticias"},"share_on_mastodon":{"url":"","error":""},"_links":{"self":[{"href":"https:\/\/www.europesays.com\/es\/wp-json\/wp\/v2\/posts\/150090","targetHints":{"allow":["GET"]}}],"collection":[{"href":"https:\/\/www.europesays.com\/es\/wp-json\/wp\/v2\/posts"}],"about":[{"href":"https:\/\/www.europesays.com\/es\/wp-json\/wp\/v2\/types\/post"}],"author":[{"embeddable":true,"href":"https:\/\/www.europesays.com\/es\/wp-json\/wp\/v2\/users\/2"}],"replies":[{"embeddable":true,"href":"https:\/\/www.europesays.com\/es\/wp-json\/wp\/v2\/comments?post=150090"}],"version-history":[{"count":0,"href":"https:\/\/www.europesays.com\/es\/wp-json\/wp\/v2\/posts\/150090\/revisions"}],"wp:featuredmedia":[{"embeddable":true,"href":"https:\/\/www.europesays.com\/es\/wp-json\/wp\/v2\/media\/150091"}],"wp:attachment":[{"href":"https:\/\/www.europesays.com\/es\/wp-json\/wp\/v2\/media?parent=150090"}],"wp:term":[{"taxonomy":"category","embeddable":true,"href":"https:\/\/www.europesays.com\/es\/wp-json\/wp\/v2\/categories?post=150090"},{"taxonomy":"post_tag","embeddable":true,"href":"https:\/\/www.europesays.com\/es\/wp-json\/wp\/v2\/tags?post=150090"}],"curies":[{"name":"wp","href":"https:\/\/api.w.org\/{rel}","templated":true}]}}