{"id":150092,"date":"2025-10-01T06:29:13","date_gmt":"2025-10-01T06:29:13","guid":{"rendered":"https:\/\/www.europesays.com\/es\/150092\/"},"modified":"2025-10-01T06:29:13","modified_gmt":"2025-10-01T06:29:13","slug":"el-irudek-bidasoa-irun-ya-conoce-los-horarios-de-sus-seis-noches-europeas","status":"publish","type":"post","link":"https:\/\/www.europesays.com\/es\/150092\/","title":{"rendered":"El Irudek Bidasoa Irun ya conoce los horarios de sus seis noches europeas"},"content":{"rendered":"<p>\n        La EHF ha dado a conocer todos los <strong>horarios de los 96 partidos de la Fase de Grupos<\/strong> de la <a href=\"https:\/\/www.noticiasdegipuzkoa.eus\/tags\/ehf-european-league\/\" title=\"EHF European League\" target=\"_blank\" class=\"link copy\" rel=\"nofollow noopener\">EHF European League<\/a>, que arranca el 14 de octubre y terminar\u00e1 el 2 de diciembre. El <a href=\"https:\/\/www.noticiasdegipuzkoa.eus\/tags\/cd-bidasoa\/\" title=\"Irudek Bidasoa Irun\" target=\"_blank\" class=\"link copy\" rel=\"nofollow noopener\">Irudek Bidasoa Irun<\/a> comenzar\u00e1 y terminar\u00e1 esos seis compromisos a domicilio: contra Potaissa Turda y Flensburg-Handewitt.\n<\/p>\n<p class=\"article-body__text \">\n        En una competici\u00f3n en la que ya est\u00e1 todo sorteado hasta las semifinales, el orden lo conoc\u00eda de antemano. Aun as\u00ed, despu\u00e9s de conseguir la clasificaci\u00f3n a la Fase de Grupos el 6 de septiembre <a href=\"https:\/\/www.noticiasdegipuzkoa.eus\/balonmano\/2025\/09\/06\/irudek-bidasoa-irun-clasificacion-ehf-european-league-abc-braga-10053565.html\" title=\"en casa del Acad\u00e9mico de Braga\" target=\"_blank\" class=\"link copy\" rel=\"nofollow noopener\">en casa del Acad\u00e9mico de Braga<\/a>, el equipo guipuzcoano ya conoce no solo el orden, sino<strong> los seis horarios en los que disputar\u00e1 la liguilla, con alguna novedad<\/strong>.\n<\/p>\n<p>  Los horarios de Artaleku, sin cambios<\/p>\n<p class=\"article-body__text \">\n        En resumidas cuentas y como es habitual desde que las competiciones europeas se juegan entre semana, <strong>disputar\u00e1 sus tres compromisos en Irun a las 20:45 horas<\/strong>. La primera comparecencia ante su afici\u00f3n ser\u00e1 en la segunda jornada, en la que un hist\u00f3rico alem\u00e1n y vigente campe\u00f3n de la competici\u00f3n, el <strong>Flensburg-Handewitt, visitar\u00e1 Artaleku <\/strong>el 21 de octubre.\n<\/p>\n<p class=\"article-body__text \">\n        <strong>El club alem\u00e1n precisa de poca presentaci\u00f3n<\/strong>: tres veces campe\u00f3n y otras 14 subcampe\u00f3n de la Bundesliga; y dos veces subcampe\u00f3n de Europa (2004 y 2007), es el vigente campe\u00f3n de la EHF European League, que la ha ganado en dos ocasiones consecutivas. Dos empates nada m\u00e1s arrancar contra Wetzlar a domicilio y Stuttgart le impiden coliderar la Liga teutona con los mismos 12 puntos del THW Kiel.\n<\/p>\n<p class=\"article-body__text \">\n        Con este cartel, resulta sencillo entender la<strong> gran expectaci\u00f3n que ha generado el duelo en la afici\u00f3n guipuzcoana al balonmano<\/strong>,<strong> <\/strong>a tenor de la alta demanda de entradas, cuyos pormenores (abonos, entradas sueltas, etc.) se dar\u00e1n a conocer en pocos d\u00edas.\n<\/p>\n<p>  El duelo seguido, contra Saint-Rapha\u00ebl<\/p>\n<p class=\"article-body__text \">\n        Despu\u00e9s del par\u00f3n de noviembre por los compromisos de las selecciones, el equipo que entrena \u00c1lex Mozas recibir\u00e1 al Saint-Rapha\u00ebl VAR en Artaleku el 18 de noviembre, seg\u00fan publica de manera oficial la EHF.\n<\/p>\n<p class=\"article-body__text \">\n        Esto supone un ligero cambio respecto al calendario previsto en julio, que citaba al Bidasoa con los mediterr\u00e1neos en su propia casa en la tercera jornada (la del 11 de noviembre) y la siguiente, a domicilio. <strong>Contra Saint-Rapha\u00ebl, por tanto, el orden ser\u00e1 inverso al anunciado<\/strong>, con la vuelta en Irun.\n<\/p>\n<p class=\"article-body__text \">\n        Actual noveno clasificado de la Liga francesa, gan\u00f3 30-34 al Cesson de Asier Nieto en la jornada inaugural, cay\u00f3 25-33 ante el PSG, venci\u00f3 de nuevo a domicilio 29-33 ante el S\u00e9lestat, y ha dado la sorpresa al caer en su feudo ante Tremblay (30-36). En la eliminatoria europea, se deshizo con solvencia del Mors-Thy H\u00e5ndbold (32-45 en la ida y 35-32 en la vuelta).\n<\/p>\n<p class=\"article-body__text \">\n        El \u00faltimo partido en suelo guipuzcoano, contra el Potaissa Turda rumano, ser\u00e1 siete d\u00edas despu\u00e9s de recibir al equipo galo, el 25 de noviembre. En la Liga Nationala de Ruman\u00eda, ha perdido dos choques (contra Timisoara, 28-32; y contra el Buzau de <strong>Mihajlo Mitic<\/strong>, actual l\u00edder, 32-29), mientras que ha ganado 35-32 al Cluj. En la Supercopa, cay\u00f3 en semifinales ante el Dinamo de Bucarest (27-34) y gan\u00f3 la final de consolaci\u00f3n ante el Buzau (32-30).\n<\/p>\n<p class=\"article-body__text \">\n        Si en Irun todos los partidos se jugar\u00e1n en la \u00faltima de las tres franjas en las que la EHF autoriza a programar (17:00 horas \u2014una franja que nadie ha empleado en m\u00e1s de un a\u00f1o desde que se aprob\u00f3&#8230;\u2014, 18:45 horas y 20:45 horas), <strong>en los choques a domicilio el escenario cambia<\/strong>.\n<\/p>\n<p class=\"article-body__text \">\n        Salvo el de Saint-Rapha\u00ebl, que tambi\u00e9n se citar\u00e1n en el Palais des Sports JF Krakowski a esa \u00faltima hora, las otras dos visitas bidasotarras tendr\u00e1n lugar dos horas antes, a las 18:45 horas.\n<\/p>\n<p class=\"article-body__text \">\n        As\u00ed <strong>visitar\u00e1 el coqueto Turda Arena de la ciudad rumana en la jornada inaugural del 14 de octubre<\/strong>, mientras que el Irudek Bidasoa Irun cerrar\u00e1 la liguilla el 2 de diciembre en el m\u00edtico Campushalle de Flensburg (hoy, GP Joule Arena por motivos comerciales).\n<\/p>\n<p>  La fase de grupos del Irudek Bidasoa Irun<\/p>\n<ul>\n<li>14 de octubre, 18:45 horas: Potaissa Turda (Ruman\u00eda) \u2013 <strong>Irudek Bidasoa Irun<\/strong>.<\/li>\n<li>21 de octubre, 20:45 horas: <strong>Irudek Bidasoa Irun <\/strong>\u2013 Flensburg-Handewitt (Alemania).<\/li>\n<li>11 de noviembre, 20:45 horas: Saint-Rapha\u00ebl Var\u00a0(Francia) \u2013 <strong>Irudek Bidasoa Irun<\/strong>.\u00a0<\/li>\n<li>18 de noviembre, 20:45 horas: <strong>Irudek Bidasoa Irun<\/strong> \u2013 Saint-Rapha\u00ebl Var\u00a0(Francia).<\/li>\n<li>25 de noviembre, 20:45 horas: <strong>Irudek Bidasoa Irun <\/strong>\u2013 Potaissa Turda (Ruman\u00eda).<\/li>\n<li>2 de diciembre, 18:45 horas: Flensburg-Handewitt (Alemania) \u2013\u00a0<strong>Irudek Bidasoa Irun<\/strong>.<\/li>\n<\/ul>\n<p>  Reformulaci\u00f3n de competiciones<\/p>\n<p class=\"article-body__text \">\n        El Irudek Bidasoa Irun, que el a\u00f1o pasado lleg\u00f3 a las puertas de la Final Four de la competici\u00f3n,<strong> disputa por quinta temporada esta competici\u00f3n, que sucede a la Copa EHF<\/strong> que los guipuzcoanos jugaron en otras cuatro ediciones desde que debutaron en 1992. Otras c<strong>uatro temporadas disputaron la actual Champions League<\/strong>, gan\u00e1ndola en 1995, y l<strong>a extinta Recopa en otras cinco ocasiones<\/strong>.\n<\/p>\n<p class=\"article-body__text \">\n        Reelegido Michael Wiederer como presidente de la EHF (en un congreso en el que Espa\u00f1a ha ca\u00eddo del Comit\u00e9 Ejecutivo y ha perdido peso en la esfera internacional a falta de conocer lo que suceda con el congreso de la IHF), <strong>uno de los retos inmediatos de la Federaci\u00f3n Europea reside en la reflexi\u00f3n sobre las competiciones de clubes<\/strong>, que en el caso masculino podr\u00edan alumbrar una Champions que crecer\u00eda de 16 a 24 equipos, lo que abrir\u00eda la puerta al segundo clasificado de la Liga Asobal.<\/p>\n","protected":false},"excerpt":{"rendered":"La EHF ha dado a conocer todos los horarios de los 96 partidos de la Fase de Grupos&hellip;\n","protected":false},"author":2,"featured_media":150093,"comment_status":"","ping_status":"","sticky":false,"template":"","format":"standard","meta":{"footnotes":""},"categories":[278],"tags":[376,2645,11181,168,29842,25,24,375,4074,7599,7600,23,167],"class_list":{"0":"post-150092","1":"post","2":"type-post","3":"status-publish","4":"format-standard","5":"has-post-thumbnail","7":"category-balonmano","8":"tag-balonmano","9":"tag-bidasoa","10":"tag-conoce","11":"tag-deportes","12":"tag-ehf-european-league","13":"tag-es","14":"tag-espana","15":"tag-handball","16":"tag-horarios","17":"tag-irudek","18":"tag-irun","19":"tag-spain","20":"tag-sports"},"share_on_mastodon":{"url":"","error":""},"_links":{"self":[{"href":"https:\/\/www.europesays.com\/es\/wp-json\/wp\/v2\/posts\/150092","targetHints":{"allow":["GET"]}}],"collection":[{"href":"https:\/\/www.europesays.com\/es\/wp-json\/wp\/v2\/posts"}],"about":[{"href":"https:\/\/www.europesays.com\/es\/wp-json\/wp\/v2\/types\/post"}],"author":[{"embeddable":true,"href":"https:\/\/www.europesays.com\/es\/wp-json\/wp\/v2\/users\/2"}],"replies":[{"embeddable":true,"href":"https:\/\/www.europesays.com\/es\/wp-json\/wp\/v2\/comments?post=150092"}],"version-history":[{"count":0,"href":"https:\/\/www.europesays.com\/es\/wp-json\/wp\/v2\/posts\/150092\/revisions"}],"wp:featuredmedia":[{"embeddable":true,"href":"https:\/\/www.europesays.com\/es\/wp-json\/wp\/v2\/media\/150093"}],"wp:attachment":[{"href":"https:\/\/www.europesays.com\/es\/wp-json\/wp\/v2\/media?parent=150092"}],"wp:term":[{"taxonomy":"category","embeddable":true,"href":"https:\/\/www.europesays.com\/es\/wp-json\/wp\/v2\/categories?post=150092"},{"taxonomy":"post_tag","embeddable":true,"href":"https:\/\/www.europesays.com\/es\/wp-json\/wp\/v2\/tags?post=150092"}],"curies":[{"name":"wp","href":"https:\/\/api.w.org\/{rel}","templated":true}]}}