{"id":150095,"date":"2025-10-01T06:34:12","date_gmt":"2025-10-01T06:34:12","guid":{"rendered":"https:\/\/www.europesays.com\/es\/150095\/"},"modified":"2025-10-01T06:34:12","modified_gmt":"2025-10-01T06:34:12","slug":"benjamin-noval-joya-ciclismo-espanol-3","status":"publish","type":"post","link":"https:\/\/www.europesays.com\/es\/150095\/","title":{"rendered":"BENJAM\u00cdN NOVAL JOYA CICLISMO ESPA\u00d1OL"},"content":{"rendered":"<p class=\"ft-text ft-helper-closenews\"><strong>Benjam\u00edn Noval,<\/strong> despu\u00e9s de la ca\u00edda que sufri\u00f3 en el Mundial, <strong>no correr\u00e1 ni la contrarreloj ni la prueba en ruta del inminente campeonato de Europa de ciclismo que se va a disputar en Francia.<\/strong> <a class=\"ft-link ft-link--decoration\" href=\"https:\/\/www.lne.es\/deportes\/deporte-astur\/2025\/09\/26\/sido-caida-dejado-benjamin-noval-121985378.html\" rel=\"nofollow noopener\" target=\"_blank\">El junior de Laviana ten\u00eda una medalla pr\u00e1cticamente asegurada y muchas opciones de que fuera de oro cuando se dio contra una valla y se fue al suelo<\/a>. <strong>Fue capaz de acabar, pero la ca\u00edda le dej\u00f3 secuelas. <\/strong><\/p>\n<p><img decoding=\"async\" src=\"https:\/\/www.europesays.com\/es\/wp-content\/uploads\/2025\/10\/469289e7-c54d-44d3-8acd-1d5fec510706_alta-libre-aspect-ratio_default_0.jpg\" width=\"1200\" height=\"800\" alt=\"Benjam\u00edn Noval, exhausto tras la prueba de contrarreloj del Mundial. FBMD0a000a13040000e6b00000e33601000e4d0100aa6e0100e99201000c390200895902000e790200b29e020014990300\" class=\"ft-helper-img-rd\" loading=\"lazy\" hasdataaida=\"true\"\/><\/p>\n<p class=\"ft-helper-fontColor-quaternary ft-helper-fontSize-body-S ft-helper-spacer-t-xxs\">Benjam\u00edn Noval, exhausto tras la prueba de contrarreloj del Mundial.  \/ RFEC<\/p>\n<p>El Europeo, imposible<\/p>\n<p class=\"ft-text\">Tanto es as\u00ed que debido al golpe, que le provoc\u00f3 hematomas y bastante dolor, su participaci\u00f3n en el campeonato de Europa ha sido imposible. <a class=\"ft-link ft-link--decoration\" href=\"https:\/\/www.lne.es\/deportes\/deporte-astur\/2025\/09\/23\/benjamin-noval-brilla-estreno-mundialista-121883864.html\" rel=\"nofollow noopener\" target=\"_blank\"><strong>Benjam\u00edn Noval<\/strong><\/a><strong> est\u00e1 ya centrado tanto en recuperarse del todo como en descansa<\/strong>r para en un tiempo empezar a prepararse para la temporada de ciclocross, cuyas primeras pruebas ya se est\u00e1n celebrando.<\/p>\n<p>Nuevo equipo de ciclocross<\/p>\n<p class=\"ft-text\"><a class=\"ft-link ft-link--decoration\" href=\"https:\/\/www.lne.es\/deportes\/deporte-astur\/2025\/09\/17\/ciclista-asturiano-benjamin-noval-arrasa-121649652.html\" rel=\"nofollow noopener\" target=\"_blank\">Una temporada que Noval afronta con novedades<\/a>, <strong>puesto que la correr\u00e1 en el Nesta-MMR, pasando de un equipo asturiano, el MMR Academy, a otro.<\/strong> En el anuncio, el club asegura que es para ellos<strong> \u00abun verdadero placer poder acompa\u00f1arlo en su \u00faltima temporada como junior en el barro, donde buscar\u00e1 volver a brillar en el ciclocross internacional\u00bb.<\/strong><\/p>\n<p>El objetivo, \u00abcrecer\u00bb<\/p>\n<p class=\"ft-text\">Como objetivo se marcan: <strong>\u00abCrecer en cada competici\u00f3n, acumular experiencia y aprendizaje, y luchar juntos en los grandes eventos internacionales\u00bb.<\/strong><a class=\"ft-link ft-link--decoration\" href=\"https:\/\/www.lne.es\/deportes\/deporte-astur\/2025\/08\/31\/benjamin-noval-vuelve-ultima-carrera-121110516.html\" rel=\"nofollow noopener\" target=\"_blank\"> El de Laviana, que viene de hacer una temporada sensacional en carretera<\/a>,<strong> correr\u00e1 ya como junior de segundo a\u00f1o en una disciplina que tambi\u00e9n se le da muy bien. <\/strong><\/p>\n<p>El futuro pasa por el Ineos<\/p>\n<p class=\"ft-text\"><a class=\"ft-link ft-link--decoration\" href=\"https:\/\/www.lne.es\/deportes\/deporte-astur\/2025\/06\/26\/joven-promesa-asturiana-ciclismo-espanol-119096553.html\" rel=\"nofollow noopener\" target=\"_blank\">Noval, de 17 a\u00f1os, est\u00e1 obligado a competir un segundo a\u00f1o como junior y despu\u00e9s, para 2027<\/a>, ya tiene firmado un contrato con el potente <strong>Ineos Grenadiers<\/strong>, en el que en principio ir\u00e1 dando los pasos que le lleven hasta el pelot\u00f3n profesional.<\/p>\n<p data-close=\"closedContent\" class=\"subscribeHideForDisplay\">Suscr\u00edbete para seguir leyendo<\/p>\n","protected":false},"excerpt":{"rendered":"Benjam\u00edn Noval, despu\u00e9s de la ca\u00edda que sufri\u00f3 en el Mundial, no correr\u00e1 ni la contrarreloj ni la&hellip;\n","protected":false},"author":2,"featured_media":150096,"comment_status":"","ping_status":"","sticky":false,"template":"","format":"standard","meta":{"footnotes":""},"categories":[273],"tags":[12232,28980,15288,313,312,168,25,24,700,317,31573,17243,23,167],"class_list":{"0":"post-150095","1":"post","2":"type-post","3":"status-publish","4":"format-standard","5":"has-post-thumbnail","7":"category-ciclismo","8":"tag-asturiano","9":"tag-benjamin","10":"tag-campeonato","11":"tag-ciclismo","12":"tag-cycling","13":"tag-deportes","14":"tag-es","15":"tag-espana","16":"tag-europa","17":"tag-francia","18":"tag-noval","19":"tag-renuncia","20":"tag-spain","21":"tag-sports"},"share_on_mastodon":{"url":"","error":""},"_links":{"self":[{"href":"https:\/\/www.europesays.com\/es\/wp-json\/wp\/v2\/posts\/150095","targetHints":{"allow":["GET"]}}],"collection":[{"href":"https:\/\/www.europesays.com\/es\/wp-json\/wp\/v2\/posts"}],"about":[{"href":"https:\/\/www.europesays.com\/es\/wp-json\/wp\/v2\/types\/post"}],"author":[{"embeddable":true,"href":"https:\/\/www.europesays.com\/es\/wp-json\/wp\/v2\/users\/2"}],"replies":[{"embeddable":true,"href":"https:\/\/www.europesays.com\/es\/wp-json\/wp\/v2\/comments?post=150095"}],"version-history":[{"count":0,"href":"https:\/\/www.europesays.com\/es\/wp-json\/wp\/v2\/posts\/150095\/revisions"}],"wp:featuredmedia":[{"embeddable":true,"href":"https:\/\/www.europesays.com\/es\/wp-json\/wp\/v2\/media\/150096"}],"wp:attachment":[{"href":"https:\/\/www.europesays.com\/es\/wp-json\/wp\/v2\/media?parent=150095"}],"wp:term":[{"taxonomy":"category","embeddable":true,"href":"https:\/\/www.europesays.com\/es\/wp-json\/wp\/v2\/categories?post=150095"},{"taxonomy":"post_tag","embeddable":true,"href":"https:\/\/www.europesays.com\/es\/wp-json\/wp\/v2\/tags?post=150095"}],"curies":[{"name":"wp","href":"https:\/\/api.w.org\/{rel}","templated":true}]}}