{"id":150103,"date":"2025-10-01T06:38:14","date_gmt":"2025-10-01T06:38:14","guid":{"rendered":"https:\/\/www.europesays.com\/es\/150103\/"},"modified":"2025-10-01T06:38:14","modified_gmt":"2025-10-01T06:38:14","slug":"de-sus-profesiones-a-la-relacion-con-la-famosa-familia","status":"publish","type":"post","link":"https:\/\/www.europesays.com\/es\/150103\/","title":{"rendered":"de sus profesiones a la relaci\u00f3n con la famosa familia"},"content":{"rendered":"<p>\u00abEs parte de este proceso. Intentar comprenderle a \u00e9l. Comprender su manera de vivir y <a href=\"https:\/\/www.lecturas.com\/television\/alba-flores-sobre-su-padre-antonio-estaba-poco-enfadada-cuando-se-murio-cementerio-despedida_181712\" target=\"_self\" rel=\"nofollow noopener\">su manera de morir<\/a>\u00ab. Las palabras de Alba Flores (38 a\u00f1os) en el avance de &#8216;Flores para Antonio&#8217;, <strong>el documental dedicado a la vida y obra de su padre<\/strong>, hacen que el espectador sea consciente de que lo que est\u00e1 a punto de ver no es un proyecto audiovisual m\u00e1s. Es una introspecci\u00f3n en la historia de una de las familias m\u00e1s conocidas del panorama musical y social de Espa\u00f1a.<\/p>\n<p>\u00abHa marcado un antes y un despu\u00e9s en mi vida tremendo.<strong> Nunca hab\u00eda hecho algo tan importante para m\u00ed misma<\/strong> y mi familia. [&#8230;] Todos hemos descubierto mucho de mi padre, pero tambi\u00e9n mucho de todos\u00bb, dec\u00eda la actriz <a href=\"https:\/\/www.lecturas.com\/actualidad\/alba-flores-muy-emocionada-reune-a-toda-su-familia-san-sebastian_181683\" target=\"_self\" rel=\"nofollow noopener\">en el Festival de San Sebasti\u00e1n, rodeada de toda su familia.<\/a><\/p>\n<p>Parece imposible que, a estas alturas, haya algo que no sepamos de este clan tan medi\u00e1tico. Su talento y arte han marcado a generaciones y han sido referentes del flamenco. Adem\u00e1s, nunca se han cerrado puertas. <strong>Hemos visto a miembros de esta familia crearse una carrera cinematogr\u00e1fica<\/strong>, fascinar con su interpretaci\u00f3n en el teatro o aportar su carisma a programas de televisi\u00f3n. Y siempre con una honestidad y carisma dif\u00edciles de obviar.<\/p>\n<p><img loading=\"lazy\" decoding=\"async\"   src=\"https:\/\/www.europesays.com\/es\/wp-content\/uploads\/2025\/10\/familia-flores_6a88f01a_250930195450_1200x800.webp.webp\" alt=\"Familia Flores \" class=\"lazyload\" width=\"1200\" height=\"800\" data-aspectratio=\"1200\/800\"\/><\/p>\n<p>Alba Flores re\u00fane a su familia en el Festival de San Sebasti\u00e1n por el documental &#8216;Flores para Antonio&#8217;<\/p>\n<p>&#13;Gtres<br \/>\n<img decoding=\"async\" src=\"https:\/\/www.europesays.com\/es\/wp-content\/uploads\/2025\/09\/telma-ortiz-junto-a-su-actual-novio_64ab000a_250930181346_800x800.webp.webp\" alt=\"Telma Ortiz, junto a su actual novio\" class=\"image lazyload\"\/><img loading=\"lazy\" decoding=\"async\" src=\"https:\/\/www.europesays.com\/es\/wp-content\/uploads\/2025\/09\/telma-ortiz-junto-a-su-actual-novio_64ab000a_250930181350_1280x720.webp.webp\" alt=\"Luis Pliego, director de la revista Lecturas, sobre la orden de desahucio contra Telma Ortiz y Robert Gavin Bonnar: &quot;Las nominas era un poco justo para pagar el alquiler&quot;\" class=\"image lazyload\" width=\"1280\" height=\"720\" data-aspectratio=\"1280\/720\"\/><\/p>\n<p>A\u00fan as\u00ed, s\u00ed que hay detalles sobre esta familia menos conocidos para el p\u00fablico general. Un claro ejemplo es que Lolita, Rosario y Antonio tienen dos hermanos m\u00e1s. As\u00ed es. Antonio y Juan son los hermanos m\u00e1s desconocidos de esta saga. Pero, \u00bf<strong>Qui\u00e9nes son? \u00bfA qu\u00e9 se dedican?<\/strong> \u00bfPor qu\u00e9 no sabemos tanto de ellos como de los hijos de Lola Flores?<\/p>\n<p>As\u00ed son Antonia y Juan<\/p>\n<p>Antonia (69 a\u00f1os), m\u00e1s conocida entre los suyos como To\u00f1i, es hermana mayor de Lolita, Flores y Antonio por parte de su padre. Antonio Gonz\u00e1lez &#8216;El Pesca\u00edlla&#8217; y Dolores Amaya, sobrina de la famosa bailaora Carmen Amaya tuvieron a Antonia cuando estaban juntos. Lejos de que querer mantenerla separada del resto de ni\u00f1os, <strong>Lola Flores y Antonio les informaron de la existencia de esta hermana.<\/strong><\/p>\n<p><img loading=\"lazy\" decoding=\"async\"   src=\"https:\/\/www.europesays.com\/es\/wp-content\/uploads\/2025\/10\/antonia-gonzalez_45ded10e_250930195837_1200x1800.webp.webp\" alt=\"Antonia Gonz\u00e1lez\" class=\"lazyload\" width=\"1200\" height=\"1800\" data-aspectratio=\"1200\/1800\"\/><\/p>\n<p>Antonia Gonz\u00e1lez, la hermana m\u00e1s desconocida del clan Flores<\/p>\n<p>&#13;GTRES<\/p>\n<p>\u00abMe entero de su existencia\u00a0a los siete u ocho a\u00f1os, cuando voy creciendo y la voy viendo. Todo fue de lo m\u00e1s normal.<strong> No ha habido nunca problemas, ni con mi madre, ni con la suya<\/strong>, que se llama Dolores tambi\u00e9n\u00bb,\u00a0explic\u00f3 hace a\u00f1os Lolita Flores en &#8216;\u00a1Qu\u00e9 tiempo tan feliz!&#8217;, programa que presentaba Mar\u00eda Teresa Campos en &#8216;Telecinco&#8217;.<\/p>\n<p>\u00ab<strong>Pap\u00e1 siempre nos llevaba a casa de la yaya, nuestra abuela. <\/strong>Hemos crecido pr\u00e1cticamente juntas. Ha entrado en casa desde que tengo uso de raz\u00f3n y hemos estado juntas, mis hermanos igual. La respeto y la quiero porque he crecido con ella. To\u00f1i se parece a \u00e9l f\u00edsicamente y, adem\u00e1s, es calladita como \u00e9l\u00bb, a\u00f1adi\u00f3.<\/p>\n<p><img loading=\"lazy\" decoding=\"async\"   src=\"https:\/\/www.europesays.com\/es\/wp-content\/uploads\/2025\/10\/rosario-antonio-lola-y-lolita-flores_eb828aa2_250930200558_1200x806.webp.webp\" alt=\"Rosario, Antonio, Lola y Lolita Flores\" class=\"lazyload\" width=\"1200\" height=\"806\" data-aspectratio=\"1200\/806\"\/><\/p>\n<p>Lola Flores junto a sus tres hijos Rosario, Antonio y Lolita en una foto antigua<\/p>\n<p>&#13;Gtres<\/p>\n<p>Una versi\u00f3n que confirmaba la propia Antonia en el mismo programa. <strong>\u00ab\u00cdbamos a casa de mi abuela y nos llevaba al parque<\/strong>, donde jug\u00e1bamos juntas. Lola Flores tambi\u00e9n ven\u00eda muchas veces\u00bb, narr\u00f3.\u00a0Prueba de esta buena relaci\u00f3n es que hace apenas unos d\u00edas, To\u00f1i y Lolita cantaron juntas en las fiestas de la Merc\u00e8, que rend\u00eda homenaje al centenario del nacimiento de &#8216;El Pesca\u00edlla&#8217;.<\/p>\n<p><img loading=\"lazy\" decoding=\"async\"   src=\"https:\/\/www.europesays.com\/es\/wp-content\/uploads\/2025\/10\/antonio-flores-ana-villa-lola-flores-rosario-flores-lolita-flores-y-antonio-gonzalez-el-pescailla_51.webp\" alt=\"Antonio Flores, Ana Villa, Lola Flores, Rosario Flores, Lolita Flores y Antonio Gonz\u00e1lez 'El Pesca\u00edlla'\" class=\"lazyload\" width=\"1200\" height=\"780\" data-aspectratio=\"1200\/780\"\/><\/p>\n<p>Antonio Flores junto a su padre, Antonio Gonz\u00e1lez &#8216;El Pesca\u00edlla&#8217; en una foto de archivo. Detr\u00e1s de ellos, Rosario Flores, Ana Villa, Lolita Flores y &#8216;La Faraona&#8217;.<\/p>\n<p>&#13;Gtres<\/p>\n<p>Y es que To\u00f1i ha heredado ese arte que corre por las venas de las Flores, convirti\u00e9ndose en bailaora bajo el nombre de To\u00f1i &#8216;La Pesca\u00edlla&#8217;. Eso s\u00ed, s<strong>u exposici\u00f3n ha sido mucho m\u00e1s discreta y contenida que la de sus hermanas <\/strong>y hermano. Antonia ha preferido gozar de un perfil bajo y centrarse en aquello que la hace m\u00e1s feliz: el flamenco.<\/p>\n<p>Si el v\u00ednculo de Antonia con Lolita, Rosario y Antonio era discreto, el de Juan Gonz\u00e1lez a\u00fan m\u00e1s. \u00c9l naci\u00f3 fruto de la relaci\u00f3n entre &#8216;El Pesca\u00edlla&#8217; y Carmelita Santos, una bailaora jerezana. <strong>Su llegada al mundo se produjo pocos meses antes que la de Lolita.<\/strong> Aunque muchos sab\u00edan de su existencia, no fue hasta que la madre de Elena Furiase le mandara un saludo p\u00fablico cuando se hizo oficial que estaba vinculado al clan Flores. A diferencia del resto de sus hermanos, Juan vive en Jerez de la Frontera completamente aislado de la fama y los focos que persiguen al resto de los Flores.<\/p>\n","protected":false},"excerpt":{"rendered":"\u00abEs parte de este proceso. Intentar comprenderle a \u00e9l. Comprender su manera de vivir y su manera de&hellip;\n","protected":false},"author":2,"featured_media":150104,"comment_status":"","ping_status":"","sticky":false,"template":"","format":"standard","meta":{"footnotes":""},"categories":[174],"tags":[255,146,147,25,24,256,23],"class_list":{"0":"post-150103","1":"post","2":"type-post","3":"status-publish","4":"format-standard","5":"has-post-thumbnail","7":"category-famosos","8":"tag-celebrities","9":"tag-entertainment","10":"tag-entretenimiento","11":"tag-es","12":"tag-espana","13":"tag-famosos","14":"tag-spain"},"share_on_mastodon":{"url":"","error":""},"_links":{"self":[{"href":"https:\/\/www.europesays.com\/es\/wp-json\/wp\/v2\/posts\/150103","targetHints":{"allow":["GET"]}}],"collection":[{"href":"https:\/\/www.europesays.com\/es\/wp-json\/wp\/v2\/posts"}],"about":[{"href":"https:\/\/www.europesays.com\/es\/wp-json\/wp\/v2\/types\/post"}],"author":[{"embeddable":true,"href":"https:\/\/www.europesays.com\/es\/wp-json\/wp\/v2\/users\/2"}],"replies":[{"embeddable":true,"href":"https:\/\/www.europesays.com\/es\/wp-json\/wp\/v2\/comments?post=150103"}],"version-history":[{"count":0,"href":"https:\/\/www.europesays.com\/es\/wp-json\/wp\/v2\/posts\/150103\/revisions"}],"wp:featuredmedia":[{"embeddable":true,"href":"https:\/\/www.europesays.com\/es\/wp-json\/wp\/v2\/media\/150104"}],"wp:attachment":[{"href":"https:\/\/www.europesays.com\/es\/wp-json\/wp\/v2\/media?parent=150103"}],"wp:term":[{"taxonomy":"category","embeddable":true,"href":"https:\/\/www.europesays.com\/es\/wp-json\/wp\/v2\/categories?post=150103"},{"taxonomy":"post_tag","embeddable":true,"href":"https:\/\/www.europesays.com\/es\/wp-json\/wp\/v2\/tags?post=150103"}],"curies":[{"name":"wp","href":"https:\/\/api.w.org\/{rel}","templated":true}]}}