{"id":150105,"date":"2025-10-01T06:41:09","date_gmt":"2025-10-01T06:41:09","guid":{"rendered":"https:\/\/www.europesays.com\/es\/150105\/"},"modified":"2025-10-01T06:41:09","modified_gmt":"2025-10-01T06:41:09","slug":"supervivientes-all-stars-aplica-un-cambio-crucial-y-muy-esperado","status":"publish","type":"post","link":"https:\/\/www.europesays.com\/es\/150105\/","title":{"rendered":"&#8216;Supervivientes All Stars&#8217; aplica un cambio crucial (y muy esperado)"},"content":{"rendered":"\n<p> Faltan pocas semanas de competici\u00f3n y <strong>Supervivientes All Stars afila sus estrategias finales<\/strong>. Una de ellas ser\u00e1 llevada a cabo por Marta Pe\u00f1ate, que regresa a Honduras en calidad de vencedora de este formato con leyendas, y ante la total sorpresa de los participantes. <\/p>\n<p> Sandra Barneda ya lo hab\u00eda alertado. Alguien pondr\u00e1 rumbo a los Cayos Cochinos el pr\u00f3ximo martes. Los candidatos eran: Terelu Campos, Anita Williams, Suso \u00c1lvarez, Elena Rodr\u00edguez y Marta Pe\u00f1ate. Fueron descartando durante la emisi\u00f3n de Tierra de nadie, hasta que finalmente fue<strong> la novia de Tony Spina la afortunada.<\/strong> <\/p>\n<p> Su retorno al lugar donde venci\u00f3 a sus contrincantes de la primera temporada de esta versi\u00f3n especial se antoja crucial. La periodista canaria tiene encomendada una labor important\u00edsima y que afectar\u00e1 el devenir de la convivencia de todos los concursantes: <strong>llega la ansiada unificaci\u00f3n de playas. <\/strong> <\/p>\n<p> Por tanto, a partir desde jueves, 2 de octubre, las leyendas dir\u00e1n adi\u00f3s a las playas Caos y Armon\u00eda, trozos de arena en los que han tenido que convivir a lo largo de este extenso primer mes de competici\u00f3n. A partir de ahora, <strong>los grupos capitaneados por Iv\u00e1n Gonz\u00e1lez y Rub\u00e9n Torres ser\u00e1n un \u00fanico equipo <\/strong>tambi\u00e9n de cara a las nominaciones. <\/p>\n<blockquote class=\"twitter-tweet\" data-media-max-width=\"560\">\n<p lang=\"es\" dir=\"ltr\">\ud83d\udd25 ESTE JUEVES, LLEGA LA UNIFICACI\u00d3N \ud83d\udd25<\/p>\n<p>\ud83c\udfdd\ufe0f <a href=\"https:\/\/twitter.com\/hashtag\/TierraDeNadieAllStars4?src=hash&amp;ref_src=twsrc%5Etfw\" rel=\"nofollow noopener\" target=\"_blank\">#TierraDeNadieAllStars4<\/a> <br \/>\ud83d\udd35 <a href=\"https:\/\/t.co\/0FBgMJbInX\" rel=\"nofollow\">https:\/\/t.co\/0FBgMJbInX<\/a> <a href=\"https:\/\/t.co\/9KjL2wTbJW\" rel=\"nofollow\">pic.twitter.com\/9KjL2wTbJW<\/a><\/p>\n<p>\u2014 Supervivientes All Stars (@Supervivientes) <a href=\"https:\/\/twitter.com\/Supervivientes\/status\/1973158486981968269?ref_src=twsrc%5Etfw\" rel=\"nofollow noopener\" target=\"_blank\">September 30, 2025<\/a><\/p><\/blockquote>\n<p> La visita sorpresa de Pe\u00f1ate no es balad\u00ed. No solo representa el podio al que uno de ellos pretende llegar este a\u00f1o, alz\u00e1ndose con el bot\u00edn y t\u00edtulo de ganador, sino un apoyo indispensable para uno de los actuales concursantes. <strong>La pareja de Tony Spina se ver\u00e1 las caras con quienes critican y cuestionan la participaci\u00f3n de su chico.<\/strong> <\/p>\n<p>              <img decoding=\"async\" class=\"inTextNews__img\" alt=\"Foto: supervivientes-all-stars-fani-acusacion-miri-jorge\" src=\"https:\/\/www.europesays.com\/es\/wp-content\/uploads\/2025\/10\/f.elconfidencial.com\/original\/659\/a34\/62b\/659a3462b526ba82a4ba8d7f463c7e8b.jpg\"  \/>     <\/p>\n<p>TE PUEDE INTERESAR<\/p>\n<p>      <a class=\"inTextNews__title\" href=\"https:\/\/www.elconfidencial.com\/television\/programas-tv\/2025-10-01\/supervivientes-all-stars-fani-acusacion-miri-jorge_4219528\/\" onclick=\"window.ECCO.emit(&#039;amplitude&#039;, { dataEventName: &#039;click_related_article_module&#039;, data: { related_article_url: &#039;https:\/\/www.elconfidencial.com\/television\/programas-tv\/2025-10-01\/supervivientes-all-stars-fani-acusacion-miri-jorge_4219528\/&#039;, related_article_author: &#039;Alvaro Rold\u00e1n&#039;, related_article_section: &#039;programas-tv&#039; } })\" rel=\"nofollow noopener\" target=\"_blank\"> \u00abEs una acusaci\u00f3n muy grave\u00bb: Jorge Javier pide explicaciones a Fani, tras volver de &#8216;Supervivientes All Stars&#8217; <\/a>   <\/p>\n<p>    \u00c1. Rold\u00e1n   <\/p>\n<p> Un contratiempo que, para muchos telespectadores, <strong>tambi\u00e9n parte con ventaja para el italiano.<\/strong> Ser\u00e1, hasta la fecha, <strong>la \u00fanica familiar que llega del exterior<\/strong>, despu\u00e9s de semanas de intenso concurso en Honduras. Un privilegio que s\u00ed podr\u00e1 disfrutar Spina, a la espera de conocer las condiciones en las que convivir\u00e1 durante su misi\u00f3n especial en la isla. <\/p>\n<p> Faltan pocas semanas de competici\u00f3n y <strong>Supervivientes All Stars afila sus estrategias finales<\/strong>. Una de ellas ser\u00e1 llevada a cabo por Marta Pe\u00f1ate, que regresa a Honduras en calidad de vencedora de este formato con leyendas, y ante la total sorpresa de los participantes. <\/p>\n<p>              <script async src=\"https:\/\/platform.twitter.com\/widgets.js\" charset=\"utf-8\"><\/script><\/p>\n","protected":false},"excerpt":{"rendered":"Faltan pocas semanas de competici\u00f3n y Supervivientes All Stars afila sus estrategias finales. Una de ellas ser\u00e1 llevada&hellip;\n","protected":false},"author":2,"featured_media":150106,"comment_status":"","ping_status":"","sticky":false,"template":"","format":"standard","meta":{"footnotes":""},"categories":[171],"tags":[146,147,25,24,23,214],"class_list":{"0":"post-150105","1":"post","2":"type-post","3":"status-publish","4":"format-standard","5":"has-post-thumbnail","7":"category-tv","8":"tag-entertainment","9":"tag-entretenimiento","10":"tag-es","11":"tag-espana","12":"tag-spain","13":"tag-tv"},"share_on_mastodon":{"url":"","error":""},"_links":{"self":[{"href":"https:\/\/www.europesays.com\/es\/wp-json\/wp\/v2\/posts\/150105","targetHints":{"allow":["GET"]}}],"collection":[{"href":"https:\/\/www.europesays.com\/es\/wp-json\/wp\/v2\/posts"}],"about":[{"href":"https:\/\/www.europesays.com\/es\/wp-json\/wp\/v2\/types\/post"}],"author":[{"embeddable":true,"href":"https:\/\/www.europesays.com\/es\/wp-json\/wp\/v2\/users\/2"}],"replies":[{"embeddable":true,"href":"https:\/\/www.europesays.com\/es\/wp-json\/wp\/v2\/comments?post=150105"}],"version-history":[{"count":0,"href":"https:\/\/www.europesays.com\/es\/wp-json\/wp\/v2\/posts\/150105\/revisions"}],"wp:featuredmedia":[{"embeddable":true,"href":"https:\/\/www.europesays.com\/es\/wp-json\/wp\/v2\/media\/150106"}],"wp:attachment":[{"href":"https:\/\/www.europesays.com\/es\/wp-json\/wp\/v2\/media?parent=150105"}],"wp:term":[{"taxonomy":"category","embeddable":true,"href":"https:\/\/www.europesays.com\/es\/wp-json\/wp\/v2\/categories?post=150105"},{"taxonomy":"post_tag","embeddable":true,"href":"https:\/\/www.europesays.com\/es\/wp-json\/wp\/v2\/tags?post=150105"}],"curies":[{"name":"wp","href":"https:\/\/api.w.org\/{rel}","templated":true}]}}