{"id":150107,"date":"2025-10-01T06:42:12","date_gmt":"2025-10-01T06:42:12","guid":{"rendered":"https:\/\/www.europesays.com\/es\/150107\/"},"modified":"2025-10-01T06:42:12","modified_gmt":"2025-10-01T06:42:12","slug":"mira-nomas-mariah-carey-revela-canciones-ineditas-de-un-disco-grunge","status":"publish","type":"post","link":"https:\/\/www.europesays.com\/es\/150107\/","title":{"rendered":"\u00a1Mira nom\u00e1s! Mariah Carey revela canciones in\u00e9ditas de un disco grunge"},"content":{"rendered":"<p>\t\t\t\t\tLo que necesitas saber: <\/p>\n<p>Mariah Carey espera relanzar todo el \u00e1lbum grunge pero con su voz principal.<\/p>\n<p>Tuvieron que pasar m\u00e1s de 30 a\u00f1os para que <strong>Mariah Carey\u00a0pudiera revelar canciones in\u00e9ditas del \u00e1lbum grunge \u2018Somebody\u2019s Ugly Daughter<\/strong>\u2018. Su sello discogr\u00e1fico de aquel entonces no le permiti\u00f3 publicar la versi\u00f3n donde ella canta como solita.<\/p>\n<p><img loading=\"lazy\" decoding=\"async\" width=\"1024\" height=\"531\" src=\"https:\/\/www.europesays.com\/es\/wp-content\/uploads\/2025\/10\/mariah-carey-revela-canciones-ineditas-disco-grunge-1-1024x531.jpg\" alt=\"mariah-carey-revela-canciones-ineditas-disco-grunge-1\" class=\"wp-image-1861017\"  \/>The Tonight Show Starring Jimmy Fallon \/\/ YouTube: Captura de pantalla<\/p>\n<p>Mariah Carey revela canciones in\u00e9ditas de un disco grunge<\/p>\n<p>Durante el famoso programa <a href=\"https:\/\/youtu.be\/8scjjPEJohE?si=eJ0cSOGXE1HseESi\" target=\"_blank\" rel=\"noreferrer noopener nofollow\">The Tonight Show Starring Jimmy Fallon<\/a>, Mariah Carey decidi\u00f3 <strong>revelar algunas canciones in\u00e9ditas de un disco grunge que grab\u00f3 en secreto en la d\u00e9cada de 1990.<\/strong><\/p>\n<p>Se trata de nada m\u00e1s y nada menos que <strong>\u2018Somebody\u2019s Ugly Daughter\u2019, \u00e1lbum publicado en aquel entonces\u00a0bajo el nombre de Chick. <\/strong>Por aquellos a\u00f1os su disquera no la dej\u00f3 lanzar este disco, por lo que particip\u00f3 como corista y su amiga Clarissa Dane fue la voz principal.<\/p>\n<p>Tras compartir este material in\u00e9dito,<strong> tambi\u00e9n revel\u00f3 que est\u00e1 buscando lanzar este \u00e1lbum, pero ahora con ella como voz principal\u2026. <\/strong>como debi\u00f3 haber sido desde un inicio.<\/p>\n<p>Y si bien es cierto que ya tiene tiempo que <a href=\"https:\/\/www.sopitas.com\/musica\/mariah-carey-grabo-disco-de-grunge-daydream-autobiografia-chick\/\" target=\"_blank\" rel=\"noreferrer noopener nofollow\">Mariah Carey revel\u00f3 la grabaci\u00f3n de este disco<\/a>, <strong>esta es la primera vez que podemos escuchar su voz en un disco grunge.  <\/strong><\/p>\n<p>Y\u2026 \u00bfCu\u00e1ndo saldr\u00e1 este \u00e1lbum?<\/p>\n<p>Por el momento no hay fecha de lanzamiento y parece que <strong>habr\u00e1 que esperar un poco m\u00e1s para escucharlo completo<\/strong>, pues actualmente se encuentra promocionando su nuevo \u00e1lbum \u2018Here for It All\u2019.<\/p>\n<p>Y es que tiene previstas unas vacaciones en Las Vegas de noviembre a diciembre, por lo que muy probablemente revele todas sus canciones in\u00e9ditas hasta el pr\u00f3ximo a\u00f1o. <strong>Pero lo que s\u00ed es seguro es que\u00a0<a href=\"https:\/\/www.sopitas.com\/musica\/mariah-carey-artista-numero-1-cuatro-decadas-distintas\/\" target=\"_blank\" rel=\"noreferrer noopener nofollow\">Mariah Carey volver\u00e1 a sonar esta Navidad con \u201cAll I Want For Christmas\u201d<\/a>.\u00a0<\/strong><\/p>\n<p>\t\tTodo lo que no sab\u00edas que necesitas saber lo encuentras en Sopitas.com<\/p>\n<p>\t\t\t\t\t\t\t\t\t<a href=\"https:\/\/www.sopitas.com\/author\/d4v1db3\/\" rel=\"author nofollow noopener\" target=\"_blank\"><br \/>\n\t\t\t\t\t\t<img loading=\"lazy\" decoding=\"async\" alt=\"\" src=\"https:\/\/www.europesays.com\/es\/wp-content\/uploads\/2025\/10\/1759300932_689_06aefb85217d214356880c319a67b232\"  class=\"avatar avatar-80 photo\" height=\"80\" width=\"80\"\/>\t\t\t\t\t<\/a><\/p>\n<p>\n\t\t\t\t\t\t\tCon m\u00e1s de 3 a\u00f1os de experiencia en diversos medios de comunicaci\u00f3n, me he puesto la tarea de transmitir las noticias al p\u00fablico de la mejor forma posible \ud83d\ude42\t\t\t\t\t\t\t<a class=\"author-link\" href=\"https:\/\/www.sopitas.com\/author\/d4v1db3\/\" rel=\"author nofollow noopener\" target=\"_blank\"><br \/>\n\t\t\t\t\t\t\tMore by David Becerril\t\t\t\t\t\t\t<\/a>\n\t\t\t\t\t\t<\/p>\n","protected":false},"excerpt":{"rendered":"Lo que necesitas saber: Mariah Carey espera relanzar todo el \u00e1lbum grunge pero con su voz principal. Tuvieron&hellip;\n","protected":false},"author":2,"featured_media":150108,"comment_status":"","ping_status":"","sticky":false,"template":"","format":"standard","meta":{"footnotes":""},"categories":[170],"tags":[146,147,25,24,1588,40729,1836,184,185,23],"class_list":{"0":"post-150107","1":"post","2":"type-post","3":"status-publish","4":"format-standard","5":"has-post-thumbnail","7":"category-musica","8":"tag-entertainment","9":"tag-entretenimiento","10":"tag-es","11":"tag-espana","12":"tag-grunge","13":"tag-jimmy-fallon","14":"tag-mariah-carey","15":"tag-music","16":"tag-musica","17":"tag-spain"},"share_on_mastodon":{"url":"","error":""},"_links":{"self":[{"href":"https:\/\/www.europesays.com\/es\/wp-json\/wp\/v2\/posts\/150107","targetHints":{"allow":["GET"]}}],"collection":[{"href":"https:\/\/www.europesays.com\/es\/wp-json\/wp\/v2\/posts"}],"about":[{"href":"https:\/\/www.europesays.com\/es\/wp-json\/wp\/v2\/types\/post"}],"author":[{"embeddable":true,"href":"https:\/\/www.europesays.com\/es\/wp-json\/wp\/v2\/users\/2"}],"replies":[{"embeddable":true,"href":"https:\/\/www.europesays.com\/es\/wp-json\/wp\/v2\/comments?post=150107"}],"version-history":[{"count":0,"href":"https:\/\/www.europesays.com\/es\/wp-json\/wp\/v2\/posts\/150107\/revisions"}],"wp:featuredmedia":[{"embeddable":true,"href":"https:\/\/www.europesays.com\/es\/wp-json\/wp\/v2\/media\/150108"}],"wp:attachment":[{"href":"https:\/\/www.europesays.com\/es\/wp-json\/wp\/v2\/media?parent=150107"}],"wp:term":[{"taxonomy":"category","embeddable":true,"href":"https:\/\/www.europesays.com\/es\/wp-json\/wp\/v2\/categories?post=150107"},{"taxonomy":"post_tag","embeddable":true,"href":"https:\/\/www.europesays.com\/es\/wp-json\/wp\/v2\/tags?post=150107"}],"curies":[{"name":"wp","href":"https:\/\/api.w.org\/{rel}","templated":true}]}}