{"id":150109,"date":"2025-10-01T06:43:08","date_gmt":"2025-10-01T06:43:08","guid":{"rendered":"https:\/\/www.europesays.com\/es\/150109\/"},"modified":"2025-10-01T06:43:08","modified_gmt":"2025-10-01T06:43:08","slug":"maruja-alfaro-gran-dama-del-teatro-da-el-salto-al-cine-con-un-documental","status":"publish","type":"post","link":"https:\/\/www.europesays.com\/es\/150109\/","title":{"rendered":"Maruja Alfaro, \u2018gran dama\u2019 del teatro, da el salto al cine con un documental"},"content":{"rendered":"<p>El <a href=\"https:\/\/www.ultimahora.es\/etiqueta\/Teatre+Principal+de+Palma.html?utm_source=Inline-tag&amp;utm_medium=internal\" rel=\"nofollow noopener\" target=\"_blank\">Teatre Principal de Palma<\/a> acogi\u00f3 este martes el estreno del documental <strong><a href=\"https:\/\/www.ultimahora.es\/etiqueta\/Maruja+Alfaro.html?utm_source=Inline-tag&amp;utm_medium=internal\" rel=\"nofollow noopener\" target=\"_blank\">Maruja Alfaro<\/a>, la gran dama<\/strong>, producido por Nova Producciones e IB3 que sirve de homenaje a la conocida actriz fallecida el a\u00f1o pasado y que dedic\u00f3 toda su vida al <a href=\"https:\/\/www.ultimahora.es\/etiqueta\/teatro.html?utm_source=Inline-tag&amp;utm_medium=internal\" rel=\"nofollow noopener\" target=\"_blank\">teatro<\/a>. El escenario de Ciutat se visti\u00f3 de gala, pues, para una gran noche y para una gran ocasi\u00f3n, la de rendir tributo y celebrar de manera comunal el cari\u00f1o, el amor y el legado de una gran int\u00e9rprete, s\u00ed, pero que como dijeron los presentadores del acto, <strong>Esperan\u00e7a Font y Vicen\u00e7 Torres<\/strong>, fue tambi\u00e9n amiga, mujer, madre, abuela y, adem\u00e1s de todo esto \u2013que no es poco\u2013 tambi\u00e9n miles de vidas sobre las tablas de los teatros.<\/p>\n<p>As\u00ed pues, la Sala Gran del Principal, esa que tantas veces la abraz\u00f3 interpretando alg\u00fan papel, como su famosa encarnaci\u00f3n de <strong>Do\u00f1a Obd\u00falia<\/strong> de Mort de Dama, de Lloren\u00e7 Villalonga, arrop\u00f3 ayer a la familia de la artista que acudi\u00f3 al completo para celebrar su figura. Una de las butacas del patio permaneci\u00f3 iluminada en recuerdo, precisamente, del paso perenne de Alfaro por aquel lugar.<\/p>\n<p>Su nieta, la cantante <strong><a href=\"https:\/\/www.ultimahora.es\/etiqueta\/Aina+Zanoguera.html?utm_source=Inline-tag&amp;utm_medium=internal\" rel=\"nofollow noopener\" target=\"_blank\">Aina Zanoguera<\/a><\/strong>, fue quien abri\u00f3 la velada con su sentida y emocionante interpretaci\u00f3n al piano de <strong>Everybody\u2019s Talkin<\/strong>, de Harry Nilsson, que era tal y como explic\u00f3 \u00abla canci\u00f3n favorita\u00bb de su abuela. Zanoguera lleg\u00f3 con su voz a todos los asistentes de una manera suave y afectuosa a modo de preludio de su gesto de colocar una flor en la butaca iluminada en honor a su abuela ante el aplauso general del p\u00fablico, en el que se encontraban numerosos profesionales del mundo del teatral, colegas todos de Alfaro.<\/p>\n<p>Tras un breve interludio llevado a cabo por los presentadores, Zanoguera regresaba a la palestra para su segunda actuaci\u00f3n, en la que estar\u00eda acompa\u00f1ada por el pianista <strong>Gori Matas<\/strong> con quien forma el d\u00fao <strong>Two Little Rooms<\/strong>. En dueto interpretaron La mar, una canci\u00f3n que forma parte de los cr\u00e9ditos del documental que se pasar\u00eda a continuaci\u00f3n.<\/p>\n<p>Finalmente y sin mayor dilaci\u00f3n, fue la gran dama la que subi\u00f3 al escenario, aunque esta vez lo hizo a trav\u00e9s de la gran pantalla del Principal con el documental que lleva su nombre. Producido por IB3 y Nova Producciones, dirigido por <strong>Mateo Zanoguera<\/strong> (hijo de Alfaro) y <strong>Paula Serra<\/strong>, y que repasa a modo de recorrido por siete espacios teatrales de la ciudad las distintas etapas de la vida de Maruja Alfaro, entretejiendo la historia con los relatos de familiares, compa\u00f1eros de escena, cr\u00edticos, amigos, etc\u00e9tera.<\/p>\n<p>El documental, que<strong> se estrena este s\u00e1bado en IB3 TV<\/strong>, tiene una duraci\u00f3n de una hora aproximada, cuenta con m\u00fasica de Tolo Prats, y es una invitaci\u00f3n a la vida y la obra de una aut\u00e9ntica dama, la de la escena mallorquina, que hizo del teatro su familia y si vida, para as\u00ed disfrutar de su pasi\u00f3n y trabajo todos los d\u00edas de su vida, la cual ahora se celebra.<\/p>\n","protected":false},"excerpt":{"rendered":"El Teatre Principal de Palma acogi\u00f3 este martes el estreno del documental Maruja Alfaro, la gran dama, producido&hellip;\n","protected":false},"author":2,"featured_media":150110,"comment_status":"","ping_status":"","sticky":false,"template":"","format":"standard","meta":{"footnotes":""},"categories":[169],"tags":[45671,177,209,146,147,25,24,176,45672,175,23,45511,1651,30928,45673],"class_list":{"0":"post-150109","1":"post","2":"type-post","3":"status-publish","4":"format-standard","5":"has-post-thumbnail","7":"category-cine","8":"tag-aina-zanoguera","9":"tag-cine","10":"tag-cultura","11":"tag-entertainment","12":"tag-entretenimiento","13":"tag-es","14":"tag-espana","15":"tag-film","16":"tag-maruja-alfaro","17":"tag-movies","18":"tag-spain","19":"tag-teatre-principal-de-palma","20":"tag-teatro","21":"tag-teatro-en-mallorca","22":"tag-teatro-y-danza"},"share_on_mastodon":{"url":"","error":""},"_links":{"self":[{"href":"https:\/\/www.europesays.com\/es\/wp-json\/wp\/v2\/posts\/150109","targetHints":{"allow":["GET"]}}],"collection":[{"href":"https:\/\/www.europesays.com\/es\/wp-json\/wp\/v2\/posts"}],"about":[{"href":"https:\/\/www.europesays.com\/es\/wp-json\/wp\/v2\/types\/post"}],"author":[{"embeddable":true,"href":"https:\/\/www.europesays.com\/es\/wp-json\/wp\/v2\/users\/2"}],"replies":[{"embeddable":true,"href":"https:\/\/www.europesays.com\/es\/wp-json\/wp\/v2\/comments?post=150109"}],"version-history":[{"count":0,"href":"https:\/\/www.europesays.com\/es\/wp-json\/wp\/v2\/posts\/150109\/revisions"}],"wp:featuredmedia":[{"embeddable":true,"href":"https:\/\/www.europesays.com\/es\/wp-json\/wp\/v2\/media\/150110"}],"wp:attachment":[{"href":"https:\/\/www.europesays.com\/es\/wp-json\/wp\/v2\/media?parent=150109"}],"wp:term":[{"taxonomy":"category","embeddable":true,"href":"https:\/\/www.europesays.com\/es\/wp-json\/wp\/v2\/categories?post=150109"},{"taxonomy":"post_tag","embeddable":true,"href":"https:\/\/www.europesays.com\/es\/wp-json\/wp\/v2\/tags?post=150109"}],"curies":[{"name":"wp","href":"https:\/\/api.w.org\/{rel}","templated":true}]}}