{"id":150113,"date":"2025-10-01T06:46:11","date_gmt":"2025-10-01T06:46:11","guid":{"rendered":"https:\/\/www.europesays.com\/es\/150113\/"},"modified":"2025-10-01T06:46:11","modified_gmt":"2025-10-01T06:46:11","slug":"lali-esposito-denuncia-en-la-revuelta-una-persecucion-orquestada-por-milei-hate-del-mismisimo-presidente","status":"publish","type":"post","link":"https:\/\/www.europesays.com\/es\/150113\/","title":{"rendered":"Lali Esp\u00f3sito denuncia en &#8216;La revuelta&#8217; una \u00abpersecuci\u00f3n\u00bb orquestada por Milei: \u00abHate&#8217; del mism\u00edsimo presidente\u00bb"},"content":{"rendered":"\n<p> <a href=\"https:\/\/www.elconfidencial.com\/television\/programas-tv\/2025-09-30\/broncano-pablo-motos-la-revuelta-el-hormiguero-casi-sorpasso_4219543\/\" target=\"_self\" rel=\"nofollow noopener\">La revuelta<\/a> cumpli\u00f3 con su nueva estrategia y recibi\u00f3 a Ar\u00f3n Piper y Lali Esp\u00f3sito este martes, 30 de septiembre, en <a href=\"https:\/\/www.elconfidencial.com\/television\/programas-tv\/2025-09-30\/maestros-de-costura-celebrity2-lista-concursantes_4218690\/\" target=\"_self\" rel=\"nofollow noopener\">TVE<\/a>. Y es que el show de <a href=\"https:\/\/www.elconfidencial.com\/television\/programas-tv\/2025-09-30\/tve-estrategia-revuelta-broncano_4219131\/\" target=\"_self\" rel=\"nofollow noopener\">David Broncano<\/a> hizo p\u00fablica, por primera vez y de manera oficial a trav\u00e9s de sus redes sociales, <strong>la identidad de todos los invitados que recibir\u00e1 esta semana en La 1.<\/strong> <\/p>\n<p> Tras la visita del actor, que tambi\u00e9n estuvo acompa\u00f1ado de Fernando Valdivieso, fue el turno de la cantante argentina, que est\u00e1 a punto de arrancar su gira por Espa\u00f1a en este mes de octubre. Y es que, lejos de hablar de su nueva aventura profesional, Lali arranc\u00f3 su participaci\u00f3n en el show de la cadena p\u00fablica <strong>recordando el desencuentro que vivi\u00f3 con el presidente de la Naci\u00f3n Argentina en el pasado.<\/strong> <\/p>\n<p> \u00abMe pele\u00e9 con el presidente de la naci\u00f3n, una boludez. <strong>Bueno, \u00e9l me pele\u00f3. No le gust\u00f3 una opini\u00f3n concreta que yo di <\/strong>y entonces tuve que hacer una canci\u00f3n para responderle\u00bb, revel\u00f3 sobre el tema central de su hit Fan\u00e1tico, donde la artista le lanz\u00f3 toda clase de pullas a Javier Milei tras un sonado enfrentamiento en redes. <\/p>\n<p> \u00abEl tipo gana las primarias, antes de convertirse en presidente. <strong>Yo puse un tuit muy concreto que dec\u00eda &#8216;qu\u00e9 peligroso, qu\u00e9 triste&#8217;.<\/strong> A partir de ese momento, se vino una persecuci\u00f3n con sus &#8216;trolls&#8217; en redes sociales\u2026 Calumnias, injurias. Por un rato, fui el centro del &#8216;hate&#8217; del mism\u00edsimo presidente\u00bb, denunci\u00f3 la argentina ante la cara de circunstancias del presentador. <\/p>\n<blockquote class=\"twitter-tweet\">\n<p lang=\"es\" dir=\"ltr\">El enfrentamiento de Milei con Lali \ud83c\udde6\ud83c\uddf7<\/p>\n<p>Que est\u00e9 en juego la libertad de expresi\u00f3n. Qu\u00e9 peligroso. Qu\u00e9 triste. <a href=\"https:\/\/twitter.com\/hashtag\/LaRevuelta?src=hash&amp;ref_src=twsrc%5Etfw\" rel=\"nofollow noopener\" target=\"_blank\">#LaRevuelta<\/a> <a href=\"https:\/\/twitter.com\/lalioficial?ref_src=twsrc%5Etfw\" rel=\"nofollow noopener\" target=\"_blank\">@lalioficial<\/a> <a href=\"https:\/\/t.co\/WrFz6OR7We\" rel=\"nofollow\">pic.twitter.com\/WrFz6OR7We<\/a><\/p>\n<p>\u2014 La Revuelta (@LaRevuelta_TVE) <a href=\"https:\/\/twitter.com\/LaRevuelta_TVE\/status\/1973131235913519453?ref_src=twsrc%5Etfw\" rel=\"nofollow noopener\" target=\"_blank\">September 30, 2025<\/a><\/p><\/blockquote>\n<p> Y es que la cr\u00edtica de Milei fue incluso m\u00e1s all\u00e1, llegando a llamarla &#8216;Lali Dep\u00f3sito&#8217; en una de sus intervenciones.<strong> \u00ab\u00c9l cree que los artistas opinan porque les pagan o algo as\u00ed\u00bb,<\/strong> a\u00f1adi\u00f3, con Broncano lamentando lo que ha tenido que vivir su invitada en los \u00faltimos a\u00f1os. \u00abEstoy b\u00e1rbara, quebr\u00e9, pero ahora estoy divina\u00bb, respondi\u00f3 ella. <\/p>\n<p>              <img decoding=\"async\" class=\"inTextNews__img\" alt=\"Foto: broncano-pablo-motos-la-revuelta-el-hormiguero-casi-sorpasso\" src=\"https:\/\/www.europesays.com\/es\/wp-content\/uploads\/2025\/10\/f.elconfidencial.com\/original\/dee\/fc1\/c15\/deefc1c158f0814ce750bc52bfcfe8a8.jpg\"  \/>     <\/p>\n<p>TE PUEDE INTERESAR<\/p>\n<p>      <a class=\"inTextNews__title\" href=\"https:\/\/www.elconfidencial.com\/television\/programas-tv\/2025-09-30\/broncano-pablo-motos-la-revuelta-el-hormiguero-casi-sorpasso_4219543\/\" onclick=\"window.ECCO.emit(&#039;amplitude&#039;, { dataEventName: &#039;click_related_article_module&#039;, data: { related_article_url: &#039;https:\/\/www.elconfidencial.com\/television\/programas-tv\/2025-09-30\/broncano-pablo-motos-la-revuelta-el-hormiguero-casi-sorpasso_4219543\/&#039;, related_article_author: &#039;Paco Mart\u00edn-V\u00e1zquez Car\u00edas&#039;, related_article_section: &#039;programas-tv&#039; } })\" rel=\"nofollow noopener\" target=\"_blank\"> Broncano, m\u00e1s cerca que nunca de volver a ganar a Pablo Motos, celebra el casi &#8216;sorpasso&#8217; en audiencia de &#8216;La revuelta&#8217; a &#8216;El hormiguero&#8217; <\/a>   <\/p>\n<p>    P. Mart\u00edn-V\u00e1zquez   <\/p>\n<p> <strong>\u00abLa canci\u00f3n fue mi manera de responder a esta situaci\u00f3n p\u00fablica. <\/strong>En la tapa yo estaba toda pintada y &#8216;escracheada&#8217; por las calles, un poco lo que me estaban haciendo\u00bb, se\u00f1al\u00f3 sobre el regalo que entreg\u00f3 a Broncano, un cartel con dedicatoria a los &#8216;haters&#8217; del presentador. \u00abHay que saber hacer humor con esas cosas\u00bb, defendi\u00f3 Lali Esp\u00f3sito en su visita a La 1. <\/p>\n<p> <a href=\"https:\/\/www.elconfidencial.com\/television\/programas-tv\/2025-09-30\/broncano-pablo-motos-la-revuelta-el-hormiguero-casi-sorpasso_4219543\/\" target=\"_self\" rel=\"nofollow noopener\">La revuelta<\/a> cumpli\u00f3 con su nueva estrategia y recibi\u00f3 a Ar\u00f3n Piper y Lali Esp\u00f3sito este martes, 30 de septiembre, en <a href=\"https:\/\/www.elconfidencial.com\/television\/programas-tv\/2025-09-30\/maestros-de-costura-celebrity2-lista-concursantes_4218690\/\" target=\"_self\" rel=\"nofollow noopener\">TVE<\/a>. Y es que el show de <a href=\"https:\/\/www.elconfidencial.com\/television\/programas-tv\/2025-09-30\/tve-estrategia-revuelta-broncano_4219131\/\" target=\"_self\" rel=\"nofollow noopener\">David Broncano<\/a> hizo p\u00fablica, por primera vez y de manera oficial a trav\u00e9s de sus redes sociales, <strong>la identidad de todos los invitados que recibir\u00e1 esta semana en La 1.<\/strong> <\/p>\n<p>              <script async src=\"https:\/\/platform.twitter.com\/widgets.js\" charset=\"utf-8\"><\/script><\/p>\n","protected":false},"excerpt":{"rendered":"La revuelta cumpli\u00f3 con su nueva estrategia y recibi\u00f3 a Ar\u00f3n Piper y Lali Esp\u00f3sito este martes, 30&hellip;\n","protected":false},"author":2,"featured_media":150114,"comment_status":"","ping_status":"","sticky":false,"template":"","format":"standard","meta":{"footnotes":""},"categories":[91],"tags":[146,147,25,24,23],"class_list":{"0":"post-150113","1":"post","2":"type-post","3":"status-publish","4":"format-standard","5":"has-post-thumbnail","7":"category-entretenimiento","8":"tag-entertainment","9":"tag-entretenimiento","10":"tag-es","11":"tag-espana","12":"tag-spain"},"share_on_mastodon":{"url":"","error":""},"_links":{"self":[{"href":"https:\/\/www.europesays.com\/es\/wp-json\/wp\/v2\/posts\/150113","targetHints":{"allow":["GET"]}}],"collection":[{"href":"https:\/\/www.europesays.com\/es\/wp-json\/wp\/v2\/posts"}],"about":[{"href":"https:\/\/www.europesays.com\/es\/wp-json\/wp\/v2\/types\/post"}],"author":[{"embeddable":true,"href":"https:\/\/www.europesays.com\/es\/wp-json\/wp\/v2\/users\/2"}],"replies":[{"embeddable":true,"href":"https:\/\/www.europesays.com\/es\/wp-json\/wp\/v2\/comments?post=150113"}],"version-history":[{"count":0,"href":"https:\/\/www.europesays.com\/es\/wp-json\/wp\/v2\/posts\/150113\/revisions"}],"wp:featuredmedia":[{"embeddable":true,"href":"https:\/\/www.europesays.com\/es\/wp-json\/wp\/v2\/media\/150114"}],"wp:attachment":[{"href":"https:\/\/www.europesays.com\/es\/wp-json\/wp\/v2\/media?parent=150113"}],"wp:term":[{"taxonomy":"category","embeddable":true,"href":"https:\/\/www.europesays.com\/es\/wp-json\/wp\/v2\/categories?post=150113"},{"taxonomy":"post_tag","embeddable":true,"href":"https:\/\/www.europesays.com\/es\/wp-json\/wp\/v2\/tags?post=150113"}],"curies":[{"name":"wp","href":"https:\/\/api.w.org\/{rel}","templated":true}]}}