{"id":150119,"date":"2025-10-01T06:49:07","date_gmt":"2025-10-01T06:49:07","guid":{"rendered":"https:\/\/www.europesays.com\/es\/150119\/"},"modified":"2025-10-01T06:49:07","modified_gmt":"2025-10-01T06:49:07","slug":"terremoto-de-magnitud-67-sacude-filipinas-dw-30-09-2025","status":"publish","type":"post","link":"https:\/\/www.europesays.com\/es\/150119\/","title":{"rendered":"Terremoto de magnitud 6,7 sacude Filipinas \u2013 DW \u2013 30\/09\/2025"},"content":{"rendered":"<p>Un terremoto de magnitud 6,7 sacudi\u00f3 este martes (30.09.2025) el centro de <a class=\"internal-link\" href=\"https:\/\/www.dw.com\/es\/filipinas\/t-70942366\" rel=\"nofollow noopener\" target=\"_blank\">Filipinas<\/a>, afirm\u00f3 la agencia sismol\u00f3gica de Filipinas (Phivolcs), que alert\u00f3 sobre la posibilidad de un tsunami localizado y alert\u00f3 a los residentes de tres provincias para alejarse de la costa.<\/p>\n<p>El sismo tuvo lugar a las 21:59 hora local, el epicentro del sismo se ubic\u00f3 en el mar a unos 11 kil\u00f3metros al este-sureste de Calape, un municipio de la provincia de Bohol, con una poblaci\u00f3n de cerca de 33.000 personas. La agencia sismol\u00f3gica de Filipinas inform\u00f3 adem\u00e1s de una serie de r\u00e9plicas.<\/p>\n<p>Por el momento las autoridades no han indicado si el terremoto caus\u00f3 v\u00edctimas, ni han precisado si dej\u00f3 m\u00e1s da\u00f1os materiales. No obstante, el sismo provoc\u00f3 el derrumbe de parte de la fachada de la iglesia de Santa Rosa de Lima, situada en el municipio de Daanbantayan y que data de 1858, seg\u00fan public\u00f3 en la red social Facebook la propia congregaci\u00f3n responsable del edificio.<\/p>\n<p>Filipinas se encuentra en el \u00abAnillo de Fuego\u00bb del Pac\u00edfico, un arco de intensa actividad s\u00edsmica que rodea la cuenca del Pac\u00edfico, desde el sudeste asi\u00e1tico hasta el sur de Chile, pasando por Jap\u00f3n, Alaska y Am\u00e9rica Central.<\/p>\n<p>(mn\/efe, afp)<\/p>\n<p>\u00a0<\/p>\n","protected":false},"excerpt":{"rendered":"Un terremoto de magnitud 6,7 sacudi\u00f3 este martes (30.09.2025) el centro de Filipinas, afirm\u00f3 la agencia sismol\u00f3gica de&hellip;\n","protected":false},"author":2,"featured_media":150120,"comment_status":"","ping_status":"","sticky":false,"template":"","format":"standard","meta":{"footnotes":""},"categories":[42],"tags":[17,18,13,14,11,61,62,63,64,19,20,9,10,15,16,12,21,22,65,66,67],"class_list":{"0":"post-150119","1":"post","2":"type-post","3":"status-publish","4":"format-standard","5":"has-post-thumbnail","7":"category-internacional","8":"tag-breaking-news","9":"tag-breakingnews","10":"tag-featured-news","11":"tag-featurednews","12":"tag-headlines","13":"tag-internacional","14":"tag-international","15":"tag-international-news","16":"tag-internationalnews","17":"tag-latest-news","18":"tag-latestnews","19":"tag-news","20":"tag-noticias","21":"tag-noticias-destacadas","22":"tag-noticiasdestacadas","23":"tag-titulares","24":"tag-ultimas-noticias","25":"tag-ultimasnoticias","26":"tag-world","27":"tag-world-news","28":"tag-worldnews"},"share_on_mastodon":{"url":"","error":""},"_links":{"self":[{"href":"https:\/\/www.europesays.com\/es\/wp-json\/wp\/v2\/posts\/150119","targetHints":{"allow":["GET"]}}],"collection":[{"href":"https:\/\/www.europesays.com\/es\/wp-json\/wp\/v2\/posts"}],"about":[{"href":"https:\/\/www.europesays.com\/es\/wp-json\/wp\/v2\/types\/post"}],"author":[{"embeddable":true,"href":"https:\/\/www.europesays.com\/es\/wp-json\/wp\/v2\/users\/2"}],"replies":[{"embeddable":true,"href":"https:\/\/www.europesays.com\/es\/wp-json\/wp\/v2\/comments?post=150119"}],"version-history":[{"count":0,"href":"https:\/\/www.europesays.com\/es\/wp-json\/wp\/v2\/posts\/150119\/revisions"}],"wp:featuredmedia":[{"embeddable":true,"href":"https:\/\/www.europesays.com\/es\/wp-json\/wp\/v2\/media\/150120"}],"wp:attachment":[{"href":"https:\/\/www.europesays.com\/es\/wp-json\/wp\/v2\/media?parent=150119"}],"wp:term":[{"taxonomy":"category","embeddable":true,"href":"https:\/\/www.europesays.com\/es\/wp-json\/wp\/v2\/categories?post=150119"},{"taxonomy":"post_tag","embeddable":true,"href":"https:\/\/www.europesays.com\/es\/wp-json\/wp\/v2\/tags?post=150119"}],"curies":[{"name":"wp","href":"https:\/\/api.w.org\/{rel}","templated":true}]}}