{"id":150121,"date":"2025-10-01T06:50:07","date_gmt":"2025-10-01T06:50:07","guid":{"rendered":"https:\/\/www.europesays.com\/es\/150121\/"},"modified":"2025-10-01T06:50:07","modified_gmt":"2025-10-01T06:50:07","slug":"las-peticiones-de-asilo-en-espana-caen-por-primera-vez-desde-la-pandemia-espana","status":"publish","type":"post","link":"https:\/\/www.europesays.com\/es\/150121\/","title":{"rendered":"Las peticiones de asilo en Espa\u00f1a caen por primera vez desde la pandemia | Espa\u00f1a"},"content":{"rendered":"<p class=\"\">El cambio ha sido abrupto. Durante a\u00f1os, <a href=\"https:\/\/elpais.com\/noticias\/asilo-politico\/\" target=\"_self\" rel=\"nofollow noopener\" title=\"https:\/\/elpais.com\/noticias\/asilo-politico\/\">pedir asilo en Espa\u00f1a<\/a> ha sido el \u00fanico salvavidas al que decenas de miles de inmigrantes se han aferrado para empezar una nueva vida, una f\u00f3rmula que les permit\u00eda vivir y trabajar de forma legal meses e incluso a\u00f1os y enganchar despu\u00e9s con otro permiso. Pero ahora la puerta se ha cerrado de golpe para buena parte de los solicitantes y las peticiones han ca\u00eddo un 13%, el primer descenso desde la pandemia. En el caso de colombianos y peruanos, dos de las nacionalidades que m\u00e1s piden asilo en Espa\u00f1a, el desplome es del 60%. Tras estos n\u00fameros est\u00e1 el nuevo reglamento de extranjer\u00eda en el que se introdujeron trabas para frenar abusos, pero que, a la vez, est\u00e1 empujando a miles de inmigrantes a la clandestinidad. <\/p>\n<p class=\"\">La ca\u00edda en las peticiones de asilo es relevante tambi\u00e9n en el conjunto de la Uni\u00f3n Europea, aunque por razones diferentes. En el primer semestre de 2025, seg\u00fan la Agencia de Asilo la Uni\u00f3n Europea (AAUE), se registraron 399.000 solicitudes en la UE, un descenso del 23% respecto al mismo periodo del a\u00f1o pasado. Ello \u201cno se debe a cambios en las pol\u00edticas de la UE\u201d, explica la AAUE en su \u00faltimo informe, sino a Siria. Desde que el r\u00e9gimen de Bachar el Asad fue derrocado a finales del a\u00f1o pasado, las peticiones de los sirios han disminuido de forma abrupta, hasta el punto de que, despu\u00e9s de una d\u00e9cada de \u00e9xodo masivo, ya no son la principal nacionalidad que pide protecci\u00f3n en suelo europeo. Miles de ellos han dejado de huir y otros miles que hab\u00edan emigrado est\u00e1n empezando a regresar a su pa\u00eds. La tendencia es tan rotunda que Alemania, principal receptora de los refugiados sirios, ya no tiene el primer puesto en solicitudes de asilo, tras ocuparlo durante a\u00f1os casi ininterrumpidamente. <\/p>\n<p class=\"\">A pesar de la ca\u00edda, el volumen de peticiones en Espa\u00f1a es el segundo m\u00e1s alto en toda la UE, tan solo despu\u00e9s de Francia. Entre enero y agosto de este a\u00f1o se han registrado 97.000 peticiones, pero ese descenso del 13% marca un hito. Espa\u00f1a, <a href=\"https:\/\/elpais.com\/espana\/2025-01-12\/el-colapso-del-sistema-de-asilo-mantiene-a-mas-de-270000-personas-en-el-limbo.html\" target=\"_self\" rel=\"nofollow noopener\" title=\"https:\/\/elpais.com\/espana\/2025-01-12\/el-colapso-del-sistema-de-asilo-mantiene-a-mas-de-270000-personas-en-el-limbo.html\">con un sistema de asilo al borde del colapso,<\/a> llevaba un lustro encadenando r\u00e9cords de peticiones, incluso doblando las cifras de un a\u00f1o para otro. A la espera de ver c\u00f3mo se cierre el a\u00f1o, los expertos ven una clara correlaci\u00f3n entre el nuevo reglamento de extranjer\u00eda y esta tendencia a la baja, sobre todo, en algunas nacionalidades.<\/p>\n<p>M\u00e1s informaci\u00f3n<\/p>\n<p class=\"\">Entre todas las medidas que inclu\u00eda el nuevo reglamento, que entr\u00f3 en vigor el pasado mayo, se introdujo <a href=\"https:\/\/elpais.com\/espana\/2025-03-03\/el-bumeran-del-nuevo-reglamento-de-extranjeria-miles-de-trabajadores-al-borde-de-la-clandestinidad.html\" target=\"_self\" rel=\"nofollow noopener\" title=\"https:\/\/elpais.com\/espana\/2025-03-03\/el-bumeran-del-nuevo-reglamento-de-extranjeria-miles-de-trabajadores-al-borde-de-la-clandestinidad.html\">un obst\u00e1culo para ese 80% de solicitantes que acaban con su solicitud rechazada.<\/a> Antes el tiempo que esos migrantes pasaban esperando una respuesta a su solicitud \u2015 hasta dos a\u00f1os\u2015 pod\u00eda computarse para demostrar arraigo y regularizarse en caso de que les denegasen su petici\u00f3n, pero esto ha cambiado. Ahora ese tiempo ha dejado de contar y una denegaci\u00f3n equivale a quedarse en situaci\u00f3n irregular. Aun teniendo empleo y una vida estable, es como si acabaran de llegar. <\/p>\n<p class=\"\">Esos miles de denegaciones que se notifican cada a\u00f1o (y que ahora significan volver a la clandestinidad) afectan sobre todo a ciudadanos de Colombia y Per\u00fa que, a juzgar por las cifras, est\u00e1n dejando de pedir asilo. Mientras que el a\u00f1o pasado, a esta misma fecha, m\u00e1s de 28.000 ciudadanos de Colombia hab\u00edan solicitado protecci\u00f3n en Espa\u00f1a, este a\u00f1o han sido menos de 11.000. Y en el caso de Per\u00fa, de m\u00e1s de 7.200 se ha pasado a unos 2.700, aunque los datos muestran que mientras caen en Espa\u00f1a, sus solicitudes crecen en Italia.<\/p>\n<p class=\"\">Nicol\u00e1s, un colombiano que ronda los 30 a\u00f1os, pas\u00f3 a\u00f1os en la irregularidad en Espa\u00f1a con empleos precarios hasta que logr\u00f3 conseguir sus papeles. Cuando su hermana tambi\u00e9n decidi\u00f3 emigrar hacia Espa\u00f1a, \u00e9l ya sab\u00eda que la mejor ruta para hacerlo era una petici\u00f3n de asilo que le permitiera obtener un permiso para trabajar a los seis meses. Quer\u00eda que ella se evitara lo que \u00e9l hab\u00eda pasado durante a\u00f1os. Pero este a\u00f1o, cuando finalmente ella lleg\u00f3, ya hab\u00eda entrado en vigor el nuevo reglamento. \u201cEl asilo, ahorita con el cambio de esa norma, es algo muy dificultoso, ya no es factible por decirlo as\u00ed\u201d, cuenta \u00e9l a EL PA\u00cdS. <\/p>\n<p class=\"\">Blanca Garc\u00e9s, investigadora s\u00e9nior del \u00e1rea de migraciones del Barcelona Centre for International Affairs (Cidob), centro de investigaci\u00f3n en relaciones internacionales, analiza este fen\u00f3meno. \u201cPara estos ciudadanos de Colombia y Per\u00fa el cambio normativo tiene un efecto desincentivador porque quiere decir que pueden pasar dos a\u00f1os en Espa\u00f1a y si la respuesta es negativa, que en la mayor\u00eda de esos casos lo es, <a href=\"https:\/\/elpais.com\/espana\/2025-06-28\/anos-en-la-clandestinidad-el-camino-imposible-de-los-inmigrantes-sin-papeles-en-espana.html\" target=\"_self\" rel=\"nofollow noopener\" title=\"https:\/\/elpais.com\/espana\/2025-06-28\/anos-en-la-clandestinidad-el-camino-imposible-de-los-inmigrantes-sin-papeles-en-espana.html\">van a tener que empezar de nuevo el tiempo de espera [al menos dos a\u00f1os]<\/a> para obtener sus papeles por el arraigo\u201d, afirma. <\/p>\n<p class=\"\">Cuando el Gobierno aprob\u00f3 el nuevo reglamento lo vendi\u00f3 como una herramienta que facilitar\u00eda la vida de los extranjeros, pero entre l\u00edneas se col\u00f3 esta nueva f\u00f3rmula para intentar frenar el abuso de la protecci\u00f3n internacional. Era un intento de bajar la presi\u00f3n de un sistema que no ha podido responder a la demanda: los dilatados plazos para responder solicitudes que deber\u00edan estar resueltas en seis meses son uno de los motivos por los que solicitar asilo se convirti\u00f3 en una buena opci\u00f3n para regularizarse. En parte, esa estrategia ha funcionado. Pero, como apunta Garc\u00e9s, se ha creado otro problema: \u201cEl efecto perverso de la medida es que est\u00e1n aumentando los tiempos de irregularidad, cuando este Gobierno lo que hab\u00eda buscado era reducirlos\u201d. <\/p>\n<p class=\"\">Para Jos\u00e9 Luis Rodr\u00edguez Candela, vicepresidente de la plataforma Extranjeristas en Red, se ha producido \u201cuna desviaci\u00f3n de poder\u201d. \u201cUno no puede luchar contra una presunta solicitud fraudulenta de asilo, limitando el derecho de todos los solicitantes de asilo\u201d, critica. Y a\u00f1ade que la ley ya permit\u00eda inadmitir a tr\u00e1mite todas las peticiones que fueran fraudulentas, pero en vez de atenderlas en plazo, el Gobierno termina acumul\u00e1ndolas todas. \u201cPara la Administraci\u00f3n es mucho m\u00e1s c\u00f3modo no invertir en personal o en procedimientos, sino sancionar, amenazar, con car\u00e1cter general, a todos los solicitantes\u201d, afirma.<\/p>\n<p class=\"\">Los datos espa\u00f1oles tienen varias particularidades que no se ven en otros pa\u00edses. La ca\u00edda abrupta del 60% en las peticiones de colombianos y peruanos podr\u00eda haber significado un descenso mucho m\u00e1s relevante en el total de las solicitudes, pero no ha sido el caso porque los venezolanos han llenado ese lugar. En lo que va de a\u00f1o, esta nacionalidad, que no se ve afectada por el cambio del reglamento porque Espa\u00f1a les concede casi de forma autom\u00e1tica la protecci\u00f3n por razones humanitarias, experimentan un pico in\u00e9dito. Son ya m\u00e1s de 56.000 solicitudes, un 35% m\u00e1s que el a\u00f1o pasado. <\/p>\n<p class=\"\">Es un incremento que, como cont\u00f3 EL PA\u00cdS, est\u00e1 motivado por la cacer\u00eda que el presidente de los Estados Unidos, Donald Trump, <a href=\"https:\/\/elpais.com\/espana\/2025-05-03\/la-cruzada-de-trump-contra-los-venezolanos-empuja-a-miles-a-espana.html\" target=\"_self\" rel=\"nofollow noopener\" title=\"https:\/\/elpais.com\/espana\/2025-05-03\/la-cruzada-de-trump-contra-los-venezolanos-empuja-a-miles-a-espana.html\">ha puesto en marcha contra los inmigrantes venezolanos.<\/a> Ante la hostilidad de EE UU, Espa\u00f1a se ve como una alternativa mucho m\u00e1s amigable. Con el descenso de los sirios, los venezolanos son ahora los principales solicitantes de asilo en la UE. Y el 93% de esas solicitudes, seg\u00fan la AAUE, las recibe Espa\u00f1a. <\/p>\n","protected":false},"excerpt":{"rendered":"El cambio ha sido abrupto. Durante a\u00f1os, pedir asilo en Espa\u00f1a ha sido el \u00fanico salvavidas al que&hellip;\n","protected":false},"author":2,"featured_media":150122,"comment_status":"","ping_status":"","sticky":false,"template":"","format":"standard","meta":{"footnotes":""},"categories":[8],"tags":[15121,17,18,1803,25,24,13,14,11,590,19,20,9,10,15,16,705,20583,32787,23,12,21,22,1617,1192],"class_list":{"0":"post-150121","1":"post","2":"type-post","3":"status-publish","4":"format-standard","5":"has-post-thumbnail","7":"category-espana","8":"tag-asilo-politico","9":"tag-breaking-news","10":"tag-breakingnews","11":"tag-colombia","12":"tag-es","13":"tag-espana","14":"tag-featured-news","15":"tag-featurednews","16":"tag-headlines","17":"tag-inmigracion","18":"tag-latest-news","19":"tag-latestnews","20":"tag-news","21":"tag-noticias","22":"tag-noticias-destacadas","23":"tag-noticiasdestacadas","24":"tag-peru","25":"tag-refugiados","26":"tag-siria","27":"tag-spain","28":"tag-titulares","29":"tag-ultimas-noticias","30":"tag-ultimasnoticias","31":"tag-union-europea","32":"tag-venezuela"},"share_on_mastodon":{"url":"","error":""},"_links":{"self":[{"href":"https:\/\/www.europesays.com\/es\/wp-json\/wp\/v2\/posts\/150121","targetHints":{"allow":["GET"]}}],"collection":[{"href":"https:\/\/www.europesays.com\/es\/wp-json\/wp\/v2\/posts"}],"about":[{"href":"https:\/\/www.europesays.com\/es\/wp-json\/wp\/v2\/types\/post"}],"author":[{"embeddable":true,"href":"https:\/\/www.europesays.com\/es\/wp-json\/wp\/v2\/users\/2"}],"replies":[{"embeddable":true,"href":"https:\/\/www.europesays.com\/es\/wp-json\/wp\/v2\/comments?post=150121"}],"version-history":[{"count":0,"href":"https:\/\/www.europesays.com\/es\/wp-json\/wp\/v2\/posts\/150121\/revisions"}],"wp:featuredmedia":[{"embeddable":true,"href":"https:\/\/www.europesays.com\/es\/wp-json\/wp\/v2\/media\/150122"}],"wp:attachment":[{"href":"https:\/\/www.europesays.com\/es\/wp-json\/wp\/v2\/media?parent=150121"}],"wp:term":[{"taxonomy":"category","embeddable":true,"href":"https:\/\/www.europesays.com\/es\/wp-json\/wp\/v2\/categories?post=150121"},{"taxonomy":"post_tag","embeddable":true,"href":"https:\/\/www.europesays.com\/es\/wp-json\/wp\/v2\/tags?post=150121"}],"curies":[{"name":"wp","href":"https:\/\/api.w.org\/{rel}","templated":true}]}}