{"id":150129,"date":"2025-10-01T06:56:08","date_gmt":"2025-10-01T06:56:08","guid":{"rendered":"https:\/\/www.europesays.com\/es\/150129\/"},"modified":"2025-10-01T06:56:08","modified_gmt":"2025-10-01T06:56:08","slug":"para-algunos-en-este-pais-parece-que-el-trabajo-es-un-castigo-del-senor","status":"publish","type":"post","link":"https:\/\/www.europesays.com\/es\/150129\/","title":{"rendered":"Para algunos en este pa\u00eds parece que el trabajo es un castigo del Se\u00f1or"},"content":{"rendered":"<p class=\"c-paragraph\">El pasado viernes, <a href=\"https:\/\/www.20minutos.es\/tags\/deportes\/toni-nadal.html\" title=\"Toni Nadal\" rel=\"nofollow noopener\" target=\"_blank\">Toni Nadal<\/a>, exentrenador y t\u00edo de <a href=\"https:\/\/www.20minutos.es\/tags\/deportes\/rafa-nadal.html\" title=\"Rafa Nadal\" rel=\"nofollow noopener\" target=\"_blank\">Rafa Nadal<\/a>, comparti\u00f3 en el Foro L\u00edderes de la Universidad de Almer\u00eda<b> una reflexi\u00f3n sobre c\u00f3mo alcanzar el \u00e9xito,<\/b> declaraciones a las que lleg\u00f3 a trav\u00e9s de experiencias vividas durante su etapa como t\u00e9cnico.<\/p>\n<p class=\"c-paragraph\"><b>\u00abLo que te da m\u00e1s opciones de \u00e9xito en la vida es la formaci\u00f3n del car\u00e1cter\u00bb<\/b>, asegur\u00f3 el mallorqu\u00edn, que se defini\u00f3 como un entrenador que busc\u00f3 \u00abel \u00e9xito profesional a trav\u00e9s del desarrollo personal\u00bb.<\/p>\n<p class=\"c-paragraph\">Toni Nadal habl\u00f3 de la necesidad de reivindicar los valores para afrontar las situaciones que se dan actualmente en el mercado laboral: \u00abA m\u00ed me gusta el trabajo, y <b>me extra\u00f1a que hoy vivamos en un pa\u00eds donde parece que trabajar est\u00e1 denostado<\/b>\u00ab.<\/p>\n<p class=\"c-paragraph\">Adem\u00e1s, el exentrenador de Rafa Nadal carg\u00f3 contra aquellos que en su profesi\u00f3n no se esfuerzan. <b>\u00abPara algunos en este pa\u00eds parece que el trabajo es un castigo del Se\u00f1or\u00bb<\/b>, asegur\u00f3, mientras que insisti\u00f3 en que ese esfuerzo y la dedicaci\u00f3n \u00abson lo que realmente dan sentido a la vida y permiten construir una sociedad mejor\u00bb.<\/p>\n<p class=\"c-paragraph\">Toni Nadal considera que \u00abdesgraciadamente, la gente de hoy en d\u00eda, no s\u00e9 si es porque cae antes en la frustraci\u00f3n, pero <b>no suele ir al l\u00edmite<\/b>\u00ab.<\/p>\n<p class=\"c-paragraph\">Adem\u00e1s, el t\u00edo de Rafa Nadal habl\u00f3 de la gran rivalidad actual en el tenis: Carlos Alcaraz y Jannik Sinner. Asegur\u00f3 que el murciano \u00ab<b><b>es un jugador extraordinario que tiene todas las condiciones para estar entre los mejores de la historia, y est\u00e1 cercano a ello\u00bb.<\/b><\/b><\/p>\n<p class=\"c-paragraph\">Sin embargo, cree que el espa\u00f1ol tiene una ventaja respecto a la generaci\u00f3n de Rafa Nadal. \u00ab<b>Ellos compet\u00edan contra una inmensa mayor\u00eda de rivales que iban al l\u00edmite cada partido<\/b>, como Ferrer, Murray, Wawrinka, Del Potro\u2026 Mientras que hoy en d\u00eda, los perseguidores de Sinner y Alcaraz muchas veces vemos que no dan la talla\u00bb, asegur\u00f3.<\/p>\n","protected":false},"excerpt":{"rendered":"El pasado viernes, Toni Nadal, exentrenador y t\u00edo de Rafa Nadal, comparti\u00f3 en el Foro L\u00edderes de la&hellip;\n","protected":false},"author":2,"featured_media":150130,"comment_status":"","ping_status":"","sticky":false,"template":"","format":"standard","meta":{"footnotes":""},"categories":[274],"tags":[168,25,24,3489,23,167,327,326,19182],"class_list":{"0":"post-150129","1":"post","2":"type-post","3":"status-publish","4":"format-standard","5":"has-post-thumbnail","7":"category-tenis","8":"tag-deportes","9":"tag-es","10":"tag-espana","11":"tag-nadal","12":"tag-spain","13":"tag-sports","14":"tag-tenis","15":"tag-tennis","16":"tag-toni"},"share_on_mastodon":{"url":"","error":""},"_links":{"self":[{"href":"https:\/\/www.europesays.com\/es\/wp-json\/wp\/v2\/posts\/150129","targetHints":{"allow":["GET"]}}],"collection":[{"href":"https:\/\/www.europesays.com\/es\/wp-json\/wp\/v2\/posts"}],"about":[{"href":"https:\/\/www.europesays.com\/es\/wp-json\/wp\/v2\/types\/post"}],"author":[{"embeddable":true,"href":"https:\/\/www.europesays.com\/es\/wp-json\/wp\/v2\/users\/2"}],"replies":[{"embeddable":true,"href":"https:\/\/www.europesays.com\/es\/wp-json\/wp\/v2\/comments?post=150129"}],"version-history":[{"count":0,"href":"https:\/\/www.europesays.com\/es\/wp-json\/wp\/v2\/posts\/150129\/revisions"}],"wp:featuredmedia":[{"embeddable":true,"href":"https:\/\/www.europesays.com\/es\/wp-json\/wp\/v2\/media\/150130"}],"wp:attachment":[{"href":"https:\/\/www.europesays.com\/es\/wp-json\/wp\/v2\/media?parent=150129"}],"wp:term":[{"taxonomy":"category","embeddable":true,"href":"https:\/\/www.europesays.com\/es\/wp-json\/wp\/v2\/categories?post=150129"},{"taxonomy":"post_tag","embeddable":true,"href":"https:\/\/www.europesays.com\/es\/wp-json\/wp\/v2\/tags?post=150129"}],"curies":[{"name":"wp","href":"https:\/\/api.w.org\/{rel}","templated":true}]}}