{"id":150131,"date":"2025-10-01T06:57:11","date_gmt":"2025-10-01T06:57:11","guid":{"rendered":"https:\/\/www.europesays.com\/es\/150131\/"},"modified":"2025-10-01T06:57:11","modified_gmt":"2025-10-01T06:57:11","slug":"lo-que-vemos-en-los-mundiales-en-europa-ha-pasado-en-ruanda","status":"publish","type":"post","link":"https:\/\/www.europesays.com\/es\/150131\/","title":{"rendered":"Lo que vemos en los mundiales en Europa ha pasado en Ruanda"},"content":{"rendered":"<p>\t\t\t\t\t\t\t\t\t\t\t\t\t\t<a href=\"https:\/\/www.dtswiss.com\/es\" rel=\"nofollow noopener\" target=\"_blank\"><img loading=\"lazy\" decoding=\"async\" class=\"aligncenter wp-image-65007 size-full\" src=\"data:image\/svg+xml,%3Csvg%20xmlns=\" http:=\"\" alt=\"\" width=\"1024\" height=\"140\" data-lazy- data-lazy- data-lazy-src=\"https:\/\/www.europesays.com\/es\/wp-content\/uploads\/2025\/08\/joanseguidor-1024x140px-es-erc1100.png\"\/><\/a><br \/>\nTodo lo que nos gusta de los mundiales en Europa lo hemos tenido en Ruanda<\/p>\n<p data-start=\"150\" data-end=\"479\">Pasados unos d\u00edas de los Mundiales, lo de Ruanda ha sido un espect\u00e1culo.<\/p>\n<p data-start=\"150\" data-end=\"479\"><strong>Ben Healy, que se llev\u00f3 el bronce en la prueba \u00e9lite, lo resumi\u00f3 en una frase: \u201cNunca hab\u00eda visto nada igual\u201d<\/strong>.<\/p>\n<p data-start=\"150\" data-end=\"479\">Y es que aquello fue una locura.<\/p>\n<p><a class=\"wppaslink\" href=\"https:\/\/joanseguidor.com\/pas\/ccmm-valenciana\/44016\/0\" target=\"_blank\" rel=\"nofollow noopener\"><img decoding=\"async\" src=\"data:image\/svg+xml,%3Csvg%20xmlns=\" http:=\"\" alt=\"CCMM Valenciana\" border=\"0\" data-lazy-src=\"https:\/\/www.europesays.com\/es\/wp-content\/uploads\/2025\/10\/tl-joanseguidorcom-1024x140-1.png\"\/><\/a><\/p>\n<p data-start=\"150\" data-end=\"479\">Kil\u00f3metros y kil\u00f3metros de gente, cada metro de circuito, cada rampa de Mont Kigali, lleno de aficionados gritando como si no hubiera un ma\u00f1ana. Excepcional.<\/p>\n<p data-start=\"481\" data-end=\"786\">Durante los ocho d\u00edas de competici\u00f3n, la pasi\u00f3n fue de menos a m\u00e1s, hasta convertirse en un rugido continuo.<\/p>\n<p data-start=\"481\" data-end=\"786\">Lo hemos visto, el ciclismo all\u00ed no es un deporte m\u00e1s: es casi una religi\u00f3n.<\/p>\n<p data-start=\"481\" data-end=\"786\">Los que hab\u00edan estado en el Tour de Ruanda ya lo dec\u00edan, pero hab\u00eda que verlo y <strong>disfrutar de todo un Mundial convertido en fiesta popular ha sido otro nivel<\/strong>.<\/p>\n<p data-start=\"788\" data-end=\"1173\">Y ojo, porque era <strong>la primera vez que los Mundiales de carretera pisaban \u00c1frica<\/strong>.<\/p>\n<p data-start=\"788\" data-end=\"1173\">Color, calor, dureza, ambiente\u2026 todo lo que nos gusta de los mundiales en Europa lo hemos tenido en Ruanda, y no he le\u00eddo, por suerte, nada sobre la seguridad de los corredores, otra cosa es c\u00f3mo est\u00e9 el pa\u00eds tras la pared del evento.<\/p>\n<p data-start=\"788\" data-end=\"1173\"><strong>M\u00e1s de un siglo de historia y siempre repartidos por <a href=\"https:\/\/joanseguidor.com\/el-mundial-de-ciclismo-lejos-de-europa-no-es-una-panacea\/\" target=\"_blank\" rel=\"noopener nofollow\">Europa<\/a><\/strong>, con alguna escapada suelta a Am\u00e9rica, Asia u Ocean\u00eda.<\/p>\n<p data-start=\"788\" data-end=\"1173\">Esta vez tocaba dar el paso, y Ruanda lo ha bordado: log\u00edstica impecable, seguridad, participaci\u00f3n r\u00e9cord con 108 pa\u00edses (38 africanos), y un ambiente que cualquier organizador envidiar\u00eda.<\/p>\n<p data-start=\"1175\" data-end=\"1517\">Las carreras no se quedaron atr\u00e1s.<\/p>\n<p data-start=\"1175\" data-end=\"1517\">Circuitos duros, calor, desgaste constante.<\/p>\n<p data-start=\"1175\" data-end=\"1517\">El femenino sub-23 tuvo por fin sus pruebas en solitario, las categor\u00edas menores ofrecieron un nivel alt\u00edsimo y las \u00e9lites dejaron im\u00e1genes de ciclismo del bueno, con t\u00e1ctica, ataques y muy poquitos que lograron acabar. Todo al l\u00edmite, como debe ser un Mundial.<\/p>\n<p data-start=\"1175\" data-end=\"1517\"><a href=\"https:\/\/www.turismodecastellon.com\/es\/que-hacer\/rutaCicloturismo\" rel=\"nofollow noopener\" target=\"_blank\"><img loading=\"lazy\" decoding=\"async\" class=\"aligncenter wp-image-66569 size-medium\" src=\"data:image\/svg+xml,%3Csvg%20xmlns=\" http:=\"\" alt=\"\" width=\"300\" height=\"293\" data-lazy- data-lazy- data-lazy-src=\"https:\/\/www.europesays.com\/es\/wp-content\/uploads\/2025\/09\/bn-castellon-cycling-1024x1000-3-300x293.gif\"\/><\/a><\/p>\n<p data-start=\"1519\" data-end=\"1785\">M\u00e1s all\u00e1 del resultado deportivo, queda la sensaci\u00f3n de que <strong>se ha abierto una puerta enorme<\/strong>.<\/p>\n<p data-start=\"1519\" data-end=\"1785\">Un pa\u00eds que ense\u00f1a al mundo sus paisajes, su gente y su cultura.<\/p>\n<p data-start=\"1519\" data-end=\"1785\">Una oportunidad para que \u00c1frica no solo organice, sino que se consolide como protagonista en este deporte.<\/p>\n<p data-start=\"1787\" data-end=\"2046\">Eso s\u00ed, no todo puede maquillarse con la \u00e9pica de la bici.<\/p>\n<p data-start=\"1787\" data-end=\"2046\"><strong>La sombra de los derechos humanos plane\u00f3 sobre el evento y la UCI no puede seguir mirando a otro lado<\/strong>.<\/p>\n<p data-start=\"1787\" data-end=\"2046\"><a href=\"https:\/\/joanseguidor.com\/el-ciclismo-ante-el-espejo-de-sus-patrocinadores\/\" target=\"_blank\" rel=\"noopener nofollow\">El debate sobre el sportswashing<\/a> est\u00e1 encima de la mesa y habr\u00e1 que ver d\u00f3nde pone el l\u00edmite.<\/p>\n<p data-start=\"2048\" data-end=\"2178\">Pero con todo, lo de Kigali 2025 se recordar\u00e1 como un antes y un despu\u00e9s. El Mundial que llev\u00f3 al ciclismo al coraz\u00f3n de \u00c1frica.<\/p>\n<p data-start=\"2048\" data-end=\"2178\">Imagen: Alex Whitehead\/SWpix.com<\/p>\n<p data-start=\"2048\" data-end=\"2178\"><img loading=\"lazy\" decoding=\"async\" class=\"aligncenter\" src=\"data:image\/svg+xml,%3Csvg%20xmlns=\" http:=\"\" alt=\"\" width=\"1024\" height=\"400\" data-lazy-src=\"https:\/\/www.europesays.com\/es\/wp-content\/uploads\/2025\/07\/1753913949_219_1024x400-cicloturisme-joanseguidor.jpg\"\/><\/p>\n","protected":false},"excerpt":{"rendered":"Todo lo que nos gusta de los mundiales en Europa lo hemos tenido en Ruanda Pasados unos d\u00edas&hellip;\n","protected":false},"author":2,"featured_media":150132,"comment_status":"","ping_status":"","sticky":false,"template":"","format":"standard","meta":{"footnotes":""},"categories":[273],"tags":[313,312,168,25,24,2548,41314,23,167],"class_list":{"0":"post-150131","1":"post","2":"type-post","3":"status-publish","4":"format-standard","5":"has-post-thumbnail","7":"category-ciclismo","8":"tag-ciclismo","9":"tag-cycling","10":"tag-deportes","11":"tag-es","12":"tag-espana","13":"tag-featured","14":"tag-mundialciclismo","15":"tag-spain","16":"tag-sports"},"share_on_mastodon":{"url":"","error":""},"_links":{"self":[{"href":"https:\/\/www.europesays.com\/es\/wp-json\/wp\/v2\/posts\/150131","targetHints":{"allow":["GET"]}}],"collection":[{"href":"https:\/\/www.europesays.com\/es\/wp-json\/wp\/v2\/posts"}],"about":[{"href":"https:\/\/www.europesays.com\/es\/wp-json\/wp\/v2\/types\/post"}],"author":[{"embeddable":true,"href":"https:\/\/www.europesays.com\/es\/wp-json\/wp\/v2\/users\/2"}],"replies":[{"embeddable":true,"href":"https:\/\/www.europesays.com\/es\/wp-json\/wp\/v2\/comments?post=150131"}],"version-history":[{"count":0,"href":"https:\/\/www.europesays.com\/es\/wp-json\/wp\/v2\/posts\/150131\/revisions"}],"wp:featuredmedia":[{"embeddable":true,"href":"https:\/\/www.europesays.com\/es\/wp-json\/wp\/v2\/media\/150132"}],"wp:attachment":[{"href":"https:\/\/www.europesays.com\/es\/wp-json\/wp\/v2\/media?parent=150131"}],"wp:term":[{"taxonomy":"category","embeddable":true,"href":"https:\/\/www.europesays.com\/es\/wp-json\/wp\/v2\/categories?post=150131"},{"taxonomy":"post_tag","embeddable":true,"href":"https:\/\/www.europesays.com\/es\/wp-json\/wp\/v2\/tags?post=150131"}],"curies":[{"name":"wp","href":"https:\/\/api.w.org\/{rel}","templated":true}]}}