{"id":150133,"date":"2025-10-01T06:58:11","date_gmt":"2025-10-01T06:58:11","guid":{"rendered":"https:\/\/www.europesays.com\/es\/150133\/"},"modified":"2025-10-01T06:58:11","modified_gmt":"2025-10-01T06:58:11","slug":"alex-albon-y-una-chance-que-podria-cambiarlo-todo-para-franco-colapinto-de-cara-a-2026","status":"publish","type":"post","link":"https:\/\/www.europesays.com\/es\/150133\/","title":{"rendered":"Alex Albon y una chance que podr\u00eda cambiarlo todo para Franco Colapinto de cara a 2026"},"content":{"rendered":"\n<p>El Gran Premio de Azerbaiy\u00e1n no termin\u00f3 siendo lo que <strong><a href=\"https:\/\/www.mdzol.com\/temas\/franco-colapinto-61443.html\" class=\"agrupador\" rel=\"23463 nofollow noopener\" target=\"_blank\">Franco Colapinto<\/a><\/strong> esperaba. El piloto argentino inici\u00f3 la carrera de gran manera con su <strong><a href=\"https:\/\/www.mdzol.com\/temas\/alpine-21453.html\" class=\"agrupador\" rel=\"24156 nofollow noopener\" target=\"_blank\">Alpine<\/a><\/strong>, superando a varios rivales y acerc\u00e1ndose a la zona de puntos. Sin embargo, todo se complic\u00f3 cuando <strong><a href=\"https:\/\/www.mdzol.com\/temas\/alex-albon-50178.html\" class=\"agrupador\" rel=\"24869 nofollow noopener\" target=\"_blank\"> Alex Albon<\/a><\/strong>, su excompa\u00f1ero en <strong><a href=\"https:\/\/www.mdzol.com\/temas\/williams-13983.html\" class=\"agrupador\" rel=\"23708 nofollow noopener\" target=\"_blank\"> Williams<\/a><\/strong>, lo impact\u00f3 desde atr\u00e1s.<\/p>\n<p> La acci\u00f3n, considerada indebida, frustr\u00f3 las aspiraciones de <strong>Colapinto<\/strong>. <a href=\"https:\/\/www.mdzol.com\/deportes\/la-dura-decision-que-tomo-la-fia-alex-albon-chocar-franco-colapinto-baku-n1342541\" target=\"_blank\" rel=\"follow nofollow noopener\"><strong>Albon<\/strong> fue sancionado por los comisarios<\/a> y m\u00e1s tarde reconoci\u00f3 su error, pero el piloto argentino qued\u00f3 sin chances en una carrera que hab\u00eda comenzado con altas expectativas.<\/p>\n<p> El futuro de Albon y un posible beneficio para Colapinto <\/p>\n<p>Parad\u00f3jicamente, el mismo <strong>Albon <\/strong>podr\u00eda terminar siendo una pieza clave para el futuro del argentino en la <strong><a href=\"https:\/\/www.mdzol.com\/temas\/formula-661.html\" class=\"agrupador\" rel=\"22061 nofollow noopener\" target=\"_blank\">F\u00f3rmula 1<\/a><\/strong>. Seg\u00fan revel\u00f3 el medio especializado Motorsport, el tailand\u00e9s estar\u00eda en conversaciones con Red Bull para regresar al equipo del que fue apartado en 2020.<\/p>\n<p> A pesar de tener contrato con <strong>Williams <\/strong>hasta 2027, el piloto de 29 a\u00f1os gener\u00f3 inter\u00e9s en la escuder\u00eda austr\u00edaca por sus buenos resultados recientes. Desde Red Bull incluso admitieron que su salida en plena pandemia fue \u201cuna decisi\u00f3n apresurada\u201d.<\/p>\n<p> De concretarse esta movida, <strong>Williams <\/strong>liberar\u00eda un asiento que podr\u00eda ser ocupado por <strong>Colapinto<\/strong>, quien a\u00fan mantiene v\u00ednculo contractual con el equipo brit\u00e1nico a pesar de su cesi\u00f3n a Alpine.<\/p>\n<p>La cesi\u00f3n de Franco Colapinto a Alpine <\/p>\n<p>En enero pasado, la representante del argentino, Mar\u00eda Catarineu, explic\u00f3 los detalles del acuerdo. \u201c<strong>Williams <\/strong>cedi\u00f3 a Franco por cinco a\u00f1os a <strong>Alpine<\/strong>\u201d, confirm\u00f3. Sin embargo, aclar\u00f3 que su retorno no est\u00e1 descartado: \u201cEs una posibilidad que regrese cuando termine su cesi\u00f3n, pero de aqu\u00ed a cinco a\u00f1os puede pasar cualquier cosa\u201d.<\/p>\n<p>Sobre el aspecto econ\u00f3mico de la operaci\u00f3n, la m\u00e1nager indic\u00f3: \u201cDesconozco si se puso dinero\u201d. Tambi\u00e9n precis\u00f3 que, si otro equipo busca al piloto en las pr\u00f3ximas temporadas, las negociaciones deber\u00e1n realizarse directamente con <strong>Alpine<\/strong>.<\/p>\n<p>colapinto f\u00f3rmula 1   <\/p>\n<p>  <img decoding=\"async\" src=\"https:\/\/www.mdzol.com\/css-custom\/373\/lazy.svg\" data-td-src-property=\"https:\/\/media.mdzol.com\/p\/ad255d1a98a935047db356a1cab30fbb\/adjuntos\/373\/imagenes\/001\/761\/0001761089\/760x0\/514x464:534x484\/franco-colapinto-se-puso-la-par-gasly-las-ultimas-carreras-y-se-juega-su-futuro-alpine.jpg\" alt=\"La cesi\u00f3n de Franco Colapinto a Alpine no descarta un eventual regreso a Williams.\" title=\"La cesi\u00f3n de Franco Colapinto a Alpine no descarta un eventual regreso a Williams.\" width=\"760\" height=\"undefined\" id=\"1763625-Libre-2100368649_embed\"\/>  <\/p>\n<p data-start=\"693\" data-end=\"809\"> La cesi\u00f3n de Franco Colapinto a Alpine no descarta un eventual regreso a Williams.<\/p>\n<p>Instagram @alpinef1team<\/p>\n<p> En este escenario, el incidente en Bak\u00fa con <strong>Albon <\/strong>podr\u00eda terminar siendo el punto de partida de una oportunidad inesperada. Si el tailand\u00e9s regresa a Red Bull, <strong>Colapinto <\/strong>tendr\u00eda la chance de volver a <strong>Williams<\/strong>.<\/p>\n<p>De todas maneras, a pesar de la incertidumbre sobre su futuro inmediato en la M\u00e1xima, <strong>Colapinto <\/strong>ser\u00eda el favorito para continuar como piloto titular de Alpine el pr\u00f3ximo a\u00f1o. Si no surge algo m\u00e1s tentador\u2026<\/p>\n","protected":false},"excerpt":{"rendered":"El Gran Premio de Azerbaiy\u00e1n no termin\u00f3 siendo lo que Franco Colapinto esperaba. El piloto argentino inici\u00f3 la&hellip;\n","protected":false},"author":2,"featured_media":150134,"comment_status":"","ping_status":"","sticky":false,"template":"","format":"standard","meta":{"footnotes":""},"categories":[270],"tags":[168,25,24,306,271,272,23,167],"class_list":{"0":"post-150133","1":"post","2":"type-post","3":"status-publish","4":"format-standard","5":"has-post-thumbnail","7":"category-formula-1","8":"tag-deportes","9":"tag-es","10":"tag-espana","11":"tag-f1","12":"tag-formula-1","13":"tag-formula1","14":"tag-spain","15":"tag-sports"},"share_on_mastodon":{"url":"","error":""},"_links":{"self":[{"href":"https:\/\/www.europesays.com\/es\/wp-json\/wp\/v2\/posts\/150133","targetHints":{"allow":["GET"]}}],"collection":[{"href":"https:\/\/www.europesays.com\/es\/wp-json\/wp\/v2\/posts"}],"about":[{"href":"https:\/\/www.europesays.com\/es\/wp-json\/wp\/v2\/types\/post"}],"author":[{"embeddable":true,"href":"https:\/\/www.europesays.com\/es\/wp-json\/wp\/v2\/users\/2"}],"replies":[{"embeddable":true,"href":"https:\/\/www.europesays.com\/es\/wp-json\/wp\/v2\/comments?post=150133"}],"version-history":[{"count":0,"href":"https:\/\/www.europesays.com\/es\/wp-json\/wp\/v2\/posts\/150133\/revisions"}],"wp:featuredmedia":[{"embeddable":true,"href":"https:\/\/www.europesays.com\/es\/wp-json\/wp\/v2\/media\/150134"}],"wp:attachment":[{"href":"https:\/\/www.europesays.com\/es\/wp-json\/wp\/v2\/media?parent=150133"}],"wp:term":[{"taxonomy":"category","embeddable":true,"href":"https:\/\/www.europesays.com\/es\/wp-json\/wp\/v2\/categories?post=150133"},{"taxonomy":"post_tag","embeddable":true,"href":"https:\/\/www.europesays.com\/es\/wp-json\/wp\/v2\/tags?post=150133"}],"curies":[{"name":"wp","href":"https:\/\/api.w.org\/{rel}","templated":true}]}}