{"id":150139,"date":"2025-10-01T07:01:10","date_gmt":"2025-10-01T07:01:10","guid":{"rendered":"https:\/\/www.europesays.com\/es\/150139\/"},"modified":"2025-10-01T07:01:10","modified_gmt":"2025-10-01T07:01:10","slug":"esto-es-lo-que-ha-hecho-alex-gonzalez-para-perder-10-kilos-en-3-meses","status":"publish","type":"post","link":"https:\/\/www.europesays.com\/es\/150139\/","title":{"rendered":"esto es lo que ha hecho \u00c1lex Gonz\u00e1lez para perder 10 kilos en 3 meses"},"content":{"rendered":"<p>Tiene<strong> 45 a\u00f1os<\/strong> y puede presumir de ser uno de los actores m\u00e1s completos de su generaci\u00f3n. Gran parte del p\u00fablico le recuerda por su papel protagonista en El Pr\u00edncipe, un proyecto que le abri\u00f3 muchas puertas y que le posicion\u00f3 en lo m\u00e1s alto. Sin embargo, el repertorio de <strong>\u00c1lex Gonz\u00e1lez<\/strong> es mucho m\u00e1s amplio y en estos momentos est\u00e1 inmerso en la promoci\u00f3n de La sospecha de Sof\u00eda, la nueva pel\u00edcula de<strong> Imanol Uribe<\/strong>. En ocasiones, no se siente c\u00f3modo hablando de su vida privada y consecuentemente evita dar entrevistas. No obstante, durante el mes de septiembre ha hecho varias excepciones para dar a conocer los detalles de su \u00faltimo largometraje.<\/p>\n<p><strong>\u00c1lex Gonz\u00e1lez<\/strong> ha explicado que para grabar La sospecha de Sof\u00eda necesitaba perder mucho peso. Seg\u00fan cuenta, su director no le oblig\u00f3 a tomar esta decisi\u00f3n, fue \u00e9l quien decidi\u00f3 hacerlo para que el espectador viviese una experiencia m\u00e1s completa. Pero, <strong>\u00bfc\u00f3mo ha logrado su objetivo?<\/strong> Nosotros sabemos que no ha hablado con ning\u00fan nutricionista y tampoco ha utilizado Ozempic. Es m\u00e1s, reconoce que fue bastante imprudente y se propuso bajar mucho de peso en un espacio de tiempo bastante corto.<\/p>\n<p>\u00abNo me lo pidi\u00f3 nadie, pero ven\u00eda de rodar una serie en <strong>Rep\u00fablica Dominicana<\/strong>, morenito, en forma, s\u00faper sano\u2026 y pens\u00e9 que para mis personajes, que uno hab\u00eda pasado mucho tiempo en la c\u00e1rcel y el otro llevaba una vida muy poco sana, necesitaba adelgazar bastante\u00bb, empieza diciendo cuando le preguntan por este tema. Y despu\u00e9s a\u00f1ade: \u00ab<strong>Perd\u00ed diez kilos, lo hice a lo bestia, sin nutricionista ni nada<\/strong>, comiendo algunos d\u00edas solo un kiwi, dejando de entrenar. Lo hice muy mal, pero me program\u00e9 tres meses sabiendo que ten\u00eda una fecha de fin\u00bb. De todo esto <a href=\"https:\/\/okdiario.com\/happyfm\/alex-gonzalez-sincera-hormiguero-sobre-motivo-que-tuvo-que-pasar-quirofano-15477791\" rel=\"nofollow noopener\" target=\"_blank\">ha hablado con Pablo Motos durante una intervenci\u00f3n en El Hormiguero<\/a>. Por su parte, el presentador ha explicado que \u00e9l es un gran amante del deporte y que se siente muy c\u00f3modo llevando un estilo de vida activo y saludable.<\/p>\n<p>Podemos decir que <a href=\"https:\/\/okdiario.com\/happyfm\/quien-alex-gonzalez-edad-pareja-actual-nombre-real-12967767\" rel=\"nofollow noopener\" target=\"_blank\">\u00c1lex Gonz\u00e1lez<\/a> se ha ganado a pulso el coraz\u00f3n de la audiencia. Su charla con Pablo Motos ha sido uno de los programas m\u00e1s vistos del mes y el p\u00fablico tiene muchas ganas de verle en acci\u00f3n. Nosotros sabemos de qu\u00e9 trata su \u00faltima pel\u00edcula.<\/p>\n<p>El nuevo proyecto de \u00c1lex Gonz\u00e1lez<\/p>\n<p>Despu\u00e9s de El Pr\u00edncipe, <strong>\u00c1lex Gonz\u00e1lez estuvo un tiempo encasillado<\/strong> y siempre le ofrec\u00edan papeles del mismo estilo. Sin embargo, con el paso del tiempo demostr\u00f3 que su talento no conoc\u00eda fronteras y que estaba preparado para asimilar cualquier tipo de reto. De esta forma, han apostado por \u00e9l para protagonizar La sospecha de Sof\u00eda, una pel\u00edcula que promete marcar un antes y un despu\u00e9s en su carrera.<\/p>\n<p><img loading=\"lazy\" decoding=\"async\" class=\"size-medium wp-image-15503540\" alt=\"alex gonalez, deporte alez gonzalez, \" width=\"620\" height=\"413\"  src=\"https:\/\/www.europesays.com\/es\/wp-content\/uploads\/2025\/10\/alex-gonzalez-en-un-evento-620x413.jpg\" \/> \u00c1lex Gonz\u00e1lez en un evento. (Foto: Gtres)<\/p>\n<p>Cuando le preguntan por el argumento de su nuevo proyecto responde: \u00abLo puedo resumir en una pregunta, <strong>\u00bfqu\u00e9 har\u00edas si descubrieras que la persona con la que convives no es quien dice ser?<\/strong> Yo hago de dos hermanos gemelos, en las escenas en las que salen los dos hermanos ten\u00eda a un actor que me daba la r\u00e9plica y que fue muy generoso, ya que sab\u00eda que no iba a salir en c\u00e1mara\u00bb.<\/p>\n<p><strong>Gonz\u00e1lez explorar\u00e1 un terreno que, por desgracia para muchos, es demasiado frecuente en nuestra sociedad<\/strong>. Muchas veces no sabemos a qui\u00e9n nos enfrentamos ni a qui\u00e9n tenemos enfrente. Por ejemplo, el propio \u00c1lex esconde un secreto: varios d\u00edas a la semana sue\u00f1a que est\u00e1 en el espacio. Es algo que ya no quiere esconder y cuando le piden que d\u00e9 m\u00e1s datos dice: \u00ab<strong>S\u00ed, sue\u00f1o con eso unos tres d\u00edas a la semana, no s\u00e9 por qu\u00e9<\/strong>. Sue\u00f1o siempre con ver la tierra desde lejos, como un punto azul, y la oscuridad y el vac\u00edo del espacio me da much\u00edsima paz. Me encantar\u00eda poder ir al espacio, ser\u00eda un sue\u00f1o, pero tendr\u00eda que hacer much\u00edsimas pel\u00edculas para poder hacerlo realidad\u00bb.<\/p>\n<p>\u00c1lex Gonz\u00e1lez y su vida privada<\/p>\n<p>Durante su charla con Pablo Motos, <a href=\"https:\/\/okdiario.com\/sociedad\/gesto-alex-gonzalez-que-hace-saltar-todas-alarmas-15486168\" rel=\"nofollow noopener\" target=\"_blank\">el protagonista de nuestra noticia dio algunos detalles sobre su vida privada<\/a> que hasta la fecha eran un misterio. No fueron pocos los que notaron que le pasaba algo en la nariz y el actor ha admitido que se ha sometido a una operaci\u00f3n, aunque ha hecho un matiz importante: el motivo que hay detr\u00e1s no tiene nada que ver con una cuesti\u00f3n superficial. \u00ab<strong>No es est\u00e9tica, fue hace diez d\u00edas, y todav\u00eda tengo los puntos<\/strong>; as\u00ed que, si se me escapa uno, av\u00edsame y no hagas como el t\u00edpico trozo de lechuga del que nadie te dice nada\u00bb, ha comentado al respecto.<\/p>\n<p>Pablo Motos, haciendo gala del sentido del humor que siempre le ha caracterizado, le respondi\u00f3: <strong>\u00abTe ha quedado mejor que la de Andy\u00bb<\/strong>. Para entender esta broma hay que recordar que el cantante de<strong> Andy y Lucas<\/strong> lleva un tiempo luchando contra un problema que ha revolucionado las redes sociales. Tuvo que hacerse una operaci\u00f3n en la nariz, el resultado no fue el esperado y algunos se est\u00e1n burlando de \u00e9l.<\/p>\n","protected":false},"excerpt":{"rendered":"Tiene 45 a\u00f1os y puede presumir de ser uno de los actores m\u00e1s completos de su generaci\u00f3n. Gran&hellip;\n","protected":false},"author":2,"featured_media":150140,"comment_status":"","ping_status":"","sticky":false,"template":"","format":"standard","meta":{"footnotes":""},"categories":[174],"tags":[255,146,147,25,24,256,23],"class_list":{"0":"post-150139","1":"post","2":"type-post","3":"status-publish","4":"format-standard","5":"has-post-thumbnail","7":"category-famosos","8":"tag-celebrities","9":"tag-entertainment","10":"tag-entretenimiento","11":"tag-es","12":"tag-espana","13":"tag-famosos","14":"tag-spain"},"share_on_mastodon":{"url":"","error":""},"_links":{"self":[{"href":"https:\/\/www.europesays.com\/es\/wp-json\/wp\/v2\/posts\/150139","targetHints":{"allow":["GET"]}}],"collection":[{"href":"https:\/\/www.europesays.com\/es\/wp-json\/wp\/v2\/posts"}],"about":[{"href":"https:\/\/www.europesays.com\/es\/wp-json\/wp\/v2\/types\/post"}],"author":[{"embeddable":true,"href":"https:\/\/www.europesays.com\/es\/wp-json\/wp\/v2\/users\/2"}],"replies":[{"embeddable":true,"href":"https:\/\/www.europesays.com\/es\/wp-json\/wp\/v2\/comments?post=150139"}],"version-history":[{"count":0,"href":"https:\/\/www.europesays.com\/es\/wp-json\/wp\/v2\/posts\/150139\/revisions"}],"wp:featuredmedia":[{"embeddable":true,"href":"https:\/\/www.europesays.com\/es\/wp-json\/wp\/v2\/media\/150140"}],"wp:attachment":[{"href":"https:\/\/www.europesays.com\/es\/wp-json\/wp\/v2\/media?parent=150139"}],"wp:term":[{"taxonomy":"category","embeddable":true,"href":"https:\/\/www.europesays.com\/es\/wp-json\/wp\/v2\/categories?post=150139"},{"taxonomy":"post_tag","embeddable":true,"href":"https:\/\/www.europesays.com\/es\/wp-json\/wp\/v2\/tags?post=150139"}],"curies":[{"name":"wp","href":"https:\/\/api.w.org\/{rel}","templated":true}]}}