{"id":150143,"date":"2025-10-01T07:04:20","date_gmt":"2025-10-01T07:04:20","guid":{"rendered":"https:\/\/www.europesays.com\/es\/150143\/"},"modified":"2025-10-01T07:04:20","modified_gmt":"2025-10-01T07:04:20","slug":"fernando-tejero-desvela-como-funciona-masterchef-esta-todo-guionizado-a-mi-me-decian-por-el-pinganillo-que-le-diese-cana-a-loles-leon-la-voz-de-galicia","status":"publish","type":"post","link":"https:\/\/www.europesays.com\/es\/150143\/","title":{"rendered":"Fernando Tejero desvela c\u00f3mo funciona \u00abMasterchef\u00bb: \u00abEst\u00e1 todo guionizado, a m\u00ed me dec\u00edan por el pinganillo que le diese ca\u00f1a a Loles Le\u00f3n\u00bb &#8211; La Voz de Galicia"},"content":{"rendered":"<ol>\n<li><a href=\"https:\/\/news.google.com\/rss\/articles\/CBMilwJBVV95cUxOdEFBcGVNX1c0N2pnOWZBOVFsWjNMNmI5WUU3MWZWUS1XVEhFZHg0bWZPWXhrVzkwaWU0N1dFcjBKaS1fUDhFWGxZYWsyVVR5NGpaM1FjVExKZEdDTzNFNDlISEpVbDhXemZSTnNOZW5DRFZ3UmNkZi1GWVlaaW94UDAwS2ZVTjJUazlWZzI1S0tCNVNMSFEwNV9fNmRuRzFPdlFCMVROXzhPdHF6ejluY19IV1B3YjZrZURNMlB5bjhsRjFZTHZTSG9HdzJLd3Y5ZmFUUnBGLURDeU5CWXRRNDAwWS0yVlRVT0hJTWV0ME15eDhiY0pzTFZxaVVpQ2ZkY3JDUWxrQ2t6cTJfajRBRk1naFBWS1XSAbMCQVVfeXFMTWhMX0xxQWhFTndFWTFsY2ZxbWxpbFFyckl0c0dwazQyZ01YeUpZWUU0WXN6b3hpRHoyejg2YWJPQlVBN0Q3d0RVYW1DYzg5cUlrNzFzZ2FqemRPRVVCNXQ1RUV2dnViRVRkWW5iSE9rRG5kYkVJZUlXVE5OaUpyNWY3dWRyZ3c5dXUyeDJyY3FZaDRUOFhoaklZckNKSDRaVDFINjRHU1J4anhpdGctc0FvcmtXcnhpcERlbnpaSEJJalc0SFJLZElRQUdZamtMUVRKVm10Z3BSX21najRWdFZjZGtLT3p6cTRNMmxFbUJpLTJMVEM0clRjV2Mxb1ZDY0lmeHhsMTVVcERxeG9oUGlHUTlFeXNnOGVnOFNvanNpeFZ5cDI4T1VMWlNmWlhNalpzbw?oc=5\" target=\"_blank\" rel=\"nofollow noopener\">Fernando Tejero desvela c\u00f3mo funciona \u00abMasterchef\u00bb: \u00abEst\u00e1 todo guionizado, a m\u00ed me dec\u00edan por el pinganillo que le diese ca\u00f1a a Loles Le\u00f3n\u00bb<\/a>&nbsp;&nbsp;La Voz de Galicia<\/li>\n<li><a href=\"https:\/\/news.google.com\/rss\/articles\/CBMipAFBVV95cUxQSTFGTVl4NWVLdkVHNlN4eE5ySkNIOWgxN2x2WFNVYVBmTlJaWUhETU5oVTB0S3VQUEJndkFqR0NHNmViSlN3TG5sTmR5X0wwdHRHbnJlcFBVMGI0RXVkU1l4LTdHVlZSc0JVRV8wSjN5OVdval8zV2pXZUlvMVVQT3VPZjNGTEZYMDBlNnVVWnpOWEZGZUM3QV9xdUlRNnBMa2pVRtIBuAFBVV95cUxPTFl5azZLMXRpMUw2ejhVQ09HdGxyRXBfdzBVZjcyc0EzbW5ZMGdudEFESWR0a3RQcG5ZR0hxaUJuY3N0UHRQcFAzZERoUWtiU2o5Q0RYNFc5MjNOMXhCalk2Zm5ORGtxclRBVnB0dERNX2NRZVpUSGlTdG1oOHVNelhhQ19sWFB4Y2FPZGZwa3RZOEZ0RWRJRWNGS3h1UEhfbjVyWTNjT3JxaXJDd3VVaElaa1FadHFl?oc=5\" target=\"_blank\" rel=\"nofollow noopener\">Fernando Tejero explota contra \u2018MasterChef\u2019: \u201cLos hijos de p&#8230; estos me van a joder la vida\u201d<\/a>&nbsp;&nbsp;Diario AS<\/li>\n<li><a href=\"https:\/\/news.google.com\/rss\/articles\/CBMikwJBVV95cUxNYTdNdUdWaElwclpUSU1EU1JyVWR6V09fYTNnaWZiM3ZfcUU4WjZ3SmNkQlB5bmNCOFQxWV9DdXlMU1MzSWJNZ1R2Ml81eWZkTjBjYnNXYmRPQUQ2bWNVTUE4VEYtVElHS013Q1RWQ1NGd1pESFhmcFQ2ZVlCaFRYMWtBTVF4Z0ppdUM5TnNKcTFVdHN6Rm1KU1Etb0RZeG1wTkZsbGRzUEx2R0Y5NVFaaUdfUFlRMFBMOFRKMjR5NURJemJyRS1NZ3BKRUNWbWI4Qzh2N25Jd3haZFF2bi11a25PdXVTejA5aUhSc0IwdklxZ3RKNUlTRHF0aFlrQnNJZ1B1YkF2SG5OeVF0di1ZMmNLVQ?oc=5\" target=\"_blank\" rel=\"nofollow noopener\">Fernando Tejero, actor, 60 a\u00f1os: \u00bb&#8217;Masterchef Celebrity&#8217; est\u00e1 guionizado. Me dec\u00edan que le diera ca\u00f1a a Loles Le\u00f3n. Me dio ansiedad verlo\u00bb<\/a>&nbsp;&nbsp;La Vanguardia<\/li>\n<li><a href=\"https:\/\/news.google.com\/rss\/articles\/CBMiugFBVV95cUxPT3ZCT3dteVNqc0hpd3VKeS1IV3JWa3NWcHRPQ3hPTkdsU3lSQ0ZEeTlNZVlPa09kbjFEa0JzNkpBUkNjemlBRnBfSXhhMEhDZjQ0bHc4OUgzWkxjU0ZjWml6TTlaaFJzeWw4UDF4WjNtTDlxYnZkcWgyTkJpY0RLRHZSOE5jNTJEMVBvcnMxdXYtS3cyTnU1WVJBRm5EUk5zVlR1NjdNZ0Z2aEZEWGIwUjJ2aWc5MWhfdkE?oc=5\" target=\"_blank\" rel=\"nofollow noopener\">Fernando Tejero revienta \u2018MasterChef Celebrity\u2019: \u201cEst\u00e1 guionizado. Por el pinganillo me dec\u00edan lo que ten\u00eda que decir\u201d<\/a>&nbsp;&nbsp;Lecturas<\/li>\n<li><a href=\"https:\/\/news.google.com\/rss\/articles\/CBMiwgFBVV95cUxPVkdvbm5BNlozdG5EUlpaRTh0RXAxMjVmaTdkamtacTZoX3NJcTEtNGdSOGZxbGlxQ1o5Ti1JejFXMmN3UW04WjgzVjdoMXZwZmpIVWxQazdfajZxVVRZRTVsb1R2NHc4OXNVT3M4TUVZSGFwVnJnbmRYQnEzRjFSaFlzeFRSU1E3Z1hVWU5xWHFmYXZ4dkttMVdZTFh5N2YzNGtBLUlLMTFVRGFaM0Y5cUVXdnNSdUV1WUxBZ2lXYTNZZw?oc=5\" target=\"_blank\" rel=\"nofollow noopener\">Fernando Tejero, descontento con &#8216;MasterChef Celebrity&#8217;, saca a la luz la verdad de sus rodajes: \u00abMe van a hundir la vida\u00bb<\/a>&nbsp;&nbsp;ABC<\/li>\n<\/ol>\n","protected":false},"excerpt":{"rendered":"Fernando Tejero desvela c\u00f3mo funciona \u00abMasterchef\u00bb: \u00abEst\u00e1 todo guionizado, a m\u00ed me dec\u00edan por el pinganillo que le&hellip;\n","protected":false},"author":2,"featured_media":150144,"comment_status":"","ping_status":"","sticky":false,"template":"","format":"standard","meta":{"footnotes":""},"categories":[171],"tags":[146,147,25,24,15297,23,214],"class_list":{"0":"post-150143","1":"post","2":"type-post","3":"status-publish","4":"format-standard","5":"has-post-thumbnail","7":"category-tv","8":"tag-entertainment","9":"tag-entretenimiento","10":"tag-es","11":"tag-espana","12":"tag-masterchef","13":"tag-spain","14":"tag-tv"},"share_on_mastodon":{"url":"","error":""},"_links":{"self":[{"href":"https:\/\/www.europesays.com\/es\/wp-json\/wp\/v2\/posts\/150143","targetHints":{"allow":["GET"]}}],"collection":[{"href":"https:\/\/www.europesays.com\/es\/wp-json\/wp\/v2\/posts"}],"about":[{"href":"https:\/\/www.europesays.com\/es\/wp-json\/wp\/v2\/types\/post"}],"author":[{"embeddable":true,"href":"https:\/\/www.europesays.com\/es\/wp-json\/wp\/v2\/users\/2"}],"replies":[{"embeddable":true,"href":"https:\/\/www.europesays.com\/es\/wp-json\/wp\/v2\/comments?post=150143"}],"version-history":[{"count":0,"href":"https:\/\/www.europesays.com\/es\/wp-json\/wp\/v2\/posts\/150143\/revisions"}],"wp:featuredmedia":[{"embeddable":true,"href":"https:\/\/www.europesays.com\/es\/wp-json\/wp\/v2\/media\/150144"}],"wp:attachment":[{"href":"https:\/\/www.europesays.com\/es\/wp-json\/wp\/v2\/media?parent=150143"}],"wp:term":[{"taxonomy":"category","embeddable":true,"href":"https:\/\/www.europesays.com\/es\/wp-json\/wp\/v2\/categories?post=150143"},{"taxonomy":"post_tag","embeddable":true,"href":"https:\/\/www.europesays.com\/es\/wp-json\/wp\/v2\/tags?post=150143"}],"curies":[{"name":"wp","href":"https:\/\/api.w.org\/{rel}","templated":true}]}}