{"id":150158,"date":"2025-10-01T07:13:11","date_gmt":"2025-10-01T07:13:11","guid":{"rendered":"https:\/\/www.europesays.com\/es\/150158\/"},"modified":"2025-10-01T07:13:11","modified_gmt":"2025-10-01T07:13:11","slug":"el-tiempo-hoy-1-de-octubre-en-espana-la-inestabilidad-continua-en-el-area-mediterranea-rtve-es","status":"publish","type":"post","link":"https:\/\/www.europesays.com\/es\/150158\/","title":{"rendered":"El tiempo hoy 1 de octubre en Espa\u00f1a: La inestabilidad contin\u00faa en el \u00e1rea mediterr\u00e1nea &#8211; RTVE.es"},"content":{"rendered":"<ol>\n<li><a href=\"https:\/\/news.google.com\/rss\/articles\/CBMihwFBVV95cUxORGZiMmkwenk4WDFKYmpuMzY2WUdUVHMyZmo3dkp1cFJXbmZKbEJCY1RVdzdEcFNiZmU1OGx0Mjc5c1ROTU1Na1IxTngwMzl5cW1yWTU4SDJPVzBWQjdaa1FYSFpXVnVZSGdEQlE0WDZhUkxINFNndy1XSTdaSGVuYlo2OFllM2fSAYcBQVVfeXFMTU56anRWWHZBSnZiSnFnSHF4ai1SMGlkcmtKLS00U0Q1WU1rSU5yTTR0UHhsTzJESkZwSzZyMzBfUXlzMFhNeEhBQkZ2MmVZY19YNzNCTGwyaFVOWHlhN08tZEEwQmtxMDk2b0MyN1MwNTBMOWQyQ3VGdWJ3T2NHenlESEhPM3hV?oc=5\" target=\"_blank\" rel=\"nofollow noopener\">El tiempo hoy 1 de octubre en Espa\u00f1a: La inestabilidad contin\u00faa en el \u00e1rea mediterr\u00e1nea<\/a>&nbsp;&nbsp;RTVE.es<\/li>\n<li><a href=\"https:\/\/news.google.com\/rss\/articles\/CBMixAFBVV95cUxNemtRaUw0OGI0Y25iOWJoTGZRX0hLdXdYZUxUN2lwUGYzQ0c2WGk2Q1FsTnpxWENLZkdzVjlvVEp0WWI3YU9LNXhVYXpkYktGMTRCc0dhWTBweFdIc044RDlJQXpLaGxrUnJRRlcwNlBrZ1hLcDlMdHRvc1ltekF6NVF0LU9vcVNWbGlKcUVDbUt5RFVtRFRDaHQwT2lsN2RZS0VQeHlfcEVxcmFIVlN0eE9qZ3JJMW5iNnJFMnVMRlNfeVFf?oc=5\" target=\"_blank\" rel=\"nofollow noopener\">El temporal de lluvias remite, pero la Aemet no descarta algunos chubascos en el Mediterr\u00e1neo<\/a>&nbsp;&nbsp;elDiario.es<\/li>\n<li><a href=\"https:\/\/news.google.com\/rss\/articles\/CBMi1wFBVV95cUxPTzNaVjFiektWTDNOcVJEQ2drVkl5RThEeVVjMF81b3Q5RG9wSmg0ei1rdXpxeEF2Z01pbW83eVdsLVRYUWJUeEZwRXQ4UmY3WXZISEV5aDhkRWJvS3V2OUdfN2h3WGliQjJFV2YzMWFYVVJaQkZ3Mkt4SEVxVEEtMFd6QVYtVXd6T1BfOHhzVTZGQmY1a1dXS2xQTnBpdFlZeDB1bDFEbXhLVGhTd1NCUzFZRlZDeHVBbzBDcEpqOXFHVlhfUmlxeTdRbUNsc3FnLVllUkJBbw?oc=5\" target=\"_blank\" rel=\"nofollow noopener\">AEMET confirma un cambio brusco de tiempo con la llegada de octubre: \u201cSe prev\u00e9 tiempo estable en buena parte del pa\u00eds\u201d<\/a>&nbsp;&nbsp;La Vanguardia<\/li>\n<li><a href=\"https:\/\/news.google.com\/rss\/articles\/CBMivAFBVV95cUxQT2J0aHRFWWprSW5SM3h0UERpbDVoTi03VGhqLTJ5TURPcE9jb05BUjFoeE83U01tV1ViRlExVTlLajNHOFBfazZGZTJkakhzZUJKbnVNMVI5ZG41VTItU0JnanhwOGxOemRhM3AwdzJHS1R6TWRaaXV0cmpRQWJrV3c4LW5sdncxemdiNEhTQmpyR2IwYU9PMERGYnhXMkd5MVFhdmE3MkFlSk56TUhqQWtkTkd2RmNmTnBDatIByAFBVV95cUxPcTRWLUd5cjBxYXVuUWxMX0ViMjFkYy1jTzFpSkpqYUZuNm9rdGZPdUtsdnhBOFRtZl9oYmRvaHg4b0xveHNFUndKRU50OVhuZHEyT3ZVWUlGY1RpV19GT3NmM18wRlY4ZXA2aXBkNHFyWmhWaWVpcUZncVV5UFgtTldLblI3X1VtVFVadmx2NG5XM3MyZC1VTGMxcVlaS3dxMjZPTWtBTEU0aGtaZjVnd2NJVzIzSGxJZ1UwaDBJWmxQT3dGR1ByYg?oc=5\" target=\"_blank\" rel=\"nofollow noopener\">La Aemet prev\u00e9 un mi\u00e9rcoles estable, pero con chubascos en Valencia y este de Andaluc\u00eda<\/a>&nbsp;&nbsp;telecinco.es<\/li>\n<li><a href=\"https:\/\/news.google.com\/rss\/articles\/CBMiiwJBVV95cUxNa0F1Y2V5X0pKbVZEcER5YmhOU2UyWm9QZS1LOUNkakQ4ZzdpbEFiVGw2MlpLam1iZkNEN3ZieXhaTGdpTUtub2RyUFEwa3RDSEUwRkNEUHA3c3U0V2x5d1g0MW1xS0xSSlpjRmVLRzhvcFpULUcxLXdsSkw1anJfTlJVMTItUnRLUFZqMkpVV2o3NUl4VkIzalVCZHdNaWt4N0VyZmkyclJMeEMtSU1iaWtsdnItSkhqQTduTVo0Nlp4cl8xTjl5ako5N1BVZFVjbFBEUXNDeDlWRUFuTE9rS3dkMUtpdVRMeUFfM3lDems5VTlDN0h1bTRvelR5UjlCQzgwMTlBa2gzVDQ?oc=5\" target=\"_blank\" rel=\"nofollow noopener\">Jornada estable en gran parte del pa\u00eds, pero con chubascos en el Mediterr\u00e1neo y Baleares<\/a>&nbsp;&nbsp;MSN<\/li>\n<\/ol>\n","protected":false},"excerpt":{"rendered":"El tiempo hoy 1 de octubre en Espa\u00f1a: La inestabilidad contin\u00faa en el \u00e1rea mediterr\u00e1nea&nbsp;&nbsp;RTVE.es El temporal de&hellip;\n","protected":false},"author":2,"featured_media":149530,"comment_status":"","ping_status":"","sticky":false,"template":"","format":"standard","meta":{"footnotes":""},"categories":[8],"tags":[17,18,25,24,13,14,11,19,20,9,10,15,16,23,12,21,22],"class_list":{"0":"post-150158","1":"post","2":"type-post","3":"status-publish","4":"format-standard","5":"has-post-thumbnail","7":"category-espana","8":"tag-breaking-news","9":"tag-breakingnews","10":"tag-es","11":"tag-espana","12":"tag-featured-news","13":"tag-featurednews","14":"tag-headlines","15":"tag-latest-news","16":"tag-latestnews","17":"tag-news","18":"tag-noticias","19":"tag-noticias-destacadas","20":"tag-noticiasdestacadas","21":"tag-spain","22":"tag-titulares","23":"tag-ultimas-noticias","24":"tag-ultimasnoticias"},"share_on_mastodon":{"url":"","error":""},"_links":{"self":[{"href":"https:\/\/www.europesays.com\/es\/wp-json\/wp\/v2\/posts\/150158","targetHints":{"allow":["GET"]}}],"collection":[{"href":"https:\/\/www.europesays.com\/es\/wp-json\/wp\/v2\/posts"}],"about":[{"href":"https:\/\/www.europesays.com\/es\/wp-json\/wp\/v2\/types\/post"}],"author":[{"embeddable":true,"href":"https:\/\/www.europesays.com\/es\/wp-json\/wp\/v2\/users\/2"}],"replies":[{"embeddable":true,"href":"https:\/\/www.europesays.com\/es\/wp-json\/wp\/v2\/comments?post=150158"}],"version-history":[{"count":0,"href":"https:\/\/www.europesays.com\/es\/wp-json\/wp\/v2\/posts\/150158\/revisions"}],"wp:featuredmedia":[{"embeddable":true,"href":"https:\/\/www.europesays.com\/es\/wp-json\/wp\/v2\/media\/149530"}],"wp:attachment":[{"href":"https:\/\/www.europesays.com\/es\/wp-json\/wp\/v2\/media?parent=150158"}],"wp:term":[{"taxonomy":"category","embeddable":true,"href":"https:\/\/www.europesays.com\/es\/wp-json\/wp\/v2\/categories?post=150158"},{"taxonomy":"post_tag","embeddable":true,"href":"https:\/\/www.europesays.com\/es\/wp-json\/wp\/v2\/tags?post=150158"}],"curies":[{"name":"wp","href":"https:\/\/api.w.org\/{rel}","templated":true}]}}