{"id":150162,"date":"2025-10-01T07:19:11","date_gmt":"2025-10-01T07:19:11","guid":{"rendered":"https:\/\/www.europesays.com\/es\/150162\/"},"modified":"2025-10-01T07:19:11","modified_gmt":"2025-10-01T07:19:11","slug":"torneo-de-tokio-2025-alcaraz-descarta-shanghai-para-proteger-el-tobillo-tenis-deportes","status":"publish","type":"post","link":"https:\/\/www.europesays.com\/es\/150162\/","title":{"rendered":"Torneo de Tokio 2025: Alcaraz descarta Shangh\u00e1i para proteger el tobillo | Tenis | Deportes"},"content":{"rendered":"<p class=\"\">Despu\u00e9s de recoger <a href=\"https:\/\/elpais.com\/deportes\/tenis\/2025-09-30\/alcaraz-disuelve-a-fritz-se-corona-en-tokio-y-abrillanta-un-curso-excepcional.html\" rel=\"nofollow noopener\" target=\"_blank\">el trofeo de campe\u00f3n en Tokio<\/a>, pasar por el vestuario y consensuarlo con su equipo, Carlos Alcaraz anunci\u00f3 por medio de sus redes sociales que no jugar\u00e1 los pr\u00f3ximos d\u00edas en el Masters 1000 de Shangh\u00e1i con el objetivo de preservar el tobillo izquierdo que se lastim\u00f3 durante el partido de la primera ronda del torneo nip\u00f3n, el jueves ante el argentino Sebasti\u00e1n B\u00e1ez. Esa noche de sobresalto, el n\u00famero uno cay\u00f3 tendido sobre la pista despu\u00e9s de sufrir una torcedura al ir a cazar una dejada, cuando tan solo hab\u00edan transcurrido 20 minutos y cuatro juegos, con el 2-2. Pese a ello, el tenista se sobrepuso y no solo sorte\u00f3 el estreno, sino que termin\u00f3 atrapando su octavo trofeo del a\u00f1o.<\/p>\n<p class=\"\">Las manos y el cuidado del fisio y preparador f\u00edsico <a href=\"https:\/\/elpais.com\/especiales\/2020\/carlos-alcaraz-la-luz-para-el-tenis-del-manana\/\" rel=\"nofollow noopener\" target=\"_blank\">en el que conf\u00eda desde 2019<\/a>, Juanjo Moreno, han sido trascendentales para este \u00faltimo \u00e9xito localizado en Jap\u00f3n, que sin embargo invita a la pausa con el objetivo de que el tenista se recupere al cien por cien de la dolencia en la articulaci\u00f3n. Alcaraz, de 22 a\u00f1os, generaci\u00f3n 2003, ha competido durante los seis \u00faltimos d\u00edas con el tobillo envuelto por un vendaje compresor y bajo los par\u00e1metros transmitidos por el especialista, quien, en la l\u00ednea del resto de los componentes del banquillo del jugador, se ech\u00f3 las manos a la cabeza cuando \u00e9ste permaneci\u00f3 durante un par de minutos tendido sobre la pista, sin poder incorporarse por s\u00ed solo, temi\u00e9ndose una lesi\u00f3n importante.<\/p>\n<p>M\u00e1s informaci\u00f3n<\/p>\n<p class=\"\">\u201cLo he notado los cinco primeros minutos, pero despu\u00e9s he podido jugar con relativa normalidad\u201d, afirmaba el jueves Alcaraz, que en las siguientes rondas continu\u00f3 ofreciendo un nivel excepcional, corroborado en la final de este martes contra el estadounidense Taylor Fritz, quinto del mundo y que hace unos d\u00edas le hab\u00eda vencido el la Laver Cup. \u201cQuiero hacer una menci\u00f3n especial para Juanjo, soy muy afortunado de tenerte conmigo\u201d, enfatiz\u00f3 el campe\u00f3n, que a lo largo de su todav\u00eda corto recorrido ya hab\u00eda tenido que atravesar por circunstancias similares. Por ejemplo, el curso pasado, cuando al ir a hacer un apoyo se torci\u00f3 el tobillo derecho <a href=\"https:\/\/elpais.com\/deportes\/tenis\/2024-02-21\/una-torcedura-de-tobillo-aparta-a-alcaraz-de-rio-de-janeiro.html\" rel=\"nofollow noopener\" target=\"_blank\">en de R\u00edo de Janeiro<\/a>. <\/p>\n<tr>El 2025 de AlcarazResultadoT\u00edtuloRanking<\/tr>\n<tr>\n<td>Open de Australia<\/td>\n<td>Cuartos de final<\/td>\n<td\/>\n<td>3\u00ba<\/td>\n<\/tr>\n<tr>\n<td><b>R\u00f3terdam<\/b><\/td>\n<td>Campe\u00f3n<\/td>\n<td>\u2022<\/td>\n<td>3\u00ba<\/td>\n<\/tr>\n<tr>\n<td>Doha<\/td>\n<td>Cuartos de final<\/td>\n<td\/>\n<td>3\u00ba<\/td>\n<\/tr>\n<tr>\n<td>Indian Wells<\/td>\n<td>Semifinales<\/td>\n<td\/>\n<td>3\u00ba<\/td>\n<\/tr>\n<tr>\n<td>Miami<\/td>\n<td>Primera ronda<\/td>\n<td\/>\n<td>3\u00ba<\/td>\n<\/tr>\n<tr>\n<td><b>Montecarlo<\/b><\/td>\n<td>Campe\u00f3n<\/td>\n<td>\u2022<\/td>\n<td>2\u00ba<\/td>\n<\/tr>\n<tr>\n<td>Barcelona<\/td>\n<td>Final<\/td>\n<td\/>\n<td>3\u00ba<\/td>\n<\/tr>\n<tr>\n<td><b>Roma<\/b><\/td>\n<td>Campe\u00f3n<\/td>\n<td>\u2022<\/td>\n<td>2\u00ba<\/td>\n<\/tr>\n<tr>\n<td><b>Roland Garros<\/b><\/td>\n<td>Campe\u00f3n<\/td>\n<td>\u2022<\/td>\n<td>2\u00ba<\/td>\n<\/tr>\n<tr>\n<td><b>Queen\u2019s<\/b><\/td>\n<td>Campe\u00f3n<\/td>\n<td>\u2022<\/td>\n<td>2\u00ba<\/td>\n<\/tr>\n<tr>\n<td>Wimbledon<\/td>\n<td>Final<\/td>\n<td\/>\n<td>2\u00ba<\/td>\n<\/tr>\n<tr>\n<td><b>Cincinnati<\/b><\/td>\n<td>Campe\u00f3n<\/td>\n<td>\u2022<\/td>\n<td>2\u00ba<\/td>\n<\/tr>\n<tr>\n<td><b>US Open<\/b><\/td>\n<td>Campe\u00f3n<\/td>\n<td>\u2022<\/td>\n<td>1\u00ba<\/td>\n<\/tr>\n<tr>\n<td><b>Tokio<\/b><\/td>\n<td>Campe\u00f3n<\/td>\n<td>\u2022<\/td>\n<td>1\u00ba<\/td>\n<\/tr>\n<p class=\"\">All\u00ed, en la primera ronda del torneo brasile\u00f1o, lo intent\u00f3 pero no pudo continuar debido a un esguince moderado (grado II). En esta ocasi\u00f3n, sin embargo, Alcaraz ha podido seguir adelante y lograr su octavo t\u00edtulo de la temporada. Su mejor a\u00f1o. Lidera los registros en t\u00e9rminos de premios victorias (66), premios (8) y tambi\u00e9n de los puntos asociados a la carrera anual (por primera vez, por encima de los 10.000). \u201cSin duda alguna, esta es la mejor temporada de mi carrera deportiva. Ocho t\u00edtulos, diez finales [cay\u00f3 en las de Barcelona y Wimbledon, ante el dan\u00e9s Holger Rune y Jannik Sinner, respectivamente]\u2026 Todo eso pone de manifiesto lo duro que he trabajado desde el inicio\u201d, se\u00f1al\u00f3.<\/p>\n<p><b>Riad, siguiente parada<\/b><\/p>\n<p class=\"\">Desde que ingresase hace cinco a\u00f1os en la \u00e9lite, el c\u00edrculo de Alcaraz ha hecho mucho \u00e9nfasis en que el tenista, todav\u00eda en plena construcci\u00f3n f\u00edsica, t\u00e9cnica y estrat\u00e9gica, comprenda que debe mirar siempre a largo plazo desde el punto de vista de la prevenci\u00f3n. Ante la duda, parar. Nada de quemar el cuerpo ni exponerse a riesgos que podr\u00edan llegar a ser contraproducentes en perspectiva. Apetitosa la cita de Shangh\u00e1i, teniendo en cuenta la din\u00e1mica y que all\u00ed podr\u00eda coincidir otra vez con Sinner, pero desaconsejable una vez evaluado el desgaste acumulado durante estos d\u00edas. El tobillo, considera Moreno, requiere ahora de reposo y m\u00e1s tratamiento, de ah\u00ed el inmediato comunicado.<\/p>\n<p><img decoding=\"auto\" class=\"_re lazyload a_m-h\" height=\"276\"  width=\"414\"  src=\"https:\/\/www.europesays.com\/es\/wp-content\/uploads\/2025\/10\/KFHEFZV5YBL7VM53O64SPCKIWE.jpg\" loading=\"lazy\"\/>De izquierda a derecha, en torno al tenista: Samuel L\u00f3pez (t\u00e9cnico), Tom\u00e1s Noguera (primo del padre), Juanjo Moreno (fisio y preparador f\u00edsico), Carlos Alcaraz (padre), Albert Molina (agente), \u00c1lex S\u00e1nchez (preparador) y su hermano \u00c1lvaro.KIYOSHI OTA (EFE)<\/p>\n<p class=\"\">De haber optado por acudir all\u00ed, el l\u00edder del circuito tendr\u00eda que haber saltado a la pista de nuevo el viernes o el s\u00e1bado; es decir, con un estrecho margen de tres o cuatro d\u00edas. Demasiado poco. \u201cCreemos que lo mejor es descansar y recuperarme\u201d, expres\u00f3 el de El Palmar, que la temporada anterior progres\u00f3 hasta los cuartos de final en la cita china, superado entonces por el checo Tomas Machac. Esto, en cualquier caso, no afecta a su posici\u00f3n en el ranking y por ello, postergar\u00e1 la reaparici\u00f3n del 15 al 18 de octubre en el Six Kings Slam, la millonaria exhibici\u00f3n saud\u00ed \u2014sin influencia alguna de cara a la competici\u00f3n, simple show\u2014 que ya disput\u00f3 el a\u00f1o pasado, coincidiendo con Rafael Nadal.<\/p>\n<p class=\"\">En 2025, Alcaraz acumula 74 partidos, distribuidos en 14 torneos, y una vez m\u00e1s prefiere apostar por la v\u00eda conservadora. Se concentrar\u00e1, por tanto, en los platos fuertes que le quedan por delante: el Masters 1000 de Par\u00eds-Bercy (27 de octubre a 2 de noviembre), la Copa de Maestros de Tur\u00edn (9-16) y la fase final de la Copa Davis, que tendr\u00e1 lugar en Bolonia (18-23). En el caso de que Sinner venza en Pek\u00edn, donde ma\u00f1ana (8.00, Movistar+) disputar\u00e1 la final contra Learner Tien, le descontar\u00eda una reducida cifra de puntos (170) que se a\u00f1adir\u00eda a los 200 descontados por la baja de Shangh\u00e1i. El trono, por tanto, se decidir\u00e1 en el intenso pulso de las ocho pr\u00f3ximas semanas.<\/p>\n<p>UN CURSO DE DA\u00d1OS M\u00cdNIMOS<\/p>\n<p>A. C.<\/p>\n<p>Alcaraz se asom\u00f3 al circuito de la ATP en 2020, con 16 a\u00f1os, pero entonces la pandemia fren\u00f3 una incursi\u00f3n que se hizo inevitable la temporada siguiente. Despu\u00e9s, el murciano incidi\u00f3 en el trabajo f\u00edsico para fortalecerse y hoy d\u00eda, esa base y la gen\u00e9tica han perfilado uno de los chasis m\u00e1s envidiados del circuito.<\/p>\n<p>Por ahora, el n\u00famero uno no ha sufrido lesiones rese\u00f1ables, aunque en 2024 acus\u00f3 una dolencia en el codo derecho (m\u00fasculo pronador redondo) que le comprometi\u00f3 durante la gira de tierra batida. M\u00e1s all\u00e1 de eso, alg\u00fan desgarro muscular (abdominal, isquios\u2026) sin mayor relevancia, m\u00e1s all\u00e1 de que uno de ellos le privase del Open de Australia en 2023.\u00a0<\/p>\n<p>La supervisi\u00f3n del estado f\u00edsico del deportista es permanente. A la ayuda de Moreno se suma la del preparador f\u00edsico Alberto Lled\u00f3 y m\u00e1s puntualmente, en Murcia, la de \u00c1lex S\u00e1nchez. Viaja tambi\u00e9n siempre integrado en el equipo el doctor Juanjo L\u00f3pez.<\/p>\n","protected":false},"excerpt":{"rendered":"Despu\u00e9s de recoger el trofeo de campe\u00f3n en Tokio, pasar por el vestuario y consensuarlo con su equipo,&hellip;\n","protected":false},"author":2,"featured_media":148325,"comment_status":"","ping_status":"","sticky":false,"template":"","format":"standard","meta":{"footnotes":""},"categories":[274],"tags":[34829,17145,545,1540,168,25,24,10976,45676,23,167,327,11759,326,44128],"class_list":{"0":"post-150162","1":"post","2":"type-post","3":"status-publish","4":"format-standard","5":"has-post-thumbnail","7":"category-tenis","8":"tag-atp-500","9":"tag-atp-tour","10":"tag-carlos-alcaraz","11":"tag-competiciones","12":"tag-deportes","13":"tag-es","14":"tag-espana","15":"tag-lesiones-deportivas","16":"tag-masters-shanghai","17":"tag-spain","18":"tag-sports","19":"tag-tenis","20":"tag-tenistas","21":"tag-tennis","22":"tag-torneo-tokio"},"share_on_mastodon":{"url":"","error":""},"_links":{"self":[{"href":"https:\/\/www.europesays.com\/es\/wp-json\/wp\/v2\/posts\/150162","targetHints":{"allow":["GET"]}}],"collection":[{"href":"https:\/\/www.europesays.com\/es\/wp-json\/wp\/v2\/posts"}],"about":[{"href":"https:\/\/www.europesays.com\/es\/wp-json\/wp\/v2\/types\/post"}],"author":[{"embeddable":true,"href":"https:\/\/www.europesays.com\/es\/wp-json\/wp\/v2\/users\/2"}],"replies":[{"embeddable":true,"href":"https:\/\/www.europesays.com\/es\/wp-json\/wp\/v2\/comments?post=150162"}],"version-history":[{"count":0,"href":"https:\/\/www.europesays.com\/es\/wp-json\/wp\/v2\/posts\/150162\/revisions"}],"wp:featuredmedia":[{"embeddable":true,"href":"https:\/\/www.europesays.com\/es\/wp-json\/wp\/v2\/media\/148325"}],"wp:attachment":[{"href":"https:\/\/www.europesays.com\/es\/wp-json\/wp\/v2\/media?parent=150162"}],"wp:term":[{"taxonomy":"category","embeddable":true,"href":"https:\/\/www.europesays.com\/es\/wp-json\/wp\/v2\/categories?post=150162"},{"taxonomy":"post_tag","embeddable":true,"href":"https:\/\/www.europesays.com\/es\/wp-json\/wp\/v2\/tags?post=150162"}],"curies":[{"name":"wp","href":"https:\/\/api.w.org\/{rel}","templated":true}]}}