{"id":150171,"date":"2025-10-01T07:24:16","date_gmt":"2025-10-01T07:24:16","guid":{"rendered":"https:\/\/www.europesays.com\/es\/150171\/"},"modified":"2025-10-01T07:24:16","modified_gmt":"2025-10-01T07:24:16","slug":"purpura-entallado-y-con-guino-a-la-realeza","status":"publish","type":"post","link":"https:\/\/www.europesays.com\/es\/150171\/","title":{"rendered":"p\u00farpura, entallado y con gui\u00f1o a la realeza"},"content":{"rendered":"<p id=\"eqbdNYib2f\" data-wc=\"84\">No es una joya ni un vestido de gala, sino un traje el que, en varias ocasiones, parece \u201chablar\u201d por Kate Middleton: el conjunto morado que estren\u00f3 en Londonderry en 2021 y que ha recuperado en actos posteriores se convirti\u00f3 en la se\u00f1al m\u00e1s n\u00edtida de <a class=\"hm-link ho-link\" href=\"https:\/\/www.hola.com\/moda\/20250807848266\/kate-middleton-viaje-verano-looks-eeuu-canada-2011\/\" rel=\"noopener nofollow\" target=\"_blank\" data-mrf-recirculation=\"article-body-link\">la transformaci\u00f3n estil\u00edstica de la princesa de Gales<\/a>. No es solo una preferencia crom\u00e1tica: es una decisi\u00f3n calculada, con ecos que viajan <strong>desde los p\u00farpuras imperiales hasta las leyes sobre qui\u00e9n pod\u00eda vestir qu\u00e9 en la Inglaterra isabelina<\/strong>.\u00a0<\/p>\n<p id=\"eKafwwI_3Er\" data-wc=\"73\">Porque aunque hoy resulte cotidiano ver a una mujer de la realeza en pantalones, esa posibilidad fue revolucionaria en su momento: en el siglo XVIII, la emperatriz Isabel I de Rusia desafiaba la rigidez de los cortes imperiales vistiendo atuendos masculinos; en la Gran Breta\u00f1a de los a\u00f1os 50, la princesa Alexandra de Kent gener\u00f3 un debate sobre feminidad y protocolo al aparecer en la portada de la revista Picture Post\u00a0en vaqueros.\u00a0<\/p>\n<p> <img src=\"https:\/\/www.europesays.com\/es\/wp-content\/uploads\/2025\/10\/c33425f3cc5b-gettyimages-1795445621.jpg\"   width=\"713\" height=\"1024\" loading=\"lazy\" decoding=\"async\" alt=\"Kate Middleton, princesa de Gales, Londres, 2023. \" fetchpriority=\"auto\" class=\"image ho-image\"\/>\u00a9 GettyKate Middleton, princesa de Gales, Londres, 2023.<br \/>\nLa evoluci\u00f3n de la princesa de Gales<\/p>\n<p id=\"eaRii2AxCm6\" data-wc=\"98\">Durante su primera d\u00e9cada p\u00fablica, Kate fue la princesa de las siluetas trapecio y los vestidos midi; opciones seguras, dentro del protocolo y muy fotog\u00e9nicas. A partir de 2021, y especialmente <a class=\"hm-link ho-link\" href=\"https:\/\/www.hola.com\/realeza\/casa_inglesa\/20221130339720\/kate-middleton-conexion-lady-di-debut-princesa-gales\/\" rel=\"noopener nofollow\" target=\"_blank\" data-mrf-recirculation=\"article-body-link\">tras asumir el t\u00edtulo de princesa de Gales en 2022<\/a>, su armario dio un giro hacia la sastrer\u00eda \u2014blazers, pantalones de talle alto, cortes rectos y blusas de seda\u2014 que remodel\u00f3 su imagen. El cambio no es solo una evidente modernizaci\u00f3n: es una herramienta pr\u00e1ctica (menos riesgo de descuidos, m\u00e1s movilidad) y simb\u00f3lica: el traje transmite autoridad y le permite <strong>coordinarse o contrastar con Guillermo sin eclipsarlo.<\/strong><\/p>\n<p>  <img src=\"https:\/\/www.europesays.com\/es\/wp-content\/uploads\/2025\/10\/ab405a1307a2-gettyimages-1343878519.jpg\"   width=\"1080\" height=\"1800\" loading=\"lazy\" decoding=\"async\" alt=\"Kate Middleton, princesa de Gales, Londonderry, 2021.\" fetchpriority=\"auto\" class=\"image ho-image\"\/>\u00a9 GettyKate Middleton, princesa de Gales, Londonderry, 2021.<\/p>\n<p>  <img src=\"https:\/\/www.europesays.com\/es\/wp-content\/uploads\/2025\/10\/2832f5efcff8-gettyimages-1794596238.jpg\"   width=\"1080\" height=\"1800\" loading=\"lazy\" decoding=\"async\" alt=\"Kate Middleton, princesa de Gales, Londres, 2023.\" fetchpriority=\"auto\" class=\"image ho-image\"\/>\u00a9 GettyKate Middleton, princesa de Gales, Londres, 2023.<\/p>\n<p>El p\u00farpura: el color de los reyes<\/p>\n<p id=\"eiar3UM3MgX\" data-wc=\"106\">No es casualidad que uno de sus trajes m\u00e1s comentados sea morado (y de <strong>Emilia Wickstead<\/strong>). Este color tiene una biograf\u00eda larga: desde la p\u00farpura tiria reservada a emperadores romanos hasta las leyes suntuarias de la Inglaterra isabelina que limitaban qui\u00e9n pod\u00eda lucir ciertos tejidos y colores; en la pr\u00e1ctica, el p\u00farpura se vincula a la distinci\u00f3n y al ceremonial (las capas coronacionales y las t\u00fanicas imperiales siguen recuperando ese tono). Cuando una royal\u00a0contempor\u00e1nea lo rescata en actos p\u00fablicos, lo hace con una carga hist\u00f3rica. <a class=\"hm-link ho-link\" href=\"https:\/\/www.hola.com\/moda\/actualidad\/20220908216720\/reina-isabel-ii-muerte-looks-mas-recordados\/\" rel=\"noopener nofollow\" target=\"_blank\" data-mrf-recirculation=\"article-body-link\">La reina Isabel II<\/a> ten\u00eda una aut\u00e9ntica predilecci\u00f3n por el morado y Diana de Gales lo luci\u00f3 en m\u00faltiples ocasiones.\u00a0<\/p>\n<p>  <img src=\"https:\/\/www.europesays.com\/es\/wp-content\/uploads\/2025\/10\/d1fa40dbab87-gettyimages-52103408.jpg\"   width=\"1080\" height=\"1800\" loading=\"lazy\" decoding=\"async\" alt=\"Diana de Gales en Chicago, 1996.\" fetchpriority=\"auto\" class=\"image ho-image\"\/>\u00a9 GettyDiana de Gales en Chicago, 1996.<\/p>\n<p>  <img src=\"https:\/\/www.europesays.com\/es\/wp-content\/uploads\/2025\/10\/d93ac1ee1930-gettyimages-52098252.jpg\"   width=\"1080\" height=\"1800\" loading=\"lazy\" decoding=\"async\" alt=\"La reina Isabel II en Surrey, 1996. \" fetchpriority=\"auto\" class=\"image ho-image\"\/>\u00a9 GettyLa reina Isabel II en Surrey, 1996. <\/p>\n<p>Por qu\u00e9 el traje aumenta la confianza de Kate\u00a0<\/p>\n<p id=\"eULVdpHbz_T\" data-wc=\"85\">El efecto es doble: estructural y psicol\u00f3gico. Estructuralmente, la sastrer\u00eda ofrece l\u00edneas r\u00edgidas que enmarcan la figura, reducen la ambig\u00fcedad visual y transmiten \u201cpoder\u201d. Psicol\u00f3gicamente, <strong>l<\/strong><strong>levar un traje transmite un mensaje de preparaci\u00f3n y control<\/strong>: la prenda deja de ser un mero adorno y se convierte en un instrumento diplom\u00e1tico. Adem\u00e1s, al jugar con colores \u2014del p\u00farpura al rojo o al verde\u2014 Kate incorpora <a class=\"hm-link ho-link\" href=\"https:\/\/www.hola.com\/moda\/20250916855846\/funeral-duquesa-de-kent-protocolo-real-luto\/\" rel=\"noopener nofollow\" target=\"_blank\" data-mrf-recirculation=\"article-body-link\">una lecci\u00f3n del protocolo real brit\u00e1nico<\/a>: hacerse visible sin llamar demasiado la atenci\u00f3n, como hizo la reina Isabel II durante d\u00e9cadas.\u00a0<\/p>\n<p>  <img src=\"https:\/\/www.europesays.com\/es\/wp-content\/uploads\/2025\/10\/0e9277715a29-gettyimages-1702765070.jpg\"   width=\"1080\" height=\"1800\" loading=\"lazy\" decoding=\"async\" alt=\"Kate Middleton, princesa de Gales, con traje verde de Burberry, Leeds, 2023.\" fetchpriority=\"auto\" class=\"image ho-image\"\/>\u00a9 Getty ImagesKate Middleton, princesa de Gales, con traje verde de Burberry, Leeds, 2023.<\/p>\n<p>  <img src=\"https:\/\/www.europesays.com\/es\/wp-content\/uploads\/2025\/10\/5c49a45520fa-gettyimages-1446108284.jpg\"   width=\"1080\" height=\"1800\" loading=\"lazy\" decoding=\"async\" alt=\"Kate Middleton, princesa de Gales, con traje burdeos, Boston, 2022. \" fetchpriority=\"auto\" class=\"image ho-image\"\/>\u00a9 GettyKate Middleton, princesa de Gales, con traje burdeos, Boston, 2022. <\/p>\n<p id=\"eyZwxt52SR\" data-wc=\"47\">El armario de la princesa de Gales tambi\u00e9n tiene memoria: repite prendas (construyendo continuidad narrativa). Suele apostar por sus firmas de confianza: <strong>Alexander McQueen<\/strong> (la escuela de Sarah Burton), <strong>Emilia Wickstead<\/strong> (el traje p\u00farpura), <strong>Beulah London<\/strong>, <strong>Burberry<\/strong> o <strong>Erdem<\/strong>. Siempre mostrando su apoyo a las marcas nacionales.<\/p>\n<p>  <img src=\"https:\/\/www.europesays.com\/es\/wp-content\/uploads\/2025\/10\/eaf77ce4e5ca-gettyimages-1715632635.jpg\"   width=\"1080\" height=\"1800\" loading=\"lazy\" decoding=\"async\" alt=\"Kate Middleton, princesa de Gales, con traje azul marino con raya diplom\u00e1tica de Holland Cooper, Cardiff, 2023.\" fetchpriority=\"auto\" class=\"image ho-image\"\/>\u00a9 Getty ImagesKate Middleton, princesa de Gales, con traje azul marino con raya diplom\u00e1tica de Holland Cooper, Cardiff, 2023.<\/p>\n<p>  <img src=\"https:\/\/www.europesays.com\/es\/wp-content\/uploads\/2025\/10\/e03fb5c9930a-gettyimages-1246677576.jpg\"   width=\"1080\" height=\"1800\" loading=\"lazy\" decoding=\"async\" alt=\"Kate Middleton, princesa de Gales, con traje rojo de Alexander McQueen, Londres, 2023.\" fetchpriority=\"auto\" class=\"image ho-image\"\/>\u00a9 Getty ImagesKate Middleton, princesa de Gales, con traje rojo de Alexander McQueen, Londres, 2023.<\/p>\n<p>Los pantalones en el armario de la realeza<\/p>\n<p id=\"eI7MrrcByy2\" data-wc=\"131\">La presencia femenina en sastrer\u00eda tiene hitos concretos. En el siglo XVIII la emperatriz Isabel I de Rusia proyect\u00f3 un inmenso poder a trav\u00e9s de indumentarias masculinas y los c\u00e9lebres bailes de \u201cmetamorfosis\u201d, en los que hombres y mujeres deb\u00edan intercambiar vestimenta y roles, un aut\u00e9ntico juego de deconstrucci\u00f3n de g\u00e9nero en pleno barroco ruso. En el siglo XIX y la mitad del XX llegaron las reformadoras que llevaron pantalones al debate p\u00fablico: las \u00abbloomers\u00bb impulsadas por Amelia Bloomer en los a\u00f1os 1850 representaron una primera ruptura con los vestidos. En el siglo XX, dise\u00f1adoras y estrellas (<strong>Coco Chanel<\/strong>, que moderniz\u00f3 el traje femenino; <strong>Marlene Dietrich<\/strong>, que populariz\u00f3 el smoking\u00a0femenino en pantalla; y, en 1966, <strong>Yves Saint Laurent<\/strong> con su\u00a0Le Smoking) consolidaron la sastrer\u00eda como lenguaje de poder femenino.\u00a0<\/p>\n<p id=\"eSc_l1yddV2\" data-wc=\"31\">En resumen: muchas peque\u00f1as transgresiones \u2014retratos de caza, fotos de tenis, atuendos de viaje\u2014 erosionaron el tab\u00fa y posibilitaron que <strong>hoy la princesa de Gales normalice el pantal\u00f3n en actos oficiales<\/strong>.<\/p>\n","protected":false},"excerpt":{"rendered":"No es una joya ni un vestido de gala, sino un traje el que, en varias ocasiones, parece&hellip;\n","protected":false},"author":2,"featured_media":150172,"comment_status":"","ping_status":"","sticky":false,"template":"","format":"standard","meta":{"footnotes":""},"categories":[174],"tags":[1024,255,146,147,25,24,5868,256,18700,1028,1023,6856,23],"class_list":{"0":"post-150171","1":"post","2":"type-post","3":"status-publish","4":"format-standard","5":"has-post-thumbnail","7":"category-famosos","8":"tag-actualidad-moda","9":"tag-celebrities","10":"tag-entertainment","11":"tag-entretenimiento","12":"tag-es","13":"tag-espana","14":"tag-familia-real-britanica","15":"tag-famosos","16":"tag-kate-middleton","17":"tag-looks-realeza","18":"tag-moda","19":"tag-realeza-inglesa","20":"tag-spain"},"share_on_mastodon":{"url":"","error":""},"_links":{"self":[{"href":"https:\/\/www.europesays.com\/es\/wp-json\/wp\/v2\/posts\/150171","targetHints":{"allow":["GET"]}}],"collection":[{"href":"https:\/\/www.europesays.com\/es\/wp-json\/wp\/v2\/posts"}],"about":[{"href":"https:\/\/www.europesays.com\/es\/wp-json\/wp\/v2\/types\/post"}],"author":[{"embeddable":true,"href":"https:\/\/www.europesays.com\/es\/wp-json\/wp\/v2\/users\/2"}],"replies":[{"embeddable":true,"href":"https:\/\/www.europesays.com\/es\/wp-json\/wp\/v2\/comments?post=150171"}],"version-history":[{"count":0,"href":"https:\/\/www.europesays.com\/es\/wp-json\/wp\/v2\/posts\/150171\/revisions"}],"wp:featuredmedia":[{"embeddable":true,"href":"https:\/\/www.europesays.com\/es\/wp-json\/wp\/v2\/media\/150172"}],"wp:attachment":[{"href":"https:\/\/www.europesays.com\/es\/wp-json\/wp\/v2\/media?parent=150171"}],"wp:term":[{"taxonomy":"category","embeddable":true,"href":"https:\/\/www.europesays.com\/es\/wp-json\/wp\/v2\/categories?post=150171"},{"taxonomy":"post_tag","embeddable":true,"href":"https:\/\/www.europesays.com\/es\/wp-json\/wp\/v2\/tags?post=150171"}],"curies":[{"name":"wp","href":"https:\/\/api.w.org\/{rel}","templated":true}]}}