{"id":150173,"date":"2025-10-01T07:26:06","date_gmt":"2025-10-01T07:26:06","guid":{"rendered":"https:\/\/www.europesays.com\/es\/150173\/"},"modified":"2025-10-01T07:26:06","modified_gmt":"2025-10-01T07:26:06","slug":"presentacion-de-los-libros-galardonados-en-los-premios-ciutat-de-sagunt-2024","status":"publish","type":"post","link":"https:\/\/www.europesays.com\/es\/150173\/","title":{"rendered":"Presentaci\u00f3n de los libros galardonados en los premios Ciutat de Sagunt 2024"},"content":{"rendered":"<p style=\"text-align: justify;\">El <strong>viernes 17 de octubre<\/strong>, a las <strong>19 horas<\/strong> en la <strong>Via del P\u00f2rtic<\/strong>, se har\u00e1 la <strong>presentaci\u00f3n de los libros galardonados en los premios literarios Ciutat de Sagunt 2024<\/strong>. Las obras son la novela <strong>Desmemoriat<\/strong>, de Berna Blanch; el poemario <strong>Tr\u00e0nsit<\/strong>, de Francesc Pastor; y la pieza teatral <strong>Els darrers sis dies<\/strong>, de Marta Barcel\u00f3. Todas ellas han sido publicadas por Onada Edicions.<\/p>\n<p style=\"text-align: justify;\">Como en otras ocasiones, los autores firmar\u00e1n sus obras al finalizar las intervenciones y ser\u00e1n regaladas por el Ayuntamiento. La actividad estar\u00e1 precedida por una visita libre para las personas asistentes, que podr\u00e1n recorrer el espacio arqueol\u00f3gico romano.<\/p>\n<p style=\"text-align: justify;\">Este acto literario es un buen aperitivo antes de la importante gala de entrega de los <strong>premios Ciutat de Sagunt 2025, que tendr\u00e1 lugar el viernes 24 de octubre en el Centro Cultural Mario Monreal<\/strong>.<\/p>\n<p><img loading=\"lazy\" decoding=\"async\" style=\"display: block; margin-left: auto; margin-right: auto;\" src=\"https:\/\/aytosagunto.es\/media\/n3gdhvt5\/invitaci\u00f3-llibres-2024.png?width=554&amp;height=554&amp;mode=max\" alt=\"\" width=\"554\" height=\"554\"\/><\/p>\n","protected":false},"excerpt":{"rendered":"El viernes 17 de octubre, a las 19 horas en la Via del P\u00f2rtic, se har\u00e1 la presentaci\u00f3n&hellip;\n","protected":false},"author":2,"featured_media":150174,"comment_status":"","ping_status":"","sticky":false,"template":"","format":"standard","meta":{"footnotes":""},"categories":[172],"tags":[224,146,147,25,24,225,23],"class_list":{"0":"post-150173","1":"post","2":"type-post","3":"status-publish","4":"format-standard","5":"has-post-thumbnail","7":"category-libros","8":"tag-books","9":"tag-entertainment","10":"tag-entretenimiento","11":"tag-es","12":"tag-espana","13":"tag-libros","14":"tag-spain"},"share_on_mastodon":{"url":"","error":""},"_links":{"self":[{"href":"https:\/\/www.europesays.com\/es\/wp-json\/wp\/v2\/posts\/150173","targetHints":{"allow":["GET"]}}],"collection":[{"href":"https:\/\/www.europesays.com\/es\/wp-json\/wp\/v2\/posts"}],"about":[{"href":"https:\/\/www.europesays.com\/es\/wp-json\/wp\/v2\/types\/post"}],"author":[{"embeddable":true,"href":"https:\/\/www.europesays.com\/es\/wp-json\/wp\/v2\/users\/2"}],"replies":[{"embeddable":true,"href":"https:\/\/www.europesays.com\/es\/wp-json\/wp\/v2\/comments?post=150173"}],"version-history":[{"count":0,"href":"https:\/\/www.europesays.com\/es\/wp-json\/wp\/v2\/posts\/150173\/revisions"}],"wp:featuredmedia":[{"embeddable":true,"href":"https:\/\/www.europesays.com\/es\/wp-json\/wp\/v2\/media\/150174"}],"wp:attachment":[{"href":"https:\/\/www.europesays.com\/es\/wp-json\/wp\/v2\/media?parent=150173"}],"wp:term":[{"taxonomy":"category","embeddable":true,"href":"https:\/\/www.europesays.com\/es\/wp-json\/wp\/v2\/categories?post=150173"},{"taxonomy":"post_tag","embeddable":true,"href":"https:\/\/www.europesays.com\/es\/wp-json\/wp\/v2\/tags?post=150173"}],"curies":[{"name":"wp","href":"https:\/\/api.w.org\/{rel}","templated":true}]}}