{"id":150175,"date":"2025-10-01T07:27:07","date_gmt":"2025-10-01T07:27:07","guid":{"rendered":"https:\/\/www.europesays.com\/es\/150175\/"},"modified":"2025-10-01T07:27:07","modified_gmt":"2025-10-01T07:27:07","slug":"asi-puedes-ver-los-canales-gratis-de-la-tdt-y-sin-interrupciones","status":"publish","type":"post","link":"https:\/\/www.europesays.com\/es\/150175\/","title":{"rendered":"as\u00ed puedes ver los canales gratis de la TDT y sin interrupciones"},"content":{"rendered":"<p class=\"c-paragraph\"><b\/>La TDT es la transmisi\u00f3n de se\u00f1al de televisi\u00f3n en formato digital a trav\u00e9s de ondas de radio, que reemplaz\u00f3 a la se\u00f1al anal\u00f3gica para ofrecer una mejor calidad de imagen y sonido. Para disfrutar del contenido emitido es necesaria una antena, un sintonizador compatible y realizar una b\u00fasqueda de canales, sin embargo, con el paso de los a\u00f1os, <b>la TDT se ha quedado obsoleta<\/b>, sobre todo con la llegada del <a href=\"https:\/\/www.20minutos.es\/tecnologia\/aplicaciones\/5-sencillos-trucos-pagar-menos-netflix-dazn-disney-hbo-como-ahorrar-ver-plataformas-streaming-5730280\/\" title=\"5 sencillos trucos para pagar menos en Netflix, DAZN, Disney+ o HBO: c\u00f3mo ahorrar al ver plataformas streaming\" rel=\"nofollow noopener\" target=\"_blank\">contenido en streaming<\/a>.<\/p>\n<p class=\"c-paragraph\">Ante este desuso, <a href=\"https:\/\/www.20minutos.es\/tecnologia\/actualidad\/tdt-punto-cambiar-no-tendras-sintonizar-canales-ver-television_6373169_0.html\" rel=\"nofollow noopener\" target=\"_blank\">RTVE y FORTA se han unido para poner en marcha el nuevo Piloto Espa\u00f1ol de DVB-I<\/a>, de esta manera, <b>se ofrece la posibilidad de ver la TDT a trav\u00e9s de Internet desde el propio televisor<\/b>. Pero desafortunadamente hay puntos concretos de Espa\u00f1a \u2014<a href=\"https:\/\/www.20minutos.es\/tecnologia\/actualidad\/asi-combaten-los-pueblos-la-espana-vaciada-internet-de-alta-velocidad-vivienda-por-150-euros-y-hasta-un-reality-show-4776212\/\" title=\"As\u00ed combaten los pueblos la Espa\u00f1a vaciada: Internet de alta velocidad, vivienda por 150 euros y hasta un reality show\" rel=\"nofollow noopener\" target=\"_blank\">sobre todo las zonas rurales<\/a>\u2014 que sufren cortes en la emisi\u00f3n porque no cuenta, con los medios necesarios, aunque, para remediar esta situaci\u00f3n, <b>se ha puesto en marcha Astra HD+<\/b>.<\/p>\n<p class=\"c-paragraph\">Astra HD+ es una<b> plataforma de TV por sat\u00e9lite <\/b>que tiene como objetivo llevar la se\u00f1al estable y de calidad a todo el territorio espa\u00f1ol gracias a SES Astra, adem\u00e1s, desde este mi\u00e9rcoles 29 de septiembre <b>ya est\u00e1n disponibles<\/b> las emisiones en Espa\u00f1a al recibir la confirmaci\u00f3n del Ministerio de Econom\u00eda, Comercio y Empresa.<\/p>\n<p>Qu\u00e9 es Astra HD+<\/p>\n<p class=\"c-paragraph\"><b\/>Astra HD+ es una <b>alternativa a la TDT<\/b>, teniendo en cuenta que esta televisi\u00f3n por sat\u00e9lite presenta una <b>oferta variada de canales<\/b>, tanto nacionales como auton\u00f3micos. Asimismo, es importante mencionar que dicho servicio emplea la recepci\u00f3n de la se\u00f1al v\u00eda sat\u00e9lite y el acceso mediante un m\u00f3dulo CI+ compatible con decodificadores y televisores.<\/p>\n<p class=\"c-paragraph\">Por otro lado, el <a href=\"https:\/\/www.mundoplus.tv\/tv-digital\/llega-astra-tv-con-un-ano-de-suscripcion-gratis\/\" rel=\"nofollow noreferrer noopener\" target=\"_blank\">diario MundoPlus.tv<\/a> revela que <b>Astra HD+ es gratis durante el primer a\u00f1o<\/b>, pero que, a partir del segundo, el coste de la suscripci\u00f3n cuesta 72 euros anuales. Tambi\u00e9n, este mismo medio a\u00f1ade que la instalaci\u00f3n b\u00e1sica cubre hasta 145 euros, incluyendo parab\u00f3lica y cinco metros de cable.<\/p>\n<p>C\u00f3mo ver Astra HD+<\/p>\n<p class=\"c-paragraph\"><b\/>Para ver Astra HD+ es necesaria una <b>antena parab\u00f3lica <\/b>orientada al sat\u00e9lite Astra 19,2\u00ba este, un <b>dispositivo instalado el foco de la antena<\/b> para recibir la se\u00f1al y, tambi\u00e9n, un <b>receptor de sat\u00e9lite<\/b> o decodificador compatible con DVB-S2 y HD.<\/p>\n<p>Qu\u00e9 canales ofrece Astra HD+<\/p>\n<ul>\n<li>24H.<\/li>\n<li>Antena 3.<\/li>\n<li>Atreseries.<\/li>\n<li>Be Mad TV.<\/li>\n<li>Boing.<\/li>\n<li>Clan.<\/li>\n<li>Cuatro.<\/li>\n<li>Disney Channel.<\/li>\n<li>Divinity.<\/li>\n<li>DMax.<\/li>\n<li>DKiss.<\/li>\n<li>Energy.<\/li>\n<li>FDF.<\/li>\n<li>GolPlay.<\/li>\n<li>La1.<\/li>\n<li>La2.<\/li>\n<li>LaSexta.<\/li>\n<li>Mega.<\/li>\n<li>Neox.<\/li>\n<li>Nova.<\/li>\n<li>Real Madrid TV.<\/li>\n<li>Squirrel.<\/li>\n<li>Telecinco.<\/li>\n<li>Teledeporte.<\/li>\n<li>TEN.<\/li>\n<li>Trece.<\/li>\n<\/ul>\n","protected":false},"excerpt":{"rendered":"La TDT es la transmisi\u00f3n de se\u00f1al de televisi\u00f3n en formato digital a trav\u00e9s de ondas de radio,&hellip;\n","protected":false},"author":2,"featured_media":150176,"comment_status":"","ping_status":"","sticky":false,"template":"","format":"standard","meta":{"footnotes":""},"categories":[171],"tags":[146,147,25,24,6846,45680,23,2458,807,45679,214],"class_list":{"0":"post-150175","1":"post","2":"type-post","3":"status-publish","4":"format-standard","5":"has-post-thumbnail","7":"category-tv","8":"tag-entertainment","9":"tag-entretenimiento","10":"tag-es","11":"tag-espana","12":"tag-mi-bolsillo","13":"tag-servicio-de-television-por-satelite","14":"tag-spain","15":"tag-tdt","16":"tag-television","17":"tag-televisor","18":"tag-tv"},"share_on_mastodon":{"url":"","error":""},"_links":{"self":[{"href":"https:\/\/www.europesays.com\/es\/wp-json\/wp\/v2\/posts\/150175","targetHints":{"allow":["GET"]}}],"collection":[{"href":"https:\/\/www.europesays.com\/es\/wp-json\/wp\/v2\/posts"}],"about":[{"href":"https:\/\/www.europesays.com\/es\/wp-json\/wp\/v2\/types\/post"}],"author":[{"embeddable":true,"href":"https:\/\/www.europesays.com\/es\/wp-json\/wp\/v2\/users\/2"}],"replies":[{"embeddable":true,"href":"https:\/\/www.europesays.com\/es\/wp-json\/wp\/v2\/comments?post=150175"}],"version-history":[{"count":0,"href":"https:\/\/www.europesays.com\/es\/wp-json\/wp\/v2\/posts\/150175\/revisions"}],"wp:featuredmedia":[{"embeddable":true,"href":"https:\/\/www.europesays.com\/es\/wp-json\/wp\/v2\/media\/150176"}],"wp:attachment":[{"href":"https:\/\/www.europesays.com\/es\/wp-json\/wp\/v2\/media?parent=150175"}],"wp:term":[{"taxonomy":"category","embeddable":true,"href":"https:\/\/www.europesays.com\/es\/wp-json\/wp\/v2\/categories?post=150175"},{"taxonomy":"post_tag","embeddable":true,"href":"https:\/\/www.europesays.com\/es\/wp-json\/wp\/v2\/tags?post=150175"}],"curies":[{"name":"wp","href":"https:\/\/api.w.org\/{rel}","templated":true}]}}