{"id":150177,"date":"2025-10-01T07:28:10","date_gmt":"2025-10-01T07:28:10","guid":{"rendered":"https:\/\/www.europesays.com\/es\/150177\/"},"modified":"2025-10-01T07:28:10","modified_gmt":"2025-10-01T07:28:10","slug":"cuando-son-por-donde-verlo-en-vivo-y-como-se-elegiran-los-ganadores-gente-online","status":"publish","type":"post","link":"https:\/\/www.europesays.com\/es\/150177\/","title":{"rendered":"cu\u00e1ndo son, por d\u00f3nde verlo en vivo y c\u00f3mo se elegir\u00e1n los ganadores \u2013 GENTE Online"},"content":{"rendered":"<p>Tras una exitosa primera edici\u00f3n, los <strong>Premios \u00cddolo,<\/strong> el prestigioso galard\u00f3n espa\u00f1ol que celebra a los creadores de contenido digital, han confirmado su regreso a Argentina. La segunda gala se llevar\u00e1 a cabo el pr\u00f3ximo <strong>viernes 31 de octubre en el Sal\u00f3n Tattersall del Hip\u00f3dromo de San Isidro<\/strong>, reafirmando su lugar como el reconocimiento m\u00e1s importante para influencers y content creators del pa\u00eds.<\/p>\n<p>Originados en Espa\u00f1a en 2021 por la influyente celebridad digital A\u00edda Domenech, m\u00e1s conocida como <strong>Dulceida,<\/strong> los Premios \u00cddolo se posicionaron r\u00e1pidamente como un evento clave en la agenda de Madrid. <strong>Su desembarco en Argentina en agosto de 2024 fue un rotundo \u00e9xito,<\/strong> reuniendo a m\u00e1s de 400 de los influencers m\u00e1s populares del pa\u00eds, junto a celebridades de la m\u00fasica, la moda y los medios de comunicaci\u00f3n. Este debut fue validado por la comunidad digital argentina, consolidando la presencia del evento en Buenos Aires.<\/p>\n<p>Para esta nueva edici\u00f3n, la organizaci\u00f3n ha formado una alianza estrat\u00e9gica con <strong>Telefe, <\/strong>la marca de entretenimiento l\u00edder en Argentina, que tendr\u00e1 los derechos exclusivos de transmisi\u00f3n de la ceremonia. Esta colaboraci\u00f3n promete ampliar el alcance del evento y llevar la celebraci\u00f3n del talento digital a una audiencia masiva.<\/p>\n<p><img decoding=\"async\" width=\"1024\" height=\"683\" src=\"https:\/\/www.europesays.com\/es\/wp-content\/uploads\/2025\/10\/idolo-1024x683.webp.webp\" loading=\"lazy\" alt=\"\" class=\"wp-image-613217\"\/>Los influencers se preparar para disputarse el premio \u00cddolo.<\/p>\n<p>A\u00edda \u00abDulceida\u00bb Domenech, creadora de los premios, expres\u00f3 su entusiasmo por esta nueva etapa: \u00abEstoy muy feliz por esta segunda edici\u00f3n de los premios \u00cddolo en Argentina. El \u00e9xito de su primera edici\u00f3n nos ha dado un impulso enorme para seguir trabajando\u00bb. Adem\u00e1s, confirm\u00f3 su presencia en el evento, se\u00f1alando: \u00ab<strong>Finalmente este a\u00f1o podr\u00e9 viajar, conocer el pa\u00eds y estar en Argentina viviendo el d\u00eda m\u00e1s importante para los creadores de contenido<\/strong>\u00ab.<\/p>\n<p>C\u00f3mo se eligen los nominados y ganadores de los Premios \u00cddolo<\/p>\n<p>El objetivo principal de los Premios \u00cddolo es <strong>reconocer y celebrar el talento de quienes se destacan en el mundo digital, fomentando la innovaci\u00f3n y la excelencia<\/strong>. Los galardones buscan motivar a los creadores a seguir produciendo contenido de alta calidad y a mantener una conexi\u00f3n positiva y significativa con sus audiencias.<\/p>\n<p>Las categor\u00edas premiadas son diversas y abarcan desde la moda y la gastronom\u00eda hasta viajes, actualidad, m\u00fasica y tecnolog\u00eda, con la promesa de novedades para esta edici\u00f3n. El proceso de selecci\u00f3n es inclusivo y participativo. <strong>Cualquier creador de contenido digital puede ser postulado, sin importar su n\u00famero de seguidores o audiencia<\/strong>. El proceso consta de varias etapas clave.<\/p>\n<p><img decoding=\"async\" src=\"https:\/\/www.europesays.com\/es\/wp-content\/uploads\/2025\/10\/Fran-Gomez-Pelao-Keh-premios-Idolo-1024x1024.jpg.webp.webp\" loading=\"lazy\" alt=\"\" class=\"wp-image-562812\"\/>Falta poco para conocer a los nominados de este a\u00f1o.<\/p>\n<p>1. <strong>Postulaci\u00f3n del p\u00fablico:<\/strong> en una primera fase, el p\u00fablico general puede proponer a sus \u00ab\u00eddolos\u00bb a trav\u00e9s de un formulario abierto.<\/p>\n<p>2. <strong>Propuesta de agencias:<\/strong> posteriormente, las agencias de representaci\u00f3n de talentos tambi\u00e9n presentan a sus candidatos mediante el mismo sistema.<\/p>\n<p>3. <strong>Selecci\u00f3n de nominados:<\/strong> la organizaci\u00f3n eval\u00faa las propuestas y los influencers m\u00e1s postulados tanto por el p\u00fablico como por las agencias quedan nominados en las categor\u00edas correspondientes.<\/p>\n<p>4. <strong>Votaci\u00f3n final:<\/strong> un jurado compuesto por responsables de relaciones p\u00fablicas, marketing y directores de marketing (CMO) de marcas reconocidas es el encargado de votar y elegir a los ganadores finales de cada categor\u00eda.<\/p>\n<p>\t\t\t\t\u00a0 <\/p>\n<p>\t\t\t\t\t\t\t\t\tTEMAS<\/p>\n","protected":false},"excerpt":{"rendered":"Tras una exitosa primera edici\u00f3n, los Premios \u00cddolo, el prestigioso galard\u00f3n espa\u00f1ol que celebra a los creadores de&hellip;\n","protected":false},"author":2,"featured_media":150178,"comment_status":"","ping_status":"","sticky":false,"template":"","format":"standard","meta":{"footnotes":""},"categories":[170],"tags":[146,147,25,24,184,185,45681,45682,45684,45683,23],"class_list":{"0":"post-150177","1":"post","2":"type-post","3":"status-publish","4":"format-standard","5":"has-post-thumbnail","7":"category-musica","8":"tag-entertainment","9":"tag-entretenimiento","10":"tag-es","11":"tag-espana","12":"tag-music","13":"tag-musica","14":"tag-premios-idolo","15":"tag-premios-idolo-argentina","16":"tag-premios-idolo-influencers","17":"tag-premios-idolo-nominados","18":"tag-spain"},"share_on_mastodon":{"url":"","error":""},"_links":{"self":[{"href":"https:\/\/www.europesays.com\/es\/wp-json\/wp\/v2\/posts\/150177","targetHints":{"allow":["GET"]}}],"collection":[{"href":"https:\/\/www.europesays.com\/es\/wp-json\/wp\/v2\/posts"}],"about":[{"href":"https:\/\/www.europesays.com\/es\/wp-json\/wp\/v2\/types\/post"}],"author":[{"embeddable":true,"href":"https:\/\/www.europesays.com\/es\/wp-json\/wp\/v2\/users\/2"}],"replies":[{"embeddable":true,"href":"https:\/\/www.europesays.com\/es\/wp-json\/wp\/v2\/comments?post=150177"}],"version-history":[{"count":0,"href":"https:\/\/www.europesays.com\/es\/wp-json\/wp\/v2\/posts\/150177\/revisions"}],"wp:featuredmedia":[{"embeddable":true,"href":"https:\/\/www.europesays.com\/es\/wp-json\/wp\/v2\/media\/150178"}],"wp:attachment":[{"href":"https:\/\/www.europesays.com\/es\/wp-json\/wp\/v2\/media?parent=150177"}],"wp:term":[{"taxonomy":"category","embeddable":true,"href":"https:\/\/www.europesays.com\/es\/wp-json\/wp\/v2\/categories?post=150177"},{"taxonomy":"post_tag","embeddable":true,"href":"https:\/\/www.europesays.com\/es\/wp-json\/wp\/v2\/tags?post=150177"}],"curies":[{"name":"wp","href":"https:\/\/api.w.org\/{rel}","templated":true}]}}