{"id":150179,"date":"2025-10-01T07:29:25","date_gmt":"2025-10-01T07:29:25","guid":{"rendered":"https:\/\/www.europesays.com\/es\/150179\/"},"modified":"2025-10-01T07:29:25","modified_gmt":"2025-10-01T07:29:25","slug":"spider-man-brand-new-day-ficha-al-rapero-marvin-jones-iii-como-el-villano-tombstone","status":"publish","type":"post","link":"https:\/\/www.europesays.com\/es\/150179\/","title":{"rendered":"&#8216;Spider-Man: Brand New Day&#8217; ficha al rapero Marvin Jones III como el villano Tombstone"},"content":{"rendered":"<p>&#8216;<a href=\"https:\/\/www.ecartelera.com\/peliculas\/spider-man-4\/\" rel=\"nofollow noopener\" target=\"_blank\">Spider-Man: Brand New Day<\/a>&#8216; retomar\u00e1 su producci\u00f3n el 29 de septiembre tras la pausa que provoc\u00f3 <a href=\"https:\/\/www.ecartelera.com\/noticias\/tom-holland-hospitalizado-accidente-spider-man-brand-new-day-81890\/\" rel=\"nofollow noopener\" target=\"_blank\">el accidente<\/a> de <a href=\"https:\/\/www.ecartelera.com\/personas\/tom-holland\/\" rel=\"nofollow noopener\" target=\"_blank\">Tom Holland<\/a> en el propio set de rodaje. A pesar de ello, los nuevos fichajes y los avances en el casting no cesan y <b>parece que se une al reparto el rapero y actor <a href=\"https:\/\/www.ecartelera.com\/personas\/marvin-jones-iii\/\" rel=\"nofollow noopener\" target=\"_blank\">Marvin Jones III<\/a> como el villano L\u00e1pida (Tombstone), seg\u00fan fuentes de <a target=\"_blank\" href=\"https:\/\/deadline.com\/2025\/09\/spider-man-brand-new-day-casts-marvin-jones-iii-tombstone-1236553455\/\" rel=\"nofollow noopener\">Deadline<\/a><\/b>. Sin embargo, los representantes del int\u00e9rprete a\u00fan no han hecho declaraciones, como tampoco lo han hecho desde Marvel Studios. <\/p>\n<p>&#8216;Spider-Man: Brand New Day&#8217;: Nuevo traje Tom Holland<\/p>\n<p><video id=\"vid-35609\" class=\"video-js vjs-default-skin\" data-title=\"'Spider-Man: Brand New Day': Nuevo traje Tom Holland\" poster=\"https:\/\/www.ecartelera.com\/images\/videos\/35600\/f35609.jpg\" controls=\"\" preload=\"auto\" width=\"640\" height=\"360\" playsinline=\"\" data-vtt=\"\/\/v1.ecartelera.com\/video\/35600\/35609_sprite.vtt\" data-stream=\"1\">El navegador no soporta el tag de v\u00eddeo.<\/video><\/p>\n<p>X<\/p>\n<p>Jones ya es parte de este universo despu\u00e9s de haber doblado a este mismo personaje en &#8216;<a href=\"https:\/\/www.ecartelera.com\/peliculas\/spider-man-un-nuevo-universo\/\" rel=\"nofollow noopener\" target=\"_blank\">Spider-Man: Un nuevo universo<\/a>&#8216;, <b>galardonada al \u00d3scar a mejor pel\u00edcula de animaci\u00f3n en 2019<\/b>. Lo har\u00e1 tambi\u00e9n, adem\u00e1s, en la parte final de la trilog\u00eda: &#8216;<a href=\"https:\/\/www.ecartelera.com\/peliculas\/spider-man-beyond-the-spider-verse\/\" rel=\"nofollow noopener\" target=\"_blank\">Spider-Man: Beyond the Spider-Verse<\/a>&#8216;. Este personaje, tambi\u00e9n conocido con el nombre de Lonnie Lincoln, fue <b>creado por Gerry Conway y Alex Saviuk en 1988<\/b>, con las caracter\u00edsticas de un gigante afroamericano albino de afilados dientes y una piel pr\u00e1cticamente inquebrantable. Su primera aparici\u00f3n se produjo en &#8216;Web of Spider-Man&#8217; #36, en marzo de dicho a\u00f1o; desde entonces, se convirti\u00f3 en protagonista constante de las batallas del h\u00e9roe de Marvel. <\/p>\n<p>\t\t\t\t\t\t\t<img decoding=\"async\" loading=\"lazy\" src=\"https:\/\/www.europesays.com\/es\/wp-content\/uploads\/2025\/10\/244090_tombstone-villano-de-spider-man-brand-new-day.jpg\" alt=\"'Spider-Man: Un nuevo universo'\" width=\"1200\" height=\"504\"\/>\t<\/p>\n<p>\t\t\t\t\t\t&#8216;Spider-Man: Un nuevo universo&#8217; (Sony \/ Marvel Studios)<\/p>\n<p>El esperado estreno de la nueva pel\u00edcula de Holland como nuestro amigo y vecino Spider-Man se mantiene para el <b>31 de julio de 2026<\/b>, con un reparto todav\u00eda no confirmado al completo, pero con varios nombres que ya resuenan en el imaginario marveliano. <b>MJ volver\u00e1 a ser interpretada por <a href=\"https:\/\/www.ecartelera.com\/personas\/zendaya\/\" rel=\"nofollow noopener\" target=\"_blank\">Zendaya<\/a> y se espera que <a href=\"https:\/\/www.ecartelera.com\/personas\/mark-ruffalo\/\" rel=\"nofollow noopener\" target=\"_blank\">Mark Ruffalo<\/a> aparezca reencarnando a su habitual Hulk<\/b>. Otros nombres confirmados son los de las actrices <a href=\"https:\/\/www.ecartelera.com\/personas\/sadie-sink\/\" rel=\"nofollow noopener\" target=\"_blank\">Sadie Sink<\/a> (&#8216;<a href=\"https:\/\/www.ecartelera.com\/series\/stranger-things\/\" rel=\"nofollow noopener\" target=\"_blank\">Stranger Things<\/a>&#8216; o &#8216;<a href=\"https:\/\/www.ecartelera.com\/peliculas\/la-ballena\/\" rel=\"nofollow noopener\" target=\"_blank\">La ballena<\/a>&#8216;) y <a href=\"https:\/\/www.ecartelera.com\/personas\/liza-colon-zayas\/\" rel=\"nofollow noopener\" target=\"_blank\">Liza Col\u00f3n-Zayas<\/a> (&#8216;<a href=\"https:\/\/www.ecartelera.com\/series\/the-bear\/\" rel=\"nofollow noopener\" target=\"_blank\">The Bear<\/a>&#8216;), cuyos roles a\u00fan no est\u00e1n revelados. La pel\u00edcula est\u00e1 dirigida por <a href=\"https:\/\/www.ecartelera.com\/personas\/destin-cretton\/\" rel=\"nofollow noopener\" target=\"_blank\">Destin Daniel Cretton<\/a>, tambi\u00e9n responsable de la direcci\u00f3n de &#8216;<a href=\"https:\/\/www.ecartelera.com\/peliculas\/shang-chi-and-the-leyend-of-the-ten-rings\/\" rel=\"nofollow noopener\" target=\"_blank\">Shang-Chi y la leyenda de los diez anillos<\/a>&#8216;. Los productores confirmados son <a href=\"https:\/\/www.ecartelera.com\/personas\/amy-pascal\/\" rel=\"nofollow noopener\" target=\"_blank\">Amy Pascal<\/a>, expresidenta de Sony Pictures, y <a href=\"https:\/\/www.ecartelera.com\/personas\/kevin-feige\/\" rel=\"nofollow noopener\" target=\"_blank\">Kevin Feige<\/a>, actual presidente de Marvel Studios. <\/p>\n<p>Esta pel\u00edcula ser\u00e1 el primer live action del universo Spider-Man, tras &#8216;<a href=\"https:\/\/www.ecartelera.com\/peliculas\/spider-man-3-2021\/\" rel=\"nofollow noopener\" target=\"_blank\">Spider-Man: No Way Home<\/a>&#8216;, estrenada en diciembre de 2021 y con una <b>impactante recaudaci\u00f3n de 1900 millones de d\u00f3lares<\/b>. Las anteriores a esta, &#8216;<a href=\"https:\/\/www.ecartelera.com\/peliculas\/spider-man-homecoming\/\" rel=\"nofollow noopener\" target=\"_blank\">Spider-Man: Homecoming<\/a>&#8216; (2017) y &#8216;<a href=\"https:\/\/www.ecartelera.com\/peliculas\/spider-man-lejos-de-casa\/\" rel=\"nofollow noopener\" target=\"_blank\">Spider-Man: Lejos de casa<\/a>&#8216; (2019), no se quedaron atr\u00e1s en taquilla, <b>con recaudaciones de m\u00e1s de mil millones y m\u00e1s de 880 millones respectivamente<\/b>. <\/p>\n<p>\t\t\t\t\t\t\t<img decoding=\"async\" loading=\"lazy\" src=\"https:\/\/www.europesays.com\/es\/wp-content\/uploads\/2025\/09\/241951_spider-man-brand-new-day-tom-holland-nos-guia-.jpg\" alt=\"Rodaje de 'Spider-Man: Brand New Day'\" width=\"1200\" height=\"704\"\/>\t<\/p>\n<p>\t\t\t\t\t\tRodaje de &#8216;Spider-Man: Brand New Day&#8217; (Sony \/ Marvel Studios)<br \/>\n\t\t\t\t\t\tMarvin Jones III en otros proyectos audivisuales<\/p>\n<p>Marvin Jones III, tambi\u00e9n conocido en el mundo musical como Krondon, ocupa ya un lugar reconocido en el cine y las series estadounidenses, <b>con papeles como el supervillano Tobias Whale en la serie &#8216;<a href=\"https:\/\/www.ecartelera.com\/series\/black-lightning\/\" rel=\"nofollow noopener\" target=\"_blank\">Black Lightning<\/a><\/b>&#8216; (esta vez del universo de c\u00f3mics de DC). Lo podemos ver tambi\u00e9n en la pel\u00edcula de acci\u00f3n &#8216;<a href=\"https:\/\/www.ecartelera.com\/peliculas\/shadow-force\/\" rel=\"nofollow noopener\" target=\"_blank\">Shadow Force<\/a>&#8216;, junto a <a href=\"https:\/\/www.ecartelera.com\/personas\/omar-sy\/\" rel=\"nofollow noopener\" target=\"_blank\">Omar Sy<\/a> o <a href=\"https:\/\/www.ecartelera.com\/personas\/kerry-washington\/\" rel=\"nofollow noopener\" target=\"_blank\">Kerry Washington<\/a>; y en series como &#8216;<a href=\"https:\/\/www.ecartelera.com\/series\/the-equalizer\/\" rel=\"nofollow noopener\" target=\"_blank\">The Equalizer<\/a>&#8216;, de Universal y CBS, o &#8216;<a href=\"https:\/\/www.ecartelera.com\/series\/halo\/\" rel=\"nofollow noopener\" target=\"_blank\">Halo<\/a>&#8216;, de Paramount, como antagonista de <a href=\"https:\/\/www.ecartelera.com\/personas\/pablo-schreiber\/\" rel=\"nofollow noopener\" target=\"_blank\">Pablo Schreiber<\/a>. Pr\u00f3ximamente, lo tendremos en la serie de Amazon &#8216;<a href=\"https:\/\/www.ecartelera.com\/series\/criminal\/\" rel=\"nofollow noopener\" target=\"_blank\">Criminal<\/a>&#8216; y en la gran pantalla en la nueva pel\u00edcula de <a href=\"https:\/\/www.ecartelera.com\/personas\/jonas-cuaron\/\" rel=\"nofollow noopener\" target=\"_blank\">Jon\u00e1s Cuar\u00f3n<\/a>: &#8216;The Gringo Champion&#8217;.<\/p>\n","protected":false},"excerpt":{"rendered":"&#8216;Spider-Man: Brand New Day&#8216; retomar\u00e1 su producci\u00f3n el 29 de septiembre tras la pausa que provoc\u00f3 el accidente&hellip;\n","protected":false},"author":2,"featured_media":150180,"comment_status":"","ping_status":"","sticky":false,"template":"","format":"standard","meta":{"footnotes":""},"categories":[169],"tags":[1014,1015,1013,177,1011,146,147,25,24,782,176,1019,1016,175,753,1012,23,1017,1018],"class_list":{"0":"post-150179","1":"post","2":"type-post","3":"status-publish","4":"format-standard","5":"has-post-thumbnail","7":"category-cine","8":"tag-actores","9":"tag-actrices","10":"tag-cartelera","11":"tag-cine","12":"tag-ecartelera","13":"tag-entertainment","14":"tag-entretenimiento","15":"tag-es","16":"tag-espana","17":"tag-estrellas","18":"tag-film","19":"tag-fotogramas","20":"tag-fotos","21":"tag-movies","22":"tag-peliculas","23":"tag-pelis","24":"tag-spain","25":"tag-trailers","26":"tag-videos"},"share_on_mastodon":{"url":"","error":""},"_links":{"self":[{"href":"https:\/\/www.europesays.com\/es\/wp-json\/wp\/v2\/posts\/150179","targetHints":{"allow":["GET"]}}],"collection":[{"href":"https:\/\/www.europesays.com\/es\/wp-json\/wp\/v2\/posts"}],"about":[{"href":"https:\/\/www.europesays.com\/es\/wp-json\/wp\/v2\/types\/post"}],"author":[{"embeddable":true,"href":"https:\/\/www.europesays.com\/es\/wp-json\/wp\/v2\/users\/2"}],"replies":[{"embeddable":true,"href":"https:\/\/www.europesays.com\/es\/wp-json\/wp\/v2\/comments?post=150179"}],"version-history":[{"count":0,"href":"https:\/\/www.europesays.com\/es\/wp-json\/wp\/v2\/posts\/150179\/revisions"}],"wp:featuredmedia":[{"embeddable":true,"href":"https:\/\/www.europesays.com\/es\/wp-json\/wp\/v2\/media\/150180"}],"wp:attachment":[{"href":"https:\/\/www.europesays.com\/es\/wp-json\/wp\/v2\/media?parent=150179"}],"wp:term":[{"taxonomy":"category","embeddable":true,"href":"https:\/\/www.europesays.com\/es\/wp-json\/wp\/v2\/categories?post=150179"},{"taxonomy":"post_tag","embeddable":true,"href":"https:\/\/www.europesays.com\/es\/wp-json\/wp\/v2\/tags?post=150179"}],"curies":[{"name":"wp","href":"https:\/\/api.w.org\/{rel}","templated":true}]}}