{"id":150183,"date":"2025-10-01T07:32:07","date_gmt":"2025-10-01T07:32:07","guid":{"rendered":"https:\/\/www.europesays.com\/es\/150183\/"},"modified":"2025-10-01T07:32:07","modified_gmt":"2025-10-01T07:32:07","slug":"3-vestidos-de-punto-boho-tipazo-de-zara-para-looks-de-cena","status":"publish","type":"post","link":"https:\/\/www.europesays.com\/es\/150183\/","title":{"rendered":"3 vestidos de punto &#8216;boho&#8217; tipazo de Zara para looks de cena"},"content":{"rendered":"<p data-journey-content=\"true\" data-node-id=\"0\" class=\"css-6wxqfj emevuu60\">Hola octubre, te saludamos con amor porque luce el sol, que si no, ser\u00eda diferente la cosa. Te saludo con todo el amor que me da pensar en los<strong data-node-id=\"0.1\"><a href=\"https:\/\/www.elle.com\/es\/moda\/noticias\/a68086292\/como-vestir-bien-en-entretiempo-con-basicos-otono-2025\/\" data-vars-ga-outbound-link=\"https:\/\/www.elle.com\/es\/moda\/noticias\/a68086292\/como-vestir-bien-en-entretiempo-con-basicos-otono-2025\/\" data-vars-ga-ux-element=\"Hyperlink\" data-vars-ga-call-to-action=\" looks de entretiempo de oto\u00f1o\" data-node-id=\"0.1.0\" class=\"body-link css-103hk4r emevuu60\" rel=\"nofollow noopener\" target=\"_blank\"> looks de entretiempo de oto\u00f1o<\/a><\/strong>, con esas tendencias nuevas de la temporada, con esos planes ya m\u00e1s metidos en la rutina de la semana y el fin de semana. Por supuesto, los looks de oficina, para estudiar, o para estar con tu familia, y por supuesto, esas<strong data-node-id=\"0.3\"><a href=\"https:\/\/www.elle.com\/es\/moda\/noticias\/a67976018\/como-vestir-bien-para-ir-a-trabajar-y-de-cena-con-amigas\/\" data-vars-ga-outbound-link=\"https:\/\/www.elle.com\/es\/moda\/noticias\/a67976018\/como-vestir-bien-para-ir-a-trabajar-y-de-cena-con-amigas\/\" data-vars-ga-ux-element=\"Hyperlink\" data-vars-ga-call-to-action=\" cenas con amigas\" data-node-id=\"0.3.0\" class=\"body-link css-103hk4r emevuu60\" rel=\"nofollow noopener\" target=\"_blank\"> cenas con amigas<\/a><\/strong> que ya empiezan a ocupar todas las fechas del calendario. Y qu\u00e9 mejor para esas cenas de octubre en las que empezar ya a sacar los looks ideales con vestidos. <\/p>\n<p data-journey-content=\"true\" data-node-id=\"1\" class=\"css-6wxqfj emevuu60\">Y ojo, porque <a href=\"https:\/\/www.elle.com\/es\/zara-mujer-novedades\/\" data-vars-ga-outbound-link=\"https:\/\/www.elle.com\/es\/zara-mujer-novedades\/\" data-vars-ga-ux-element=\"Hyperlink\" data-vars-ga-call-to-action=\"Zara\" data-node-id=\"1.1\" class=\"body-link css-103hk4r emevuu60\" rel=\"nofollow noopener\" target=\"_blank\">Zara<\/a> ha puesto ya a la venta sus habituales vestidos largos de punto de esta \u00e9poca del a\u00f1o, pero traen mejoras. Vaya si estos vestidos son mejores, porque en vez de a\u00f1adir indeseados cent\u00edmetros, <strong data-node-id=\"1.3\">hacen tipazo en todas sus tallas disponibles<\/strong>. En concreto esto<strong data-node-id=\"1.5\">s 3 vestidos largos de punto &#8216;boho&#8217; de Zara est\u00e1n pensados con esp\u00edritu de faja y producci\u00f3n de dise\u00f1o cl\u00e1sico elegante minimal<\/strong>. Parece un sue\u00f1o, pero es una realidad que han logrado en la grande de Inditex.<\/p>\n<p data-journey-content=\"true\" data-node-id=\"2\" class=\"css-6wxqfj emevuu60\">El equipo de dise\u00f1o de Arteixo, sede central de Zara, ha puesto su mirada en uno de los grandes creadores de <strong data-node-id=\"2.1\"><a href=\"https:\/\/www.elle.com\/es\/moda\/noticias\/a67979534\/vestido-punto-tipazo-ideal-entretiempo-springfield\/\" data-vars-ga-outbound-link=\"https:\/\/www.elle.com\/es\/moda\/noticias\/a67979534\/vestido-punto-tipazo-ideal-entretiempo-springfield\/\" data-vars-ga-ux-element=\"Hyperlink\" data-vars-ga-call-to-action=\"punto tipazo \" data-node-id=\"2.1.0\" class=\"body-link css-103hk4r emevuu60\" rel=\"nofollow noopener\" target=\"_blank\">punto tipazo <\/a><\/strong>del mundo de la moda, que es <strong data-node-id=\"2.3\">Herv\u00e9 Leger,<\/strong> pero tambi\u00e9n en las firmas actuales que basan sus propuestas en una mezcla de tejido que moldea el cuerpo. Hablo de <strong data-node-id=\"2.5\">Joseph, Khaite y Tot\u00eame<\/strong>, conocidos por hacer este tipo de vestidos ultra tipazo en la que se a\u00f1aden <strong data-node-id=\"2.7\"><a href=\"https:\/\/www.elle.com\/es\/moda\/noticias\/a68113655\/novedades-zara-tendencias-otono-2025-conjuntos-monocolor-mujer-comodos-baratos\/\" data-vars-ga-outbound-link=\"https:\/\/www.elle.com\/es\/moda\/noticias\/a68113655\/novedades-zara-tendencias-otono-2025-conjuntos-monocolor-mujer-comodos-baratos\/\" data-vars-ga-ux-element=\"Hyperlink\" data-vars-ga-call-to-action=\"detalles de micro tendencia \" data-node-id=\"2.7.0\" class=\"body-link css-103hk4r emevuu60\" rel=\"nofollow noopener\" target=\"_blank\">detalles de micro tendencia <\/a><\/strong>de cada una de las temporadas. <\/p>\n<p>Vestidos largos de punto &#8216;boho&#8217; tipazo de Zara para looks de cena con amigas<\/p>\n<p data-journey-content=\"true\" data-node-id=\"5\" class=\"css-6wxqfj emevuu60\">Zara se ha propuesto que todas podamos llevar estos vestidos de punto en nuestras cenas con amigas y sentirnos absolutamente espectaculares y<strong data-node-id=\"5.1\"> ha creado estos tres dise\u00f1os que son perfectos para llevar en diferentes ocasiones y lugares. <\/strong>Y tambi\u00e9n cambiando detalles y accesorios, ideales para otros momentos y as\u00ed darles mayor rentabilidad. <\/p>\n<p data-journey-content=\"true\" data-node-id=\"6\" class=\"css-6wxqfj emevuu60\">Adem\u00e1s<strong data-node-id=\"6.1\"> son asequibles, 39,95 euros y 29,95 euros. <\/strong><\/p>\n<p>Vestido largo de punto &#8216;boho&#8217; tipazo de Zara combinado azul (39,95\u20ac)<img draggable=\"true\" alt=\"\ufeffvestidos largos de punto 'boho' tipazo de zara para looks de cena con amigas\" title=\"\ufeffVestidos largos de punto 'boho' tipazo de Zara para looks de cena con amigas\" loading=\"lazy\" width=\"1440\" height=\"2160\" decoding=\"async\" data-nimg=\"1\" style=\"color:transparent;width:100%;height:auto;\"   src=\"https:\/\/www.europesays.com\/es\/wp-content\/uploads\/2025\/10\/vestidos-largos-de-punto-boho-tipazo-de-zara-para-looks-de-cena-con-amigas-2-68dbed5fc0fed.jpg\" class=\"css-0 e1g79fud0\"\/><a target=\"_blank\" rel=\"noopener nofollow\" data-theme-key=\"base-link\" href=\"https:\/\/pinterest.com\/pin\/create\/button\/?url=https:\/\/www.elle.com\/es\/moda\/noticias\/a68131085\/vestidos-largos-de-punto-boho-calentitos-de-zara-mujer-tipazo\/&amp;description=- ElleSpain&amp;media=https:\/\/hips.hearstapps.com\/hmg-prod\/images\/vestidos-largos-de-punto-boho-tipazo-de-zara-para-looks-de-cena-con-amigas-2-68dbed5fc0fed.jpg?resize=1600:*\" class=\"pinterest css-on9hn5 e1c1bym14\"><img decoding=\"async\" data-dynamic-svg=\"true\" src=\"https:\/\/www.elle.com\/_assets\/design-tokens\/fre\/static\/icons\/social\/pinterest.e8cf655.svg?primary=%2523ffffff\" loading=\"lazy\" data-testid=\"dynamic-svg-base\" height=\"auto\" width=\"auto\" alt=\"pinterest\" class=\"css-4lml0h e1mlxuuw1\"\/><\/a><\/p>\n<p>Cortes\u00eda de Zara<\/p>\n<p>Zara Vestido de punto<\/p>\n<p><a target=\"_blank\" rel=\"nofollow noopener\" data-theme-key=\"product-image-wrapper\" href=\"https:\/\/www.zara.com\/es\/es\/vestido-combinado-punto-p04192154.html?v1=464738187\" aria-label=\"40\u00a0\u20ac en ZARA for Vestido de punto\" data-href=\"https:\/\/www.zara.com\/es\/es\/vestido-combinado-punto-p04192154.html?v1=464738187\" data-product-url=\"https:\/\/www.zara.com\/es\/es\/vestido-combinado-punto-p04192154.html?v1=464738187\" data-affiliate=\"false\" data-affiliate-network=\"\" data-vars-ga-call-to-action=\"40\u00a0\u20ac en ZARA\" data-vars-ga-media-role=\"\" data-vars-ga-media-type=\"Single Product Embed\" data-vars-ga-outbound-link=\"https:\/\/www.zara.com\/es\/es\/vestido-combinado-punto-p04192154.html?v1=464738187\" data-vars-ga-product-brand=\"Zara\" data-vars-ga-product-id=\"1a2ce5e6-9855-4eee-8f0d-aad3dbcb5ccd\" data-vars-ga-product-price=\"39,95\u00a0\u20ac\" data-vars-ga-product-retailer-id=\"e5b71465-41fe-46ed-9d75-b528a18111b7\" data-vars-ga-product-sem3-brand=\"Zara\" data-vars-ga-link-treatment=\"(not set) | (not set)\" class=\"product-image-link ebgq4gw2 e1b8bpvs0 css-g6od0w e1c1bym14\" data-><img  alt=\"Vestido de punto\" title=\"Vestido de punto\" src=\"https:\/\/www.europesays.com\/es\/wp-content\/uploads\/2025\/10\/1759243871-vestidos-largos-de-punto-boho-tipazo-de-zara-para-looks-de-cena-con-amigas-5-68dbee3ce827.jpeg\" width=\"1440\" height=\"2160\" decoding=\"async\" loading=\"lazy\"\/><\/a>Vestido largo de punto &#8216;boho&#8217; tipazo de Zara con cintur\u00f3n en color gris (39,95\u20ac)<img draggable=\"true\" alt=\"\ufeffvestidos largos de punto 'boho' tipazo de zara para looks de cena con amigas\" title=\"\ufeffVestidos largos de punto 'boho' tipazo de Zara para looks de cena con amigas\" loading=\"lazy\" width=\"1440\" height=\"2160\" decoding=\"async\" data-nimg=\"1\" style=\"color:transparent;width:100%;height:auto;\"   src=\"https:\/\/www.europesays.com\/es\/wp-content\/uploads\/2025\/10\/vestidos-largos-de-punto-boho-tipazo-de-zara-para-looks-de-cena-con-amigas-68dbed6015922.jpg\" class=\"css-0 e1g79fud0\"\/><a target=\"_blank\" rel=\"noopener nofollow\" data-theme-key=\"base-link\" href=\"https:\/\/pinterest.com\/pin\/create\/button\/?url=https:\/\/www.elle.com\/es\/moda\/noticias\/a68131085\/vestidos-largos-de-punto-boho-calentitos-de-zara-mujer-tipazo\/&amp;description=- ElleSpain&amp;media=https:\/\/hips.hearstapps.com\/hmg-prod\/images\/vestidos-largos-de-punto-boho-tipazo-de-zara-para-looks-de-cena-con-amigas-68dbed6015922.jpg?resize=1600:*\" class=\"pinterest css-on9hn5 e1c1bym14\"><img decoding=\"async\" data-dynamic-svg=\"true\" src=\"https:\/\/www.elle.com\/_assets\/design-tokens\/fre\/static\/icons\/social\/pinterest.e8cf655.svg?primary=%2523ffffff\" loading=\"lazy\" data-testid=\"dynamic-svg-base\" height=\"auto\" width=\"auto\" alt=\"pinterest\" class=\"css-4lml0h e1mlxuuw1\"\/><\/a><\/p>\n<p>Cortes\u00eda de Zara<\/p>\n<p>Zara Vestido de punto<\/p>\n<p><a target=\"_blank\" rel=\"nofollow noopener\" data-theme-key=\"product-image-wrapper\" href=\"https:\/\/www.zara.com\/es\/es\/vestido-midi-punto-cinturon-p05536122.html?v1=456950089\" aria-label=\"40\u00a0\u20ac en ZARA for Vestido de punto\" data-href=\"https:\/\/www.zara.com\/es\/es\/vestido-midi-punto-cinturon-p05536122.html?v1=456950089\" data-product-url=\"https:\/\/www.zara.com\/es\/es\/vestido-midi-punto-cinturon-p05536122.html?v1=456950089\" data-affiliate=\"false\" data-affiliate-network=\"\" data-vars-ga-call-to-action=\"40\u00a0\u20ac en ZARA\" data-vars-ga-media-role=\"\" data-vars-ga-media-type=\"Single Product Embed\" data-vars-ga-outbound-link=\"https:\/\/www.zara.com\/es\/es\/vestido-midi-punto-cinturon-p05536122.html?v1=456950089\" data-vars-ga-product-brand=\"Zara\" data-vars-ga-product-id=\"0b5ec89e-01e2-4fee-8676-ffc362c7cfa4\" data-vars-ga-product-price=\"39,95\u00a0\u20ac\" data-vars-ga-product-retailer-id=\"25af5a1a-585e-4083-804c-4c7ee7869a24\" data-vars-ga-product-sem3-brand=\"Zara\" data-vars-ga-link-treatment=\"(not set) | (not set)\" class=\"product-image-link ebgq4gw2 e1b8bpvs0 css-g6od0w e1c1bym14\" data-><img  alt=\"Vestido de punto\" title=\"Vestido de punto\" src=\"https:\/\/www.europesays.com\/es\/wp-content\/uploads\/2025\/10\/1759244002-vestidos-largos-de-punto-boho-tipazo-de-zara-para-looks-de-cena-con-amigas-3-68dbeeb6d08c.jpeg\" width=\"1440\" height=\"2160\" decoding=\"async\" loading=\"lazy\"\/><\/a>Vestido largo de punto &#8216;boho&#8217; tipazo de Zara de manga larga negro (29,95\u20ac)<img draggable=\"true\" alt=\"\ufeffvestidos largos de punto 'boho' tipazo de zara para looks de cena con amigas\" title=\"\ufeffVestidos largos de punto 'boho' tipazo de Zara para looks de cena con amigas\" loading=\"lazy\" width=\"1440\" height=\"2160\" decoding=\"async\" data-nimg=\"1\" style=\"color:transparent;width:100%;height:auto;\"   src=\"https:\/\/www.europesays.com\/es\/wp-content\/uploads\/2025\/10\/vestidos-largos-de-punto-boho-tipazo-de-zara-para-looks-de-cena-con-amigas-1-68dbed601cbc8.jpg\" class=\"css-0 e1g79fud0\"\/><\/p>\n<p>Cortes\u00eda de Zara<\/p>\n<p>Zara Vestido de punto<\/p>\n<p><a target=\"_blank\" rel=\"nofollow noopener\" data-theme-key=\"product-image-wrapper\" href=\"https:\/\/www.zara.com\/es\/es\/vestido-midi-punto-rib-p06216100.html?v1=472151214\" aria-label=\"30\u00a0\u20ac en ZARA for Vestido de punto\" data-href=\"https:\/\/www.zara.com\/es\/es\/vestido-midi-punto-rib-p06216100.html?v1=472151214\" data-product-url=\"https:\/\/www.zara.com\/es\/es\/vestido-midi-punto-rib-p06216100.html?v1=472151214\" data-affiliate=\"false\" data-affiliate-network=\"\" data-vars-ga-call-to-action=\"30\u00a0\u20ac en ZARA\" data-vars-ga-media-role=\"\" data-vars-ga-media-type=\"Single Product Embed\" data-vars-ga-outbound-link=\"https:\/\/www.zara.com\/es\/es\/vestido-midi-punto-rib-p06216100.html?v1=472151214\" data-vars-ga-product-brand=\"Zara\" data-vars-ga-product-id=\"d7dbbf23-9a51-4ef4-804e-aff309d45b1c\" data-vars-ga-product-price=\"29,95\u00a0\u20ac\" data-vars-ga-product-retailer-id=\"6c3c17a0-8540-45c3-88ad-e712d872495d\" data-vars-ga-product-sem3-brand=\"Zara\" data-vars-ga-link-treatment=\"(not set) | (not set)\" class=\"product-image-link ebgq4gw2 e1b8bpvs0 css-g6od0w e1c1bym14\" data-><img  alt=\"Vestido de punto\" title=\"Vestido de punto\" src=\"https:\/\/www.europesays.com\/es\/wp-content\/uploads\/2025\/10\/1759244094-vestidos-largos-de-punto-boho-tipazo-de-zara-para-looks-de-cena-con-amigas-4-68dbef1fe95c.jpeg\" width=\"1440\" height=\"2160\" decoding=\"async\" loading=\"lazy\"\/><\/a><img src=\"https:\/\/www.europesays.com\/es\/wp-content\/uploads\/2025\/10\/d87bcd66-0484-4385-a508-98d9bf758058_1548085786.jpg\" alt=\"Headshot of Paula Llanos\" title=\"Headshot of Paula Llanos\" width=\"100%\" height=\"100%\" decoding=\"async\" loading=\"lazy\" class=\"css-o0wq4v ev8dhu53\"\/><\/p>\n<p>Paula Llanos es Jefa de moda en ELLE.es. Licenciada en Periodismo en la Universidad Pontificia de Salamanca, con experiencia en prensa escrita, radio y televisi\u00f3n pero con total vocaci\u00f3n digital. Desde el a\u00f1o 2000 (18 a\u00f1os) \u00a0en internet, en prensa femenina 13 a\u00f1os y 10 a\u00f1os en Elle.es Adicta a la moda, las compras e Instagram. Experta en crear necesidades e identificar prendas y accesorios con una sola foto y en hacer titulares con juegos de palabras.<\/p>\n","protected":false},"excerpt":{"rendered":"Hola octubre, te saludamos con amor porque luce el sol, que si no, ser\u00eda diferente la cosa. Te&hellip;\n","protected":false},"author":2,"featured_media":150184,"comment_status":"","ping_status":"","sticky":false,"template":"","format":"standard","meta":{"footnotes":""},"categories":[91],"tags":[1655,253,146,147,25,24,23],"class_list":{"0":"post-150183","1":"post","2":"type-post","3":"status-publish","4":"format-standard","5":"has-post-thumbnail","7":"category-entretenimiento","8":"tag-afiliacion","9":"tag-discover","10":"tag-entertainment","11":"tag-entretenimiento","12":"tag-es","13":"tag-espana","14":"tag-spain"},"share_on_mastodon":{"url":"","error":""},"_links":{"self":[{"href":"https:\/\/www.europesays.com\/es\/wp-json\/wp\/v2\/posts\/150183","targetHints":{"allow":["GET"]}}],"collection":[{"href":"https:\/\/www.europesays.com\/es\/wp-json\/wp\/v2\/posts"}],"about":[{"href":"https:\/\/www.europesays.com\/es\/wp-json\/wp\/v2\/types\/post"}],"author":[{"embeddable":true,"href":"https:\/\/www.europesays.com\/es\/wp-json\/wp\/v2\/users\/2"}],"replies":[{"embeddable":true,"href":"https:\/\/www.europesays.com\/es\/wp-json\/wp\/v2\/comments?post=150183"}],"version-history":[{"count":0,"href":"https:\/\/www.europesays.com\/es\/wp-json\/wp\/v2\/posts\/150183\/revisions"}],"wp:featuredmedia":[{"embeddable":true,"href":"https:\/\/www.europesays.com\/es\/wp-json\/wp\/v2\/media\/150184"}],"wp:attachment":[{"href":"https:\/\/www.europesays.com\/es\/wp-json\/wp\/v2\/media?parent=150183"}],"wp:term":[{"taxonomy":"category","embeddable":true,"href":"https:\/\/www.europesays.com\/es\/wp-json\/wp\/v2\/categories?post=150183"},{"taxonomy":"post_tag","embeddable":true,"href":"https:\/\/www.europesays.com\/es\/wp-json\/wp\/v2\/tags?post=150183"}],"curies":[{"name":"wp","href":"https:\/\/api.w.org\/{rel}","templated":true}]}}