{"id":150187,"date":"2025-10-01T07:34:13","date_gmt":"2025-10-01T07:34:13","guid":{"rendered":"https:\/\/www.europesays.com\/es\/150187\/"},"modified":"2025-10-01T07:34:13","modified_gmt":"2025-10-01T07:34:13","slug":"duro-felguera-reduce-a-la-mitad-sus-perdidas-semestrales-hasta-26-millones","status":"publish","type":"post","link":"https:\/\/www.europesays.com\/es\/150187\/","title":{"rendered":"Duro Felguera reduce a la mitad sus p\u00e9rdidas semestrales, hasta 26 millones"},"content":{"rendered":"\n<p class=\"yf-1090901\">La empresa asturiana <a class=\"link \" href=\"https:\/\/www.estrategiasdeinversion.com\/cotizaciones\/indices\/mercado-continuo\/duro-felguera\" rel=\"nofollow noopener\" target=\"_blank\" data-ylk=\"slk:Duro Felguera;elm:context_link;itc:0;sec:content-canvas\">Duro Felguera<\/a> ha comunicado a la Comisi\u00f3n Nacional del Mercado de Valores (CNMV) que durante el primer semestre de este a\u00f1o <strong>registr\u00f3 unas p\u00e9rdidas de 26 millones de euros. Este dato representa una disminuci\u00f3n del 50%<\/strong> en comparaci\u00f3n con los 52,4 millones de euros en n\u00fameros rojos que tuvo en el mismo per\u00edodo del a\u00f1o anterior.<\/p>\n<p class=\"yf-1090901\">La compa\u00f1\u00eda ha ampliado su <strong>preconcurso de acreedores hasta el 20 de octubre<\/strong>, fecha l\u00edmite que venc\u00eda este martes. Esta extensi\u00f3n se ha dado tras presentar a los acreedores su plan de reestructuraci\u00f3n.<\/p>\n<p class=\"yf-1090901\">Recientemente, Duro Felguera anunci\u00f3 un principio de acuerdo con el Fondo de Apoyo a la Solvencia de Empresas Estrat\u00e9gicas (FASEE), gestionado por la Sociedad Estatal de Participaciones Industriales (SEPI), y accionistas de control, como Prodi y Mota-Engil M\u00e9xico. La efectividad de este acuerdo est\u00e1 pendiente de las autorizaciones correspondientes.<\/p>\n<p class=\"yf-1090901\">Durante el primer semestre de este a\u00f1o, la compa\u00f1\u00eda alcanz\u00f3 una cifra de negocio de 116,8 millones de euros, lo que representa una disminuci\u00f3n del 21,9% en comparaci\u00f3n con el a\u00f1o anterior. Esta reducci\u00f3n se debe a la disminuci\u00f3n de las ventas en todas las l\u00edneas de producci\u00f3n.<\/p>\n<p class=\"yf-1090901\">El <strong>resultado de explotaci\u00f3n<\/strong> fue negativo en 9 millones de euros, en contraste con los 36,8 millones de euros negativos del a\u00f1o anterior. Esto se debe a la provisi\u00f3n de costes del Expediente de Regulaci\u00f3n de Empleo (ERE) y a la provisi\u00f3n para riesgos relacionada con el proyecto Aya Gold.<\/p>\n<p class=\"yf-1090901\">En cuanto a la contrataci\u00f3n, esta se situ\u00f3 en 25,6 millones de euros, un 76% menos que en el a\u00f1o anterior. La cartera de contratos en ejecuci\u00f3n a cierre del primer semestre ascend\u00eda a 77,5 millones de euros.<\/p>\n<p class=\"yf-1090901\">La <strong>deuda financiera neta<\/strong> del grupo lleg\u00f3 a 137,4 millones de euros a finales de junio, con una deuda bruta de 157 millones de euros y una tesorer\u00eda de 20 millones de euros. El patrimonio neto era negativo en 289,11 millones de euros y el fondo de maniobra tambi\u00e9n negativo por 221,69 millones de euros. Los flujos de explotaci\u00f3n fueron negativos en 11,89 millones de euros en el primer semestre de este a\u00f1o.<\/p>\n","protected":false},"excerpt":{"rendered":"La empresa asturiana Duro Felguera ha comunicado a la Comisi\u00f3n Nacional del Mercado de Valores (CNMV) que durante&hellip;\n","protected":false},"author":2,"featured_media":150188,"comment_status":"","ping_status":"","sticky":false,"template":"","format":"standard","meta":{"footnotes":""},"categories":[80],"tags":[82,9456,95,94,25,24,17283,96,45685,45686,23],"class_list":{"0":"post-150187","1":"post","2":"type-post","3":"status-publish","4":"format-standard","5":"has-post-thumbnail","7":"category-economia","8":"tag-business","9":"tag-duro-felguera","10":"tag-economia","11":"tag-economy","12":"tag-es","13":"tag-espana","14":"tag-expediente-de-regulacion-de-empleo","15":"tag-millones-de-euros","16":"tag-resultado-de-explotacion","17":"tag-sociedad-estatal-de-participaciones-industriales","18":"tag-spain"},"share_on_mastodon":{"url":"","error":""},"_links":{"self":[{"href":"https:\/\/www.europesays.com\/es\/wp-json\/wp\/v2\/posts\/150187","targetHints":{"allow":["GET"]}}],"collection":[{"href":"https:\/\/www.europesays.com\/es\/wp-json\/wp\/v2\/posts"}],"about":[{"href":"https:\/\/www.europesays.com\/es\/wp-json\/wp\/v2\/types\/post"}],"author":[{"embeddable":true,"href":"https:\/\/www.europesays.com\/es\/wp-json\/wp\/v2\/users\/2"}],"replies":[{"embeddable":true,"href":"https:\/\/www.europesays.com\/es\/wp-json\/wp\/v2\/comments?post=150187"}],"version-history":[{"count":0,"href":"https:\/\/www.europesays.com\/es\/wp-json\/wp\/v2\/posts\/150187\/revisions"}],"wp:featuredmedia":[{"embeddable":true,"href":"https:\/\/www.europesays.com\/es\/wp-json\/wp\/v2\/media\/150188"}],"wp:attachment":[{"href":"https:\/\/www.europesays.com\/es\/wp-json\/wp\/v2\/media?parent=150187"}],"wp:term":[{"taxonomy":"category","embeddable":true,"href":"https:\/\/www.europesays.com\/es\/wp-json\/wp\/v2\/categories?post=150187"},{"taxonomy":"post_tag","embeddable":true,"href":"https:\/\/www.europesays.com\/es\/wp-json\/wp\/v2\/tags?post=150187"}],"curies":[{"name":"wp","href":"https:\/\/api.w.org\/{rel}","templated":true}]}}